{"id":9371,"date":"2026-05-01T13:19:36","date_gmt":"2026-05-01T16:19:36","guid":{"rendered":"https:\/\/centronoticias.com.ar\/portal\/?p=9371"},"modified":"2026-05-01T13:19:37","modified_gmt":"2026-05-01T16:19:37","slug":"hasta-el-15-de-mayo-hay-tiempo-para-inscribirse-a-concursar-por-las-residencias-en-salud-2026-2027","status":"publish","type":"post","link":"https:\/\/centronoticias.com.ar\/portal\/hasta-el-15-de-mayo-hay-tiempo-para-inscribirse-a-concursar-por-las-residencias-en-salud-2026-2027\/","title":{"rendered":"Hasta el 15 de mayo hay tiempo para inscribirse a concursar por las residencias en salud 2026-2027"},"content":{"rendered":"\n<p class=\"has-medium-font-size\"><strong>Del 1 al 15 de mayo, Entre R\u00edos convoca a profesionales que deseen formarse en el sistema p\u00fablico provincial a pre-inscribirse en el concurso de residencias en salud 2026-2027, tanto con perfiles m\u00e9dicos, como de \u00e1reas afines que participan de los equipos de salud.<\/strong><\/p>\n\n\n\n<p class=\"has-medium-font-size\">La coordinadora de Residencias, Daniela Bello, precis\u00f3 que \u00e9stas constituyen uno de los pilares fundamentales para el sostenimiento, fortalecimiento y desarrollo del sistema p\u00fablico de salud. &#8220;Mucho m\u00e1s que una instancia de formaci\u00f3n profesional, representan el espacio donde se forjan especialistas altamente capacitados que garantizan la atenci\u00f3n sanitaria presente y futura de la comunidad&#8221;, grafic\u00f3.<br><br>Por otra parte, Bello indic\u00f3 que en hospitales y centros de salud p\u00fablicos, los residentes cumplen un rol esencial: &#8220;Atienden pacientes, acompa\u00f1an guardias y servicios cr\u00edticos; y participan activamente en la prevenci\u00f3n, diagn\u00f3stico, tratamiento y seguimiento de miles de personas; por lo tanto, su labor cotidiana no solo contribuye al funcionamiento operativo del sistema, sino que adem\u00e1s asegura la renovaci\u00f3n constante del recurso humano especializado, imprescindible para responder a las crecientes demandas sanitarias&#8221;.<br><br>En este sentido, la funcionaria remarc\u00f3 que, como herramienta estrat\u00e9gica para consolidar sistemas de salud m\u00e1s s\u00f3lidos, eficientes y preparados para el futuro, &#8220;las residencias garantizan formaci\u00f3n de excelencia y construyen una medicina p\u00fablica m\u00e1s s\u00f3lida, inclusiva y preparada para los desaf\u00edos de cada \u00e9poca&#8221;.<br><br>Los interesados pueden consultar las especialidades a concursar, las sedes, los requisitos y la documentaci\u00f3n a presentar en la p\u00e1gina web del Ministerio de Salud de Entre R\u00edos, en la siguiente direcci\u00f3n:&nbsp;<a href=\"https:\/\/portal.entrerios.gov.ar\/salud\/pf\/residenciasmedicas\/11311\">https:\/\/portal.entrerios.gov.ar\/salud\/pf\/residenciasmedicas\/11311<\/a>Asimismo, la preinscripci\u00f3n se realiza a trav\u00e9s del enlace&nbsp;<a href=\"http:\/\/entrerios.gov.ar\/salud\/residencias\">http:\/\/entrerios.gov.ar\/salud\/residencias<\/a>.<br><br>Desde la Coordinaci\u00f3n de Residencias M\u00e9dicas del Ministerio de Salud de Entre R\u00edos se precis\u00f3 el cronograma previsto para este a\u00f1o.<br><br>La preinscripci\u00f3n online se encontrar\u00e1 habilitada del 1 al 15 de mayo; mientras que la correcci\u00f3n de carpetas con la documentaci\u00f3n presentada se llevar\u00e1 a cabo del 18 al 28 de este mes. El examen provincial se llevar\u00e1 a cabo el 7 de julio, en el Campus Universitario de Uader, en Paran\u00e1. Por su parte, del 20 al 31 de julio se realizar\u00e1n las entrevistas y adjudicaci\u00f3n.<br><br>El orden de m\u00e9rito definitivo se publicar\u00e1 el 7 de agosto; con fecha de firma de contrato a confirmar. El ingreso a la Residencia est\u00e1 previsto para el 1 de septiembre. Y el concurso para ingresar al sistema de residencias en salud ser\u00e1 de antecedentes y oposici\u00f3n.<br><br>Para consultas, los interesados podr\u00e1n escribir al correo electr\u00f3nico&nbsp;<a href=\"mailto:exameningreso.entrerios@gmail.com\">exameningreso.entrerios@gmail.com<\/a>&nbsp;o comunicarse por v\u00eda telef\u00f3nica a las l\u00edneas &nbsp;0343 4209631 \/ 4219052, en el horario de 8 a 12.<\/p>\n","protected":false},"excerpt":{"rendered":"<p>Del 1 al 15 de mayo, Entre R\u00edos convoca a profesionales que deseen formarse en&#8230;<\/p>\n","protected":false},"author":3,"featured_media":9372,"comment_status":"closed","ping_status":"open","sticky":false,"template":"","format":"standard","meta":{"footnotes":""},"categories":[21],"tags":[],"class_list":["post-9371","post","type-post","status-publish","format-standard","has-post-thumbnail","hentry","category-provinciales"],"featured_image_urls":{"full":["https:\/\/centronoticias.com.ar\/portal\/wp-content\/uploads\/2026\/05\/residencias.jpg",1024,683,false],"thumbnail":["https:\/\/centronoticias.com.ar\/portal\/wp-content\/uploads\/2026\/05\/residencias-150x150.jpg",150,150,true],"medium":["https:\/\/centronoticias.com.ar\/portal\/wp-content\/uploads\/2026\/05\/residencias-300x200.jpg",300,200,true],"medium_large":["https:\/\/centronoticias.com.ar\/portal\/wp-content\/uploads\/2026\/05\/residencias-768x512.jpg",640,427,true],"large":["https:\/\/centronoticias.com.ar\/portal\/wp-content\/uploads\/2026\/05\/residencias.jpg",640,427,false],"1536x1536":["https:\/\/centronoticias.com.ar\/portal\/wp-content\/uploads\/2026\/05\/residencias.jpg",1024,683,false],"2048x2048":["https:\/\/centronoticias.com.ar\/portal\/wp-content\/uploads\/2026\/05\/residencias.jpg",1024,683,false],"covernews-slider-full":["https:\/\/centronoticias.com.ar\/portal\/wp-content\/uploads\/2026\/05\/residencias.jpg",1024,683,false],"covernews-slider-center":["https:\/\/centronoticias.com.ar\/portal\/wp-content\/uploads\/2026\/05\/residencias-800x500.jpg",800,500,true],"covernews-featured":["https:\/\/centronoticias.com.ar\/portal\/wp-content\/uploads\/2026\/05\/residencias.jpg",1024,683,false],"covernews-medium":["https:\/\/centronoticias.com.ar\/portal\/wp-content\/uploads\/2026\/05\/residencias-540x340.jpg",540,340,true],"covernews-medium-square":["https:\/\/centronoticias.com.ar\/portal\/wp-content\/uploads\/2026\/05\/residencias-400x250.jpg",400,250,true]},"author_info":{"info":["Roberto Jourd\u00e1n"]},"category_info":"<a href=\"https:\/\/centronoticias.com.ar\/portal\/category\/provinciales\/\" rel=\"category tag\">Provinciales<\/a>","tag_info":"Provinciales","comment_count":"0","_links":{"self":[{"href":"https:\/\/centronoticias.com.ar\/portal\/wp-json\/wp\/v2\/posts\/9371","targetHints":{"allow":["GET"]}}],"collection":[{"href":"https:\/\/centronoticias.com.ar\/portal\/wp-json\/wp\/v2\/posts"}],"about":[{"href":"https:\/\/centronoticias.com.ar\/portal\/wp-json\/wp\/v2\/types\/post"}],"author":[{"embeddable":true,"href":"https:\/\/centronoticias.com.ar\/portal\/wp-json\/wp\/v2\/users\/3"}],"replies":[{"embeddable":true,"href":"https:\/\/centronoticias.com.ar\/portal\/wp-json\/wp\/v2\/comments?post=9371"}],"version-history":[{"count":1,"href":"https:\/\/centronoticias.com.ar\/portal\/wp-json\/wp\/v2\/posts\/9371\/revisions"}],"predecessor-version":[{"id":9373,"href":"https:\/\/centronoticias.com.ar\/portal\/wp-json\/wp\/v2\/posts\/9371\/revisions\/9373"}],"wp:featuredmedia":[{"embeddable":true,"href":"https:\/\/centronoticias.com.ar\/portal\/wp-json\/wp\/v2\/media\/9372"}],"wp:attachment":[{"href":"https:\/\/centronoticias.com.ar\/portal\/wp-json\/wp\/v2\/media?parent=9371"}],"wp:term":[{"taxonomy":"category","embeddable":true,"href":"https:\/\/centronoticias.com.ar\/portal\/wp-json\/wp\/v2\/categories?post=9371"},{"taxonomy":"post_tag","embeddable":true,"href":"https:\/\/centronoticias.com.ar\/portal\/wp-json\/wp\/v2\/tags?post=9371"}],"curies":[{"name":"wp","href":"https:\/\/api.w.org\/{rel}","templated":true}]}}