{"id":9368,"date":"2026-05-01T13:16:02","date_gmt":"2026-05-01T16:16:02","guid":{"rendered":"https:\/\/centronoticias.com.ar\/portal\/?p=9368"},"modified":"2026-05-01T13:16:03","modified_gmt":"2026-05-01T16:16:03","slug":"mas-de-100-000-libros-se-distribuyen-para-fortalecer-la-alfabetizacion-en-primaria","status":"publish","type":"post","link":"https:\/\/centronoticias.com.ar\/portal\/mas-de-100-000-libros-se-distribuyen-para-fortalecer-la-alfabetizacion-en-primaria\/","title":{"rendered":"M\u00e1s de 100.000 libros se distribuyen para fortalecer la alfabetizaci\u00f3n en primaria"},"content":{"rendered":"\n<p class=\"has-medium-font-size\"><strong>En el marco del Plan Provincial de Alfabetizaci\u00f3n, el Consejo General de Educaci\u00f3n (CGE) distribuye m\u00e1s de 100.000 libros de texto a ni\u00f1os de primero, segundo y tercer grado de escuelas de toda la provincia. El objetivo es consolidar las pr\u00e1cticas de lectura y escritura desde los primeros a\u00f1os.<\/strong><\/p>\n\n\n\n<p class=\"has-medium-font-size\">&#8220;Esta entrega es fundamental ya que brinda herramientas pedag\u00f3gicas actualizadas y de calidad para acompa\u00f1ar el proceso de alfabetizaci\u00f3n de los estudiantes. Estamos contentos de acompa\u00f1ar a las escuelas con recursos concretos que fortalecen la ense\u00f1anza y el aprendizaje en las aulas&#8221;, destac\u00f3 la directora de Educaci\u00f3n Primaria del CGE, M\u00f3nica Schoenfeld.<\/p>\n\n\n\n<p class=\"has-medium-font-size\">Los materiales did\u00e1cticos incluyen textos literarios como las novelas D\u00edas animados y Misterio en el cerro, de Ruth Kaufman. Tambi\u00e9n se entregan antolog\u00edas de cuentos como Ventisquero, de autores argentinos; y Cuentos con sorpresas y picard\u00edas, relatos populares en versiones de Mar\u00eda del Pilar Gaspar.<\/p>\n\n\n\n<p class=\"has-medium-font-size\">Estas propuestas se complementan con actividades de lectura y escritura dise\u00f1adas para acompa\u00f1ar a los docentes en la implementaci\u00f3n de pr\u00e1cticas clave de alfabetizaci\u00f3n en el aula. Las escuelas que se incorporan al plan durante este a\u00f1o reciben material impreso destinado a fortalecer sus bibliotecas escolares.<\/p>\n\n\n\n<p class=\"has-medium-font-size\">Los recursos quedan a disposici\u00f3n de los equipos docentes para su consulta y uso pedag\u00f3gico. Cabe destacar que la totalidad de los libros fue financiada \u00edntegramente por el Estado provincial.<\/p>\n","protected":false},"excerpt":{"rendered":"<p>En el marco del Plan Provincial de Alfabetizaci\u00f3n, el Consejo General de Educaci\u00f3n (CGE) distribuye&#8230;<\/p>\n","protected":false},"author":3,"featured_media":9369,"comment_status":"closed","ping_status":"open","sticky":false,"template":"","format":"standard","meta":{"footnotes":""},"categories":[21],"tags":[],"class_list":["post-9368","post","type-post","status-publish","format-standard","has-post-thumbnail","hentry","category-provinciales"],"featured_image_urls":{"full":["https:\/\/centronoticias.com.ar\/portal\/wp-content\/uploads\/2026\/05\/libros.jpg",1920,1280,false],"thumbnail":["https:\/\/centronoticias.com.ar\/portal\/wp-content\/uploads\/2026\/05\/libros-150x150.jpg",150,150,true],"medium":["https:\/\/centronoticias.com.ar\/portal\/wp-content\/uploads\/2026\/05\/libros-300x200.jpg",300,200,true],"medium_large":["https:\/\/centronoticias.com.ar\/portal\/wp-content\/uploads\/2026\/05\/libros-768x512.jpg",640,427,true],"large":["https:\/\/centronoticias.com.ar\/portal\/wp-content\/uploads\/2026\/05\/libros-1024x683.jpg",640,427,true],"1536x1536":["https:\/\/centronoticias.com.ar\/portal\/wp-content\/uploads\/2026\/05\/libros-1536x1024.jpg",1536,1024,true],"2048x2048":["https:\/\/centronoticias.com.ar\/portal\/wp-content\/uploads\/2026\/05\/libros.jpg",1920,1280,false],"covernews-slider-full":["https:\/\/centronoticias.com.ar\/portal\/wp-content\/uploads\/2026\/05\/libros-1115x715.jpg",1115,715,true],"covernews-slider-center":["https:\/\/centronoticias.com.ar\/portal\/wp-content\/uploads\/2026\/05\/libros-800x500.jpg",800,500,true],"covernews-featured":["https:\/\/centronoticias.com.ar\/portal\/wp-content\/uploads\/2026\/05\/libros-1024x683.jpg",1024,683,true],"covernews-medium":["https:\/\/centronoticias.com.ar\/portal\/wp-content\/uploads\/2026\/05\/libros-540x340.jpg",540,340,true],"covernews-medium-square":["https:\/\/centronoticias.com.ar\/portal\/wp-content\/uploads\/2026\/05\/libros-400x250.jpg",400,250,true]},"author_info":{"info":["Roberto Jourd\u00e1n"]},"category_info":"<a href=\"https:\/\/centronoticias.com.ar\/portal\/category\/provinciales\/\" rel=\"category tag\">Provinciales<\/a>","tag_info":"Provinciales","comment_count":"0","_links":{"self":[{"href":"https:\/\/centronoticias.com.ar\/portal\/wp-json\/wp\/v2\/posts\/9368","targetHints":{"allow":["GET"]}}],"collection":[{"href":"https:\/\/centronoticias.com.ar\/portal\/wp-json\/wp\/v2\/posts"}],"about":[{"href":"https:\/\/centronoticias.com.ar\/portal\/wp-json\/wp\/v2\/types\/post"}],"author":[{"embeddable":true,"href":"https:\/\/centronoticias.com.ar\/portal\/wp-json\/wp\/v2\/users\/3"}],"replies":[{"embeddable":true,"href":"https:\/\/centronoticias.com.ar\/portal\/wp-json\/wp\/v2\/comments?post=9368"}],"version-history":[{"count":1,"href":"https:\/\/centronoticias.com.ar\/portal\/wp-json\/wp\/v2\/posts\/9368\/revisions"}],"predecessor-version":[{"id":9370,"href":"https:\/\/centronoticias.com.ar\/portal\/wp-json\/wp\/v2\/posts\/9368\/revisions\/9370"}],"wp:featuredmedia":[{"embeddable":true,"href":"https:\/\/centronoticias.com.ar\/portal\/wp-json\/wp\/v2\/media\/9369"}],"wp:attachment":[{"href":"https:\/\/centronoticias.com.ar\/portal\/wp-json\/wp\/v2\/media?parent=9368"}],"wp:term":[{"taxonomy":"category","embeddable":true,"href":"https:\/\/centronoticias.com.ar\/portal\/wp-json\/wp\/v2\/categories?post=9368"},{"taxonomy":"post_tag","embeddable":true,"href":"https:\/\/centronoticias.com.ar\/portal\/wp-json\/wp\/v2\/tags?post=9368"}],"curies":[{"name":"wp","href":"https:\/\/api.w.org\/{rel}","templated":true}]}}