{"id":9365,"date":"2026-04-30T21:00:35","date_gmt":"2026-05-01T00:00:35","guid":{"rendered":"https:\/\/centronoticias.com.ar\/portal\/?p=9365"},"modified":"2026-04-30T21:00:36","modified_gmt":"2026-05-01T00:00:36","slug":"cronograma-de-recoleccion-de-residuos-durante-el-fin-de-semana-largo","status":"publish","type":"post","link":"https:\/\/centronoticias.com.ar\/portal\/cronograma-de-recoleccion-de-residuos-durante-el-fin-de-semana-largo\/","title":{"rendered":"Cronograma de recolecci\u00f3n de residuos durante el fin de semana largo"},"content":{"rendered":"\n<p class=\"has-medium-font-size\">La Secretaria de Obras y Servicios P\u00fablicos, a trav\u00e9s del Departamento de Higiene Urbana, informa como ser\u00e1 la recolecci\u00f3n de residuos durante el fin de semana largo por el \u201cDia del Trabajador\u201d.<\/p>\n\n\n\n<p class=\"has-medium-font-size\">&#8220;Apelamos a la colaboraci\u00f3n de los vecinos para mantener limpia la ciudad durante el finde largo&#8221; indicaron desde la municipalidad de San Salvador.<\/p>\n","protected":false},"excerpt":{"rendered":"<p>La Secretaria de Obras y Servicios P\u00fablicos, a trav\u00e9s del Departamento de Higiene Urbana, informa&#8230;<\/p>\n","protected":false},"author":3,"featured_media":9366,"comment_status":"closed","ping_status":"open","sticky":false,"template":"","format":"standard","meta":{"footnotes":""},"categories":[31],"tags":[],"class_list":["post-9365","post","type-post","status-publish","format-standard","has-post-thumbnail","hentry","category-locales"],"featured_image_urls":{"full":["https:\/\/centronoticias.com.ar\/portal\/wp-content\/uploads\/2026\/04\/recoleccion-residuos-30_04.jpeg",1080,1350,false],"thumbnail":["https:\/\/centronoticias.com.ar\/portal\/wp-content\/uploads\/2026\/04\/recoleccion-residuos-30_04-150x150.jpeg",150,150,true],"medium":["https:\/\/centronoticias.com.ar\/portal\/wp-content\/uploads\/2026\/04\/recoleccion-residuos-30_04-240x300.jpeg",240,300,true],"medium_large":["https:\/\/centronoticias.com.ar\/portal\/wp-content\/uploads\/2026\/04\/recoleccion-residuos-30_04-768x960.jpeg",640,800,true],"large":["https:\/\/centronoticias.com.ar\/portal\/wp-content\/uploads\/2026\/04\/recoleccion-residuos-30_04-819x1024.jpeg",640,800,true],"1536x1536":["https:\/\/centronoticias.com.ar\/portal\/wp-content\/uploads\/2026\/04\/recoleccion-residuos-30_04.jpeg",1080,1350,false],"2048x2048":["https:\/\/centronoticias.com.ar\/portal\/wp-content\/uploads\/2026\/04\/recoleccion-residuos-30_04.jpeg",1080,1350,false],"covernews-slider-full":["https:\/\/centronoticias.com.ar\/portal\/wp-content\/uploads\/2026\/04\/recoleccion-residuos-30_04-1080x715.jpeg",1080,715,true],"covernews-slider-center":["https:\/\/centronoticias.com.ar\/portal\/wp-content\/uploads\/2026\/04\/recoleccion-residuos-30_04-800x500.jpeg",800,500,true],"covernews-featured":["https:\/\/centronoticias.com.ar\/portal\/wp-content\/uploads\/2026\/04\/recoleccion-residuos-30_04-1024x1280.jpeg",1024,1280,true],"covernews-medium":["https:\/\/centronoticias.com.ar\/portal\/wp-content\/uploads\/2026\/04\/recoleccion-residuos-30_04-540x340.jpeg",540,340,true],"covernews-medium-square":["https:\/\/centronoticias.com.ar\/portal\/wp-content\/uploads\/2026\/04\/recoleccion-residuos-30_04-400x250.jpeg",400,250,true]},"author_info":{"info":["Roberto Jourd\u00e1n"]},"category_info":"<a href=\"https:\/\/centronoticias.com.ar\/portal\/category\/locales\/\" rel=\"category tag\">San Salvador<\/a>","tag_info":"San Salvador","comment_count":"0","_links":{"self":[{"href":"https:\/\/centronoticias.com.ar\/portal\/wp-json\/wp\/v2\/posts\/9365","targetHints":{"allow":["GET"]}}],"collection":[{"href":"https:\/\/centronoticias.com.ar\/portal\/wp-json\/wp\/v2\/posts"}],"about":[{"href":"https:\/\/centronoticias.com.ar\/portal\/wp-json\/wp\/v2\/types\/post"}],"author":[{"embeddable":true,"href":"https:\/\/centronoticias.com.ar\/portal\/wp-json\/wp\/v2\/users\/3"}],"replies":[{"embeddable":true,"href":"https:\/\/centronoticias.com.ar\/portal\/wp-json\/wp\/v2\/comments?post=9365"}],"version-history":[{"count":1,"href":"https:\/\/centronoticias.com.ar\/portal\/wp-json\/wp\/v2\/posts\/9365\/revisions"}],"predecessor-version":[{"id":9367,"href":"https:\/\/centronoticias.com.ar\/portal\/wp-json\/wp\/v2\/posts\/9365\/revisions\/9367"}],"wp:featuredmedia":[{"embeddable":true,"href":"https:\/\/centronoticias.com.ar\/portal\/wp-json\/wp\/v2\/media\/9366"}],"wp:attachment":[{"href":"https:\/\/centronoticias.com.ar\/portal\/wp-json\/wp\/v2\/media?parent=9365"}],"wp:term":[{"taxonomy":"category","embeddable":true,"href":"https:\/\/centronoticias.com.ar\/portal\/wp-json\/wp\/v2\/categories?post=9365"},{"taxonomy":"post_tag","embeddable":true,"href":"https:\/\/centronoticias.com.ar\/portal\/wp-json\/wp\/v2\/tags?post=9365"}],"curies":[{"name":"wp","href":"https:\/\/api.w.org\/{rel}","templated":true}]}}