{"id":9362,"date":"2026-04-30T20:58:48","date_gmt":"2026-04-30T23:58:48","guid":{"rendered":"https:\/\/centronoticias.com.ar\/portal\/?p=9362"},"modified":"2026-04-30T20:58:49","modified_gmt":"2026-04-30T23:58:49","slug":"san-salvador-alumnas-de-danza-clasica-vivieron-una-jornada-de-formacion-con-una-maestra-del-teatro-colon","status":"publish","type":"post","link":"https:\/\/centronoticias.com.ar\/portal\/san-salvador-alumnas-de-danza-clasica-vivieron-una-jornada-de-formacion-con-una-maestra-del-teatro-colon\/","title":{"rendered":"San Salvador: Alumnas de danza cl\u00e1sica vivieron una jornada de formaci\u00f3n con una maestra del Teatro Col\u00f3n"},"content":{"rendered":"\n<p class=\"has-medium-font-size\">La destacada bailarina Silvina Vaccarelli, integrante del Ballet Estable del Teatro Col\u00f3n, brind\u00f3 una capacitaci\u00f3n intensiva en la Escuela Municipal de Danzas Cl\u00e1sicas. La jornada se centr\u00f3 en la t\u00e9cnica Vaganova y convoc\u00f3 a alumnas de todos los niveles.<\/p>\n\n\n\n<p class=\"has-medium-font-size\">El pasado domingo, nuestra ciudad se convirti\u00f3 en un polo de formaci\u00f3n cultural de primer nivel. Las alumnas de la <strong>Escuela Municipal de Danzas Cl\u00e1sicas<\/strong> tuvieron la oportunidad \u00fanica de participar en una jornada formativa junto a <strong>Silvina Vaccarelli<\/strong>, una de las figuras del <strong>Ballet Estable del Teatro Col\u00f3n<\/strong> y reconocida maestra formadora.<\/p>\n\n\n\n<h4 class=\"wp-block-heading has-medium-font-size\"><strong>Trayectoria y formaci\u00f3n de excelencia<\/strong><\/h4>\n\n\n\n<p class=\"has-medium-font-size\">Vaccarelli, disc\u00edpula de la recordada A\u00edda Amicom, cuenta con una vasta trayectoria en producciones de la talla de <em>Giselle<\/em>, <em>El Cascanueces<\/em> y <em>La Bella Durmiente<\/em>. Como docente en el Estudio Domus, ha formado a numerosas bailarinas que hoy integran el Instituto Superior de Arte del Teatro Col\u00f3n o se desempe\u00f1an profesionalmente en el exterior.<\/p>\n\n\n\n<h4 class=\"wp-block-heading has-medium-font-size\"><strong>El m\u00e9todo Vaganova en San Salvador<\/strong><\/h4>\n\n\n\n<p class=\"has-medium-font-size\">La capacitaci\u00f3n se bas\u00f3 en la metodolog\u00eda de <strong>Agrippina Vaganova<\/strong>, un sistema reconocido mundialmente por integrar la coordinaci\u00f3n, la expresi\u00f3n y la amplitud de movimiento sin perder la pureza t\u00e9cnica del ballet cl\u00e1sico.<\/p>\n\n\n\n<ul class=\"wp-block-list\">\n<li class=\"has-medium-font-size\"><strong>Niveles avanzados:<\/strong> Las alumnas con m\u00e1s experiencia profundizaron en el perfeccionamiento de l\u00edneas y t\u00e9cnica.<\/li>\n\n\n\n<li class=\"has-medium-font-size\"><strong>Niveles iniciales:<\/strong> Las m\u00e1s peque\u00f1as del taller vivieron sus primeros pasos en la disciplina bajo la mirada atenta de una profesional de \u00e9lite.<\/li>\n<\/ul>\n\n\n\n<p class=\"has-medium-font-size\">Esta jornada no solo represent\u00f3 un aprendizaje t\u00e9cnico intenso, sino tambi\u00e9n un momento de disfrute e inspiraci\u00f3n para quienes sue\u00f1an con el mundo de la danza cl\u00e1sica.<\/p>\n","protected":false},"excerpt":{"rendered":"<p>La destacada bailarina Silvina Vaccarelli, integrante del Ballet Estable del Teatro Col\u00f3n, brind\u00f3 una capacitaci\u00f3n&#8230;<\/p>\n","protected":false},"author":3,"featured_media":9363,"comment_status":"closed","ping_status":"open","sticky":false,"template":"","format":"standard","meta":{"footnotes":""},"categories":[15],"tags":[],"class_list":["post-9362","post","type-post","status-publish","format-standard","has-post-thumbnail","hentry","category-cultura-esp"],"featured_image_urls":{"full":["https:\/\/centronoticias.com.ar\/portal\/wp-content\/uploads\/2026\/04\/danza-clasica-vaccarelli.jpeg",1280,960,false],"thumbnail":["https:\/\/centronoticias.com.ar\/portal\/wp-content\/uploads\/2026\/04\/danza-clasica-vaccarelli-150x150.jpeg",150,150,true],"medium":["https:\/\/centronoticias.com.ar\/portal\/wp-content\/uploads\/2026\/04\/danza-clasica-vaccarelli-300x225.jpeg",300,225,true],"medium_large":["https:\/\/centronoticias.com.ar\/portal\/wp-content\/uploads\/2026\/04\/danza-clasica-vaccarelli-768x576.jpeg",640,480,true],"large":["https:\/\/centronoticias.com.ar\/portal\/wp-content\/uploads\/2026\/04\/danza-clasica-vaccarelli-1024x768.jpeg",640,480,true],"1536x1536":["https:\/\/centronoticias.com.ar\/portal\/wp-content\/uploads\/2026\/04\/danza-clasica-vaccarelli.jpeg",1280,960,false],"2048x2048":["https:\/\/centronoticias.com.ar\/portal\/wp-content\/uploads\/2026\/04\/danza-clasica-vaccarelli.jpeg",1280,960,false],"covernews-slider-full":["https:\/\/centronoticias.com.ar\/portal\/wp-content\/uploads\/2026\/04\/danza-clasica-vaccarelli-1115x715.jpeg",1115,715,true],"covernews-slider-center":["https:\/\/centronoticias.com.ar\/portal\/wp-content\/uploads\/2026\/04\/danza-clasica-vaccarelli-800x500.jpeg",800,500,true],"covernews-featured":["https:\/\/centronoticias.com.ar\/portal\/wp-content\/uploads\/2026\/04\/danza-clasica-vaccarelli-1024x768.jpeg",1024,768,true],"covernews-medium":["https:\/\/centronoticias.com.ar\/portal\/wp-content\/uploads\/2026\/04\/danza-clasica-vaccarelli-540x340.jpeg",540,340,true],"covernews-medium-square":["https:\/\/centronoticias.com.ar\/portal\/wp-content\/uploads\/2026\/04\/danza-clasica-vaccarelli-400x250.jpeg",400,250,true]},"author_info":{"info":["Roberto Jourd\u00e1n"]},"category_info":"<a href=\"https:\/\/centronoticias.com.ar\/portal\/category\/cultura-esp\/\" rel=\"category tag\">Cultura<\/a>","tag_info":"Cultura","comment_count":"0","_links":{"self":[{"href":"https:\/\/centronoticias.com.ar\/portal\/wp-json\/wp\/v2\/posts\/9362","targetHints":{"allow":["GET"]}}],"collection":[{"href":"https:\/\/centronoticias.com.ar\/portal\/wp-json\/wp\/v2\/posts"}],"about":[{"href":"https:\/\/centronoticias.com.ar\/portal\/wp-json\/wp\/v2\/types\/post"}],"author":[{"embeddable":true,"href":"https:\/\/centronoticias.com.ar\/portal\/wp-json\/wp\/v2\/users\/3"}],"replies":[{"embeddable":true,"href":"https:\/\/centronoticias.com.ar\/portal\/wp-json\/wp\/v2\/comments?post=9362"}],"version-history":[{"count":1,"href":"https:\/\/centronoticias.com.ar\/portal\/wp-json\/wp\/v2\/posts\/9362\/revisions"}],"predecessor-version":[{"id":9364,"href":"https:\/\/centronoticias.com.ar\/portal\/wp-json\/wp\/v2\/posts\/9362\/revisions\/9364"}],"wp:featuredmedia":[{"embeddable":true,"href":"https:\/\/centronoticias.com.ar\/portal\/wp-json\/wp\/v2\/media\/9363"}],"wp:attachment":[{"href":"https:\/\/centronoticias.com.ar\/portal\/wp-json\/wp\/v2\/media?parent=9362"}],"wp:term":[{"taxonomy":"category","embeddable":true,"href":"https:\/\/centronoticias.com.ar\/portal\/wp-json\/wp\/v2\/categories?post=9362"},{"taxonomy":"post_tag","embeddable":true,"href":"https:\/\/centronoticias.com.ar\/portal\/wp-json\/wp\/v2\/tags?post=9362"}],"curies":[{"name":"wp","href":"https:\/\/api.w.org\/{rel}","templated":true}]}}