{"id":9358,"date":"2026-04-30T20:53:42","date_gmt":"2026-04-30T23:53:42","guid":{"rendered":"https:\/\/centronoticias.com.ar\/portal\/?p=9358"},"modified":"2026-04-30T20:53:43","modified_gmt":"2026-04-30T23:53:43","slug":"semana-de-vacunacion-en-las-americas","status":"publish","type":"post","link":"https:\/\/centronoticias.com.ar\/portal\/semana-de-vacunacion-en-las-americas\/","title":{"rendered":"Semana de Vacunaci\u00f3n en las Am\u00e9ricas"},"content":{"rendered":"\n<p class=\"has-medium-font-size\">En el marco de esta importante iniciativa coordinada por la Organizaci\u00f3n Panamericana de la Salud, el equipo del vacunatorio del Hospital San Miguel, junto al CAP Barrio Lourdes, llev\u00f3 adelante distintas jornadas de vacunaci\u00f3n en barrios de nuestra ciudad.<\/p>\n\n\n\n<figure class=\"wp-block-image size-large\"><a href=\"https:\/\/centronoticias.com.ar\/portal\/wp-content\/uploads\/2026\/04\/vacunas-de-las-americas.jpeg\"><img decoding=\"async\" width=\"818\" height=\"1024\" src=\"https:\/\/centronoticias.com.ar\/portal\/wp-content\/uploads\/2026\/04\/vacunas-de-las-americas-818x1024.jpeg\" alt=\"\" class=\"wp-image-9359\" srcset=\"https:\/\/centronoticias.com.ar\/portal\/wp-content\/uploads\/2026\/04\/vacunas-de-las-americas-818x1024.jpeg 818w, https:\/\/centronoticias.com.ar\/portal\/wp-content\/uploads\/2026\/04\/vacunas-de-las-americas-240x300.jpeg 240w, https:\/\/centronoticias.com.ar\/portal\/wp-content\/uploads\/2026\/04\/vacunas-de-las-americas-768x961.jpeg 768w, https:\/\/centronoticias.com.ar\/portal\/wp-content\/uploads\/2026\/04\/vacunas-de-las-americas.jpeg 1023w\" sizes=\"(max-width: 818px) 100vw, 818px\" \/><\/a><\/figure>\n\n\n\n<p class=\"has-medium-font-size\">Este jueves, las actividades se trasladaron a la Semipeatonal San Mart\u00edn, acercando la salud a la comunidad en un espacio p\u00fablico y de gran circulaci\u00f3n.<\/p>\n\n\n\n<p class=\"has-medium-font-size\">Adem\u00e1s, durante la jornada se realizaron controles de presi\u00f3n arterial, promoviendo el cuidado integral y la prevenci\u00f3n.<\/p>\n\n\n\n<p class=\"has-medium-font-size\">Seguimos acompa\u00f1ando estas acciones que fortalecen el acceso a la salud y el bienestar de nuestros vecinos.<\/p>\n","protected":false},"excerpt":{"rendered":"<p>En el marco de esta importante iniciativa coordinada por la Organizaci\u00f3n Panamericana de la Salud,&#8230;<\/p>\n","protected":false},"author":3,"featured_media":9360,"comment_status":"closed","ping_status":"open","sticky":false,"template":"","format":"standard","meta":{"footnotes":""},"categories":[31],"tags":[],"class_list":["post-9358","post","type-post","status-publish","format-standard","has-post-thumbnail","hentry","category-locales"],"featured_image_urls":{"full":["https:\/\/centronoticias.com.ar\/portal\/wp-content\/uploads\/2026\/04\/vacunacion.jpeg",832,1040,false],"thumbnail":["https:\/\/centronoticias.com.ar\/portal\/wp-content\/uploads\/2026\/04\/vacunacion-150x150.jpeg",150,150,true],"medium":["https:\/\/centronoticias.com.ar\/portal\/wp-content\/uploads\/2026\/04\/vacunacion-240x300.jpeg",240,300,true],"medium_large":["https:\/\/centronoticias.com.ar\/portal\/wp-content\/uploads\/2026\/04\/vacunacion-768x960.jpeg",640,800,true],"large":["https:\/\/centronoticias.com.ar\/portal\/wp-content\/uploads\/2026\/04\/vacunacion-819x1024.jpeg",640,800,true],"1536x1536":["https:\/\/centronoticias.com.ar\/portal\/wp-content\/uploads\/2026\/04\/vacunacion.jpeg",832,1040,false],"2048x2048":["https:\/\/centronoticias.com.ar\/portal\/wp-content\/uploads\/2026\/04\/vacunacion.jpeg",832,1040,false],"covernews-slider-full":["https:\/\/centronoticias.com.ar\/portal\/wp-content\/uploads\/2026\/04\/vacunacion-832x715.jpeg",832,715,true],"covernews-slider-center":["https:\/\/centronoticias.com.ar\/portal\/wp-content\/uploads\/2026\/04\/vacunacion-800x500.jpeg",800,500,true],"covernews-featured":["https:\/\/centronoticias.com.ar\/portal\/wp-content\/uploads\/2026\/04\/vacunacion.jpeg",832,1040,false],"covernews-medium":["https:\/\/centronoticias.com.ar\/portal\/wp-content\/uploads\/2026\/04\/vacunacion-540x340.jpeg",540,340,true],"covernews-medium-square":["https:\/\/centronoticias.com.ar\/portal\/wp-content\/uploads\/2026\/04\/vacunacion-400x250.jpeg",400,250,true]},"author_info":{"info":["Roberto Jourd\u00e1n"]},"category_info":"<a href=\"https:\/\/centronoticias.com.ar\/portal\/category\/locales\/\" rel=\"category tag\">San Salvador<\/a>","tag_info":"San Salvador","comment_count":"0","_links":{"self":[{"href":"https:\/\/centronoticias.com.ar\/portal\/wp-json\/wp\/v2\/posts\/9358","targetHints":{"allow":["GET"]}}],"collection":[{"href":"https:\/\/centronoticias.com.ar\/portal\/wp-json\/wp\/v2\/posts"}],"about":[{"href":"https:\/\/centronoticias.com.ar\/portal\/wp-json\/wp\/v2\/types\/post"}],"author":[{"embeddable":true,"href":"https:\/\/centronoticias.com.ar\/portal\/wp-json\/wp\/v2\/users\/3"}],"replies":[{"embeddable":true,"href":"https:\/\/centronoticias.com.ar\/portal\/wp-json\/wp\/v2\/comments?post=9358"}],"version-history":[{"count":1,"href":"https:\/\/centronoticias.com.ar\/portal\/wp-json\/wp\/v2\/posts\/9358\/revisions"}],"predecessor-version":[{"id":9361,"href":"https:\/\/centronoticias.com.ar\/portal\/wp-json\/wp\/v2\/posts\/9358\/revisions\/9361"}],"wp:featuredmedia":[{"embeddable":true,"href":"https:\/\/centronoticias.com.ar\/portal\/wp-json\/wp\/v2\/media\/9360"}],"wp:attachment":[{"href":"https:\/\/centronoticias.com.ar\/portal\/wp-json\/wp\/v2\/media?parent=9358"}],"wp:term":[{"taxonomy":"category","embeddable":true,"href":"https:\/\/centronoticias.com.ar\/portal\/wp-json\/wp\/v2\/categories?post=9358"},{"taxonomy":"post_tag","embeddable":true,"href":"https:\/\/centronoticias.com.ar\/portal\/wp-json\/wp\/v2\/tags?post=9358"}],"curies":[{"name":"wp","href":"https:\/\/api.w.org\/{rel}","templated":true}]}}