{"id":9349,"date":"2026-04-30T11:04:43","date_gmt":"2026-04-30T14:04:43","guid":{"rendered":"https:\/\/centronoticias.com.ar\/portal\/?p=9349"},"modified":"2026-04-30T11:04:43","modified_gmt":"2026-04-30T14:04:43","slug":"adolescentes-de-san-salvador-debatieron-sobre-amor-romantico-y-violencia-de-genero","status":"publish","type":"post","link":"https:\/\/centronoticias.com.ar\/portal\/adolescentes-de-san-salvador-debatieron-sobre-amor-romantico-y-violencia-de-genero\/","title":{"rendered":"Adolescentes de San Salvador debatieron sobre amor rom\u00e1ntico y violencia de g\u00e9nero"},"content":{"rendered":"\n<p class=\"has-medium-font-size\"><strong>La Direcci\u00f3n de Mujeres llev\u00f3 adelante un taller orientado a promover v\u00ednculos igualitarios y libres de violencia en la localidad de San Salvador. La actividad cont\u00f3 con la participaci\u00f3n de 80 estudiantes de las escuelas N\u00b0 2 Francisco Ram\u00edrez, N\u00b0 4 Bicentenario de la Patria y t\u00e9cnica N\u00b0 45 F\u00e9lix Bourren Meyer.<\/strong><\/p>\n\n\n\n<p class=\"has-medium-font-size\">La propuesta, denominada Amor rom\u00e1ntico, tuvo como eje generar espacios de reflexi\u00f3n sobre las violencias en los noviazgos y los mitos imperantes en la sociedad. El objetivo es promover la construcci\u00f3n de v\u00ednculos aut\u00f3nomos, en el marco de la ley nacional 26.485 y la ley provincial 10.956 de protecci\u00f3n integral a las mujeres.<\/p>\n\n\n\n<p class=\"has-medium-font-size\"><strong>Reflexi\u00f3n y prevenci\u00f3n<\/strong><\/p>\n\n\n\n<p class=\"has-medium-font-size\">Durante el encuentro se trabaj\u00f3 sobre c\u00f3mo los mandatos afectivos pueden naturalizar situaciones de violencia. &#8220;El contexto actual nos interpela a cuestionar y reconfigurar los roles, y a repensar las formas de establecer v\u00ednculos entre adolescentes sin idealizaciones&#8221;, explicaron desde la Direcci\u00f3n de Mujeres, dependiente del Ministerio de Desarrollo Humano.<\/p>\n\n\n\n<p class=\"has-medium-font-size\">A trav\u00e9s de din\u00e1micas grupales, j\u00f3venes de entre 15 y 18 a\u00f1os analizaron las distintas manifestaciones de la violencia de g\u00e9nero y la importancia de detectar se\u00f1ales de alerta de manera temprana. Estas instancias de formaci\u00f3n buscan brindar herramientas pr\u00e1cticas para que los estudiantes puedan experimentar relaciones basadas en el respeto y la igualdad.<\/p>\n\n\n\n<p class=\"has-medium-font-size\"><strong>Pol\u00edticas de cuidado<\/strong><\/p>\n\n\n\n<p class=\"has-medium-font-size\">La iniciativa forma parte de un ciclo de talleres que la provincia desarrolla en diferentes departamentos para abordar problem\u00e1ticas sociales desde una perspectiva preventiva. La articulaci\u00f3n con las instituciones educativas permite que las pol\u00edticas de cuidado lleguen directamente al territorio y fortalezcan el acompa\u00f1amiento de las juventudes.<\/p>\n","protected":false},"excerpt":{"rendered":"<p>La Direcci\u00f3n de Mujeres llev\u00f3 adelante un taller orientado a promover v\u00ednculos igualitarios y libres&#8230;<\/p>\n","protected":false},"author":3,"featured_media":9350,"comment_status":"closed","ping_status":"open","sticky":false,"template":"","format":"standard","meta":{"footnotes":""},"categories":[21],"tags":[],"class_list":["post-9349","post","type-post","status-publish","format-standard","has-post-thumbnail","hentry","category-provinciales"],"featured_image_urls":{"full":["https:\/\/centronoticias.com.ar\/portal\/wp-content\/uploads\/2026\/04\/encuentro-de-adolescentes.jpg",1024,683,false],"thumbnail":["https:\/\/centronoticias.com.ar\/portal\/wp-content\/uploads\/2026\/04\/encuentro-de-adolescentes-150x150.jpg",150,150,true],"medium":["https:\/\/centronoticias.com.ar\/portal\/wp-content\/uploads\/2026\/04\/encuentro-de-adolescentes-300x200.jpg",300,200,true],"medium_large":["https:\/\/centronoticias.com.ar\/portal\/wp-content\/uploads\/2026\/04\/encuentro-de-adolescentes-768x512.jpg",640,427,true],"large":["https:\/\/centronoticias.com.ar\/portal\/wp-content\/uploads\/2026\/04\/encuentro-de-adolescentes.jpg",640,427,false],"1536x1536":["https:\/\/centronoticias.com.ar\/portal\/wp-content\/uploads\/2026\/04\/encuentro-de-adolescentes.jpg",1024,683,false],"2048x2048":["https:\/\/centronoticias.com.ar\/portal\/wp-content\/uploads\/2026\/04\/encuentro-de-adolescentes.jpg",1024,683,false],"covernews-slider-full":["https:\/\/centronoticias.com.ar\/portal\/wp-content\/uploads\/2026\/04\/encuentro-de-adolescentes.jpg",1024,683,false],"covernews-slider-center":["https:\/\/centronoticias.com.ar\/portal\/wp-content\/uploads\/2026\/04\/encuentro-de-adolescentes-800x500.jpg",800,500,true],"covernews-featured":["https:\/\/centronoticias.com.ar\/portal\/wp-content\/uploads\/2026\/04\/encuentro-de-adolescentes.jpg",1024,683,false],"covernews-medium":["https:\/\/centronoticias.com.ar\/portal\/wp-content\/uploads\/2026\/04\/encuentro-de-adolescentes-540x340.jpg",540,340,true],"covernews-medium-square":["https:\/\/centronoticias.com.ar\/portal\/wp-content\/uploads\/2026\/04\/encuentro-de-adolescentes-400x250.jpg",400,250,true]},"author_info":{"info":["Roberto Jourd\u00e1n"]},"category_info":"<a href=\"https:\/\/centronoticias.com.ar\/portal\/category\/provinciales\/\" rel=\"category tag\">Provinciales<\/a>","tag_info":"Provinciales","comment_count":"0","_links":{"self":[{"href":"https:\/\/centronoticias.com.ar\/portal\/wp-json\/wp\/v2\/posts\/9349","targetHints":{"allow":["GET"]}}],"collection":[{"href":"https:\/\/centronoticias.com.ar\/portal\/wp-json\/wp\/v2\/posts"}],"about":[{"href":"https:\/\/centronoticias.com.ar\/portal\/wp-json\/wp\/v2\/types\/post"}],"author":[{"embeddable":true,"href":"https:\/\/centronoticias.com.ar\/portal\/wp-json\/wp\/v2\/users\/3"}],"replies":[{"embeddable":true,"href":"https:\/\/centronoticias.com.ar\/portal\/wp-json\/wp\/v2\/comments?post=9349"}],"version-history":[{"count":1,"href":"https:\/\/centronoticias.com.ar\/portal\/wp-json\/wp\/v2\/posts\/9349\/revisions"}],"predecessor-version":[{"id":9351,"href":"https:\/\/centronoticias.com.ar\/portal\/wp-json\/wp\/v2\/posts\/9349\/revisions\/9351"}],"wp:featuredmedia":[{"embeddable":true,"href":"https:\/\/centronoticias.com.ar\/portal\/wp-json\/wp\/v2\/media\/9350"}],"wp:attachment":[{"href":"https:\/\/centronoticias.com.ar\/portal\/wp-json\/wp\/v2\/media?parent=9349"}],"wp:term":[{"taxonomy":"category","embeddable":true,"href":"https:\/\/centronoticias.com.ar\/portal\/wp-json\/wp\/v2\/categories?post=9349"},{"taxonomy":"post_tag","embeddable":true,"href":"https:\/\/centronoticias.com.ar\/portal\/wp-json\/wp\/v2\/tags?post=9349"}],"curies":[{"name":"wp","href":"https:\/\/api.w.org\/{rel}","templated":true}]}}