{"id":9345,"date":"2026-04-30T08:33:28","date_gmt":"2026-04-30T11:33:28","guid":{"rendered":"https:\/\/centronoticias.com.ar\/portal\/?p=9345"},"modified":"2026-04-30T08:33:28","modified_gmt":"2026-04-30T11:33:28","slug":"cruces-y-polemica-en-el-concejo-se-aprobo-la-modificacion-del-fondo-de-promocion-social","status":"publish","type":"post","link":"https:\/\/centronoticias.com.ar\/portal\/cruces-y-polemica-en-el-concejo-se-aprobo-la-modificacion-del-fondo-de-promocion-social\/","title":{"rendered":"Cruces y pol\u00e9mica en el Concejo: se aprob\u00f3 la modificaci\u00f3n del Fondo de Promoci\u00f3n Social"},"content":{"rendered":"\n<p class=\"has-medium-font-size\">En una votaci\u00f3n dividida, el oficialismo y el vecinalismo impusieron su mayor\u00eda para reducir la base de aportes al fondo. Mientras la oposici\u00f3n denunci\u00f3 un &#8220;ajuste&#8221; que impactar\u00e1 en las instituciones, el gobierno local argument\u00f3 que la medida busca garantizar la prestaci\u00f3n de servicios y dar mayor agilidad al uso de los recursos.<\/p>\n\n\n\n<p class=\"has-medium-font-size\">La tercera sesi\u00f3n ordinaria del a\u00f1o quedar\u00e1 grabada como una de las m\u00e1s calientes en lo que va del per\u00edodo legislativo. El centro de la disputa fue el proyecto enviado por el Ejecutivo para modificar la conformaci\u00f3n del <strong>Fondo de Promoci\u00f3n Social (Ordenanza 814\/05)<\/strong>.<\/p>\n\n\n\n<h4 class=\"wp-block-heading has-medium-font-size\"><strong>Historia de un fondo en reducci\u00f3n<\/strong><\/h4>\n\n\n\n<p class=\"has-medium-font-size\">Desde su creaci\u00f3n, este fondo ha experimentado sucesivas disminuciones en su porcentaje de recaudaci\u00f3n:<\/p>\n\n\n\n<ul class=\"wp-block-list\">\n<li class=\"has-medium-font-size\"><strong>2005:<\/strong> Se inici\u00f3 con el <strong>13%<\/strong> de lo recaudado por la Tasa por Servicios Sanitarios y la Tasa de Inspecci\u00f3n Sanitaria, Higiene y Profilaxis (Comercio).<\/li>\n\n\n\n<li class=\"has-medium-font-size\"><strong>2008:<\/strong> El Concejo redujo el aporte al <strong>7%<\/strong>.<\/li>\n\n\n\n<li class=\"has-medium-font-size\"><strong>2012:<\/strong> Se estableci\u00f3 una nueva baja, dej\u00e1ndolo en el <strong>4%<\/strong> de ambas tasas.<\/li>\n\n\n\n<li class=\"has-medium-font-size\"><strong>Actualidad (2026):<\/strong> La modificaci\u00f3n aprobada elimina el aporte proveniente de la Tasa por Servicios Sanitarios, dejando el fondo compuesto \u00fanicamente por el <strong>4% de la Tasa de Inspecci\u00f3n Sanitaria, Higiene y Profilaxis<\/strong>.<\/li>\n<\/ul>\n\n\n\n<h4 class=\"wp-block-heading has-medium-font-size\"><strong>Votaci\u00f3n y argumentos enfrentados<\/strong><\/h4>\n\n\n\n<p class=\"has-medium-font-size\">Tras un largo debate con declaraciones cruzadas, la ordenanza se aprob\u00f3 por mayor\u00eda con <strong>8 votos a favor<\/strong> (seis de Juntos por Entre R\u00edos y dos del Vecinalismo) contra <strong>3 votos en contra<\/strong> del bloque del Partido Justicialista.<\/p>\n\n\n\n<blockquote class=\"wp-block-quote is-layout-flow wp-block-quote-is-layout-flow\">\n<p class=\"has-medium-font-size\"><strong>La visi\u00f3n de la Oposici\u00f3n:<\/strong> Para los concejales del PJ, la medida no es un simple cambio de n\u00fameros, sino un &#8220;ajuste&#8221; directo que afectar\u00e1 la capacidad de asistencia a las instituciones locales. &#8220;Es una decisi\u00f3n que va a afectar directamente a las instituciones&#8221;, se\u00f1alaron durante el debate.<\/p>\n\n\n\n<p class=\"has-medium-font-size\"><strong>La defensa del Oficialismo:<\/strong> Los concejales oficialistas sostuvieron que esta quita es necesaria para &#8220;garantizar la normal prestaci\u00f3n de los servicios municipales&#8221; ante el contexto actual. Adem\u00e1s, aclararon que el Fondo de Asistencia a la Comunidad no corre peligro, ya que lo que se reduce es un excedente que antes quedaba inmovilizado hasta fin de a\u00f1o; con este cambio, ese dinero podr\u00e1 utilizarse mensualmente si fuera necesario.<\/p>\n<\/blockquote>\n\n\n\n<h4 class=\"wp-block-heading has-medium-font-size\"><strong>Tensi\u00f3n en el recinto<\/strong><\/h4>\n\n\n\n<p class=\"has-medium-font-size\">El cierre de la sesi\u00f3n no fue m\u00e1s tranquilo. Ante las constantes acusaciones y algunos incumplimientos del protocolo \u2014como la lectura de discursos\u2014, la presidente del cuerpo, Silvia Casse, fue tajante al pedirle a los ediles que &#8220;por favor lean el reglamento&#8221;, tras reiterados llamados de atenci\u00f3n por salirse de las reglas de debate.<\/p>\n","protected":false},"excerpt":{"rendered":"<p>En una votaci\u00f3n dividida, el oficialismo y el vecinalismo impusieron su mayor\u00eda para reducir la&#8230;<\/p>\n","protected":false},"author":3,"featured_media":9347,"comment_status":"closed","ping_status":"open","sticky":false,"template":"","format":"standard","meta":{"footnotes":""},"categories":[21],"tags":[],"class_list":["post-9345","post","type-post","status-publish","format-standard","has-post-thumbnail","hentry","category-provinciales"],"featured_image_urls":{"full":["https:\/\/centronoticias.com.ar\/portal\/wp-content\/uploads\/2026\/04\/concejo-29_04.jpeg",1600,900,false],"thumbnail":["https:\/\/centronoticias.com.ar\/portal\/wp-content\/uploads\/2026\/04\/concejo-29_04-150x150.jpeg",150,150,true],"medium":["https:\/\/centronoticias.com.ar\/portal\/wp-content\/uploads\/2026\/04\/concejo-29_04-300x169.jpeg",300,169,true],"medium_large":["https:\/\/centronoticias.com.ar\/portal\/wp-content\/uploads\/2026\/04\/concejo-29_04-768x432.jpeg",640,360,true],"large":["https:\/\/centronoticias.com.ar\/portal\/wp-content\/uploads\/2026\/04\/concejo-29_04-1024x576.jpeg",640,360,true],"1536x1536":["https:\/\/centronoticias.com.ar\/portal\/wp-content\/uploads\/2026\/04\/concejo-29_04-1536x864.jpeg",1536,864,true],"2048x2048":["https:\/\/centronoticias.com.ar\/portal\/wp-content\/uploads\/2026\/04\/concejo-29_04.jpeg",1600,900,false],"covernews-slider-full":["https:\/\/centronoticias.com.ar\/portal\/wp-content\/uploads\/2026\/04\/concejo-29_04-1115x715.jpeg",1115,715,true],"covernews-slider-center":["https:\/\/centronoticias.com.ar\/portal\/wp-content\/uploads\/2026\/04\/concejo-29_04-800x500.jpeg",800,500,true],"covernews-featured":["https:\/\/centronoticias.com.ar\/portal\/wp-content\/uploads\/2026\/04\/concejo-29_04-1024x576.jpeg",1024,576,true],"covernews-medium":["https:\/\/centronoticias.com.ar\/portal\/wp-content\/uploads\/2026\/04\/concejo-29_04-540x340.jpeg",540,340,true],"covernews-medium-square":["https:\/\/centronoticias.com.ar\/portal\/wp-content\/uploads\/2026\/04\/concejo-29_04-400x250.jpeg",400,250,true]},"author_info":{"info":["Roberto Jourd\u00e1n"]},"category_info":"<a href=\"https:\/\/centronoticias.com.ar\/portal\/category\/provinciales\/\" rel=\"category tag\">Provinciales<\/a>","tag_info":"Provinciales","comment_count":"0","_links":{"self":[{"href":"https:\/\/centronoticias.com.ar\/portal\/wp-json\/wp\/v2\/posts\/9345","targetHints":{"allow":["GET"]}}],"collection":[{"href":"https:\/\/centronoticias.com.ar\/portal\/wp-json\/wp\/v2\/posts"}],"about":[{"href":"https:\/\/centronoticias.com.ar\/portal\/wp-json\/wp\/v2\/types\/post"}],"author":[{"embeddable":true,"href":"https:\/\/centronoticias.com.ar\/portal\/wp-json\/wp\/v2\/users\/3"}],"replies":[{"embeddable":true,"href":"https:\/\/centronoticias.com.ar\/portal\/wp-json\/wp\/v2\/comments?post=9345"}],"version-history":[{"count":2,"href":"https:\/\/centronoticias.com.ar\/portal\/wp-json\/wp\/v2\/posts\/9345\/revisions"}],"predecessor-version":[{"id":9348,"href":"https:\/\/centronoticias.com.ar\/portal\/wp-json\/wp\/v2\/posts\/9345\/revisions\/9348"}],"wp:featuredmedia":[{"embeddable":true,"href":"https:\/\/centronoticias.com.ar\/portal\/wp-json\/wp\/v2\/media\/9347"}],"wp:attachment":[{"href":"https:\/\/centronoticias.com.ar\/portal\/wp-json\/wp\/v2\/media?parent=9345"}],"wp:term":[{"taxonomy":"category","embeddable":true,"href":"https:\/\/centronoticias.com.ar\/portal\/wp-json\/wp\/v2\/categories?post=9345"},{"taxonomy":"post_tag","embeddable":true,"href":"https:\/\/centronoticias.com.ar\/portal\/wp-json\/wp\/v2\/tags?post=9345"}],"curies":[{"name":"wp","href":"https:\/\/api.w.org\/{rel}","templated":true}]}}