{"id":9342,"date":"2026-04-29T12:28:13","date_gmt":"2026-04-29T15:28:13","guid":{"rendered":"https:\/\/centronoticias.com.ar\/portal\/?p=9342"},"modified":"2026-04-29T12:28:14","modified_gmt":"2026-04-29T15:28:14","slug":"presentaron-la-xviii-fiesta-nacional-del-arroz","status":"publish","type":"post","link":"https:\/\/centronoticias.com.ar\/portal\/presentaron-la-xviii-fiesta-nacional-del-arroz\/","title":{"rendered":"Presentaron la XVIII Fiesta Nacional del Arroz"},"content":{"rendered":"\n<p class=\"has-medium-font-size\">En la ma\u00f1ana de este mi\u00e9rcoles, en la Cooperativa Arrocera San Salvador, se realiz\u00f3 la presentaci\u00f3n oficial de la XVIII Fiesta Nacional del Arroz, que se llevar\u00e1 a cabo los d\u00edas 6, 7 y 8 de noviembre.<\/p>\n\n\n\n<p class=\"has-medium-font-size\">Estuvieron presentes H\u00e9ctor Noriega, presidente de la Cooperativa Arrocera de San Salvador; Jorge Zamb\u00f3n, presidente municipal; Luciano Challio, presidente de la Comisi\u00f3n Organizadora; y Marcelo Espinosa, coordinador log\u00edstico de la Fiesta; adem\u00e1s de autoridades locales y de la comisi\u00f3n organizadora, trabajadores de la Cooperativa Arrocera y medios de comunicaci\u00f3n.<\/p>\n\n\n\n<p class=\"has-medium-font-size\">Se dieron a conocer los principales lineamientos de esta nueva edici\u00f3n, que incluir\u00e1 la expo-agro industrial a cielo abierto m\u00e1s importante de la provincia con entrada libre y gratuita, tal como lo confirm\u00f3 el intendente.<br>Tambi\u00e9n habr\u00e1 diferentes espacios productivos, con la novedad de vi\u00f1edos regionales, entre otros.<\/p>\n\n\n\n<p class=\"has-medium-font-size\">El Presidente Municipal, adelant\u00f3 que se est\u00e1 trabajando en un combo de entradas anticipadas que incluye las tres noches, pensado exclusivamente para los vecinos de nuestra ciudad.<\/p>\n\n\n\n<p class=\"has-medium-font-size\">Se presentaron los artistas que nos estar\u00e1n acompa\u00f1ando las tres jornadas. Ellos son:<\/p>\n\n\n\n<ul class=\"wp-block-list\">\n<li class=\"has-medium-font-size\">D\u00fao Caminos<\/li>\n\n\n\n<li class=\"has-medium-font-size\">Pasi\u00f3n Campera<\/li>\n\n\n\n<li class=\"has-medium-font-size\">Electric Saudi<\/li>\n\n\n\n<li class=\"has-medium-font-size\">El Patr\u00f3n del Chamam\u00e9<\/li>\n\n\n\n<li class=\"has-medium-font-size\">Moncho Gamarra<\/li>\n\n\n\n<li class=\"has-medium-font-size\">El Brujo Ezequiel<\/li>\n\n\n\n<li class=\"has-medium-font-size\">La Konga<\/li>\n\n\n\n<li class=\"has-medium-font-size\">El Cuartetazo<\/li>\n\n\n\n<li class=\"has-medium-font-size\">Picaflor Bailantero<\/li>\n\n\n\n<li class=\"has-medium-font-size\">Los Majestuosos del Chamam\u00e9<\/li>\n<\/ul>\n\n\n\n<p class=\"has-medium-font-size\">Una vez m\u00e1s, San Salvador se prepara para celebrar su identidad, su producci\u00f3n y el trabajo de su gente.<\/p>\n","protected":false},"excerpt":{"rendered":"<p>En la ma\u00f1ana de este mi\u00e9rcoles, en la Cooperativa Arrocera San Salvador, se realiz\u00f3 la&#8230;<\/p>\n","protected":false},"author":3,"featured_media":9343,"comment_status":"closed","ping_status":"open","sticky":false,"template":"","format":"standard","meta":{"footnotes":""},"categories":[15,31],"tags":[],"class_list":["post-9342","post","type-post","status-publish","format-standard","has-post-thumbnail","hentry","category-cultura-esp","category-locales"],"featured_image_urls":{"full":["https:\/\/centronoticias.com.ar\/portal\/wp-content\/uploads\/2026\/04\/Presentan-FNA.jpeg",1280,854,false],"thumbnail":["https:\/\/centronoticias.com.ar\/portal\/wp-content\/uploads\/2026\/04\/Presentan-FNA-150x150.jpeg",150,150,true],"medium":["https:\/\/centronoticias.com.ar\/portal\/wp-content\/uploads\/2026\/04\/Presentan-FNA-300x200.jpeg",300,200,true],"medium_large":["https:\/\/centronoticias.com.ar\/portal\/wp-content\/uploads\/2026\/04\/Presentan-FNA-768x512.jpeg",640,427,true],"large":["https:\/\/centronoticias.com.ar\/portal\/wp-content\/uploads\/2026\/04\/Presentan-FNA-1024x683.jpeg",640,427,true],"1536x1536":["https:\/\/centronoticias.com.ar\/portal\/wp-content\/uploads\/2026\/04\/Presentan-FNA.jpeg",1280,854,false],"2048x2048":["https:\/\/centronoticias.com.ar\/portal\/wp-content\/uploads\/2026\/04\/Presentan-FNA.jpeg",1280,854,false],"covernews-slider-full":["https:\/\/centronoticias.com.ar\/portal\/wp-content\/uploads\/2026\/04\/Presentan-FNA-1115x715.jpeg",1115,715,true],"covernews-slider-center":["https:\/\/centronoticias.com.ar\/portal\/wp-content\/uploads\/2026\/04\/Presentan-FNA-800x500.jpeg",800,500,true],"covernews-featured":["https:\/\/centronoticias.com.ar\/portal\/wp-content\/uploads\/2026\/04\/Presentan-FNA-1024x683.jpeg",1024,683,true],"covernews-medium":["https:\/\/centronoticias.com.ar\/portal\/wp-content\/uploads\/2026\/04\/Presentan-FNA-540x340.jpeg",540,340,true],"covernews-medium-square":["https:\/\/centronoticias.com.ar\/portal\/wp-content\/uploads\/2026\/04\/Presentan-FNA-400x250.jpeg",400,250,true]},"author_info":{"info":["Roberto Jourd\u00e1n"]},"category_info":"<a href=\"https:\/\/centronoticias.com.ar\/portal\/category\/cultura-esp\/\" rel=\"category tag\">Cultura<\/a> <a href=\"https:\/\/centronoticias.com.ar\/portal\/category\/locales\/\" rel=\"category tag\">San Salvador<\/a>","tag_info":"San Salvador","comment_count":"0","_links":{"self":[{"href":"https:\/\/centronoticias.com.ar\/portal\/wp-json\/wp\/v2\/posts\/9342","targetHints":{"allow":["GET"]}}],"collection":[{"href":"https:\/\/centronoticias.com.ar\/portal\/wp-json\/wp\/v2\/posts"}],"about":[{"href":"https:\/\/centronoticias.com.ar\/portal\/wp-json\/wp\/v2\/types\/post"}],"author":[{"embeddable":true,"href":"https:\/\/centronoticias.com.ar\/portal\/wp-json\/wp\/v2\/users\/3"}],"replies":[{"embeddable":true,"href":"https:\/\/centronoticias.com.ar\/portal\/wp-json\/wp\/v2\/comments?post=9342"}],"version-history":[{"count":1,"href":"https:\/\/centronoticias.com.ar\/portal\/wp-json\/wp\/v2\/posts\/9342\/revisions"}],"predecessor-version":[{"id":9344,"href":"https:\/\/centronoticias.com.ar\/portal\/wp-json\/wp\/v2\/posts\/9342\/revisions\/9344"}],"wp:featuredmedia":[{"embeddable":true,"href":"https:\/\/centronoticias.com.ar\/portal\/wp-json\/wp\/v2\/media\/9343"}],"wp:attachment":[{"href":"https:\/\/centronoticias.com.ar\/portal\/wp-json\/wp\/v2\/media?parent=9342"}],"wp:term":[{"taxonomy":"category","embeddable":true,"href":"https:\/\/centronoticias.com.ar\/portal\/wp-json\/wp\/v2\/categories?post=9342"},{"taxonomy":"post_tag","embeddable":true,"href":"https:\/\/centronoticias.com.ar\/portal\/wp-json\/wp\/v2\/tags?post=9342"}],"curies":[{"name":"wp","href":"https:\/\/api.w.org\/{rel}","templated":true}]}}