{"id":9334,"date":"2026-04-29T08:55:50","date_gmt":"2026-04-29T11:55:50","guid":{"rendered":"https:\/\/centronoticias.com.ar\/portal\/?p=9334"},"modified":"2026-04-29T12:21:12","modified_gmt":"2026-04-29T15:21:12","slug":"sansalvadorenos-participaron-del-half-triatlon-por-postas-en-las-canas-uruguay","status":"publish","type":"post","link":"https:\/\/centronoticias.com.ar\/portal\/sansalvadorenos-participaron-del-half-triatlon-por-postas-en-las-canas-uruguay\/","title":{"rendered":"Sansalvadore\u00f1os participaron del Half Triatl\u00f3n por Postas en Las Ca\u00f1as, Uruguay"},"content":{"rendered":"\n<p class=\"has-medium-font-size\">El domingo <strong>26 de abril de 2026<\/strong>, los atletas de <strong>San Salvador<\/strong>, Eduardo Torres, Sandra Escudero y Rub\u00e9n Suares, participaron del <strong>Half Triatl\u00f3n Las Ca\u00f1as<\/strong>, desarrollado en el balneario <strong>Las Ca\u00f1as<\/strong>, departamento de <strong>R\u00edo Negro<\/strong>, en la <strong>Rep\u00fablica Oriental del Uruguay<\/strong>, competencia de car\u00e1cter internacional que reuni\u00f3 a deportistas de Argentina y Uruguay. <br><br>La prueba se disput\u00f3 bajo el exigente formato <strong>Half<\/strong>, con un recorrido total de <strong>1,9 km de nataci\u00f3n, 90 km de ciclismo y 21 km de pedestrismo<\/strong>, y se llev\u00f3 adelante en modalidad <strong>postas<\/strong>, conformadas por equipos de tres atletas, promoviendo el trabajo en equipo, la estrategia y la resistencia f\u00edsica.<\/p>\n\n\n\n<p class=\"has-medium-font-size\"><strong>Resultados \u2013 Modalidad Postas<\/strong><\/p>\n\n\n\n<p class=\"has-medium-font-size\">En la clasificaci\u00f3n general de postas, los equipos integrados por atletas de San Salvador obtuvieron los siguientes resultados oficiales:<\/p>\n\n\n\n<p class=\"has-medium-font-size\"><strong>1\u00ba puesto \u2013 Posta Equipo: \u201cWilly\u201d<\/strong><br><strong>Tiempo total: 4:42:20<\/strong><br>Integrantes:<br>Eduardo Torres (San Salvador) &#8211; Nataci\u00f3n<br>William Ferreira (Uruguay) &#8211; Ciclismo<br>\u00c1lvaro Pereira (Uruguay) &#8211; Running<br><strong>2\u00ba puesto \u2013 Posta Equipo: \u201cDommi\u201d<\/strong><br><strong>Tiempo total: 5:08:04<\/strong><br>Integrantes:<br>Emilia Koster (Uruguay) Nataci\u00f3n<br>Juan Arg\u00fcello&nbsp; (Uruguay) Ciclismo<br>Henry Duffaut (Uruguay) Running<br><strong>3\u00ba puesto \u2013 Posta \u201cRichard\u201d<\/strong><br><strong>Tiempo total: 5:34:34<\/strong><br>Integrantes:<br>Bruno Morotti (Uruguay) &#8211; Nataci\u00f3n<br>Richard Lemos Carro (San Salvador) &#8211; Ciclismo<br>Rub\u00e9n \u201cBarranca\u201d Su\u00e1res (San Salvador) &#8211; Running<br><strong>4\u00ba puesto \u2013 Posta \u201cSan Salvador\u201d<\/strong><br><strong>Tiempo total: 6:32:43<\/strong><br>Integrantes:<br>Eduardo Torres &#8211; Nataci\u00f3n<br>Melina Schoenfeld &#8211; Ciclismo<br>Sandra Escudero &#8211; Running<br>(San Salvador)<\/p>\n","protected":false},"excerpt":{"rendered":"<p>El domingo 26 de abril de 2026, los atletas de San Salvador, Eduardo Torres, Sandra&#8230;<\/p>\n","protected":false},"author":3,"featured_media":9335,"comment_status":"closed","ping_status":"open","sticky":false,"template":"","format":"standard","meta":{"footnotes":""},"categories":[6],"tags":[],"class_list":["post-9334","post","type-post","status-publish","format-standard","has-post-thumbnail","hentry","category-dep-0"],"featured_image_urls":{"full":["https:\/\/centronoticias.com.ar\/portal\/wp-content\/uploads\/2026\/04\/Torres-Escudero-Suarez.jpg",1024,469,false],"thumbnail":["https:\/\/centronoticias.com.ar\/portal\/wp-content\/uploads\/2026\/04\/Torres-Escudero-Suarez-150x150.jpg",150,150,true],"medium":["https:\/\/centronoticias.com.ar\/portal\/wp-content\/uploads\/2026\/04\/Torres-Escudero-Suarez-300x137.jpg",300,137,true],"medium_large":["https:\/\/centronoticias.com.ar\/portal\/wp-content\/uploads\/2026\/04\/Torres-Escudero-Suarez-768x352.jpg",640,293,true],"large":["https:\/\/centronoticias.com.ar\/portal\/wp-content\/uploads\/2026\/04\/Torres-Escudero-Suarez.jpg",640,293,false],"1536x1536":["https:\/\/centronoticias.com.ar\/portal\/wp-content\/uploads\/2026\/04\/Torres-Escudero-Suarez.jpg",1024,469,false],"2048x2048":["https:\/\/centronoticias.com.ar\/portal\/wp-content\/uploads\/2026\/04\/Torres-Escudero-Suarez.jpg",1024,469,false],"covernews-slider-full":["https:\/\/centronoticias.com.ar\/portal\/wp-content\/uploads\/2026\/04\/Torres-Escudero-Suarez.jpg",1024,469,false],"covernews-slider-center":["https:\/\/centronoticias.com.ar\/portal\/wp-content\/uploads\/2026\/04\/Torres-Escudero-Suarez-800x469.jpg",800,469,true],"covernews-featured":["https:\/\/centronoticias.com.ar\/portal\/wp-content\/uploads\/2026\/04\/Torres-Escudero-Suarez.jpg",1024,469,false],"covernews-medium":["https:\/\/centronoticias.com.ar\/portal\/wp-content\/uploads\/2026\/04\/Torres-Escudero-Suarez-540x340.jpg",540,340,true],"covernews-medium-square":["https:\/\/centronoticias.com.ar\/portal\/wp-content\/uploads\/2026\/04\/Torres-Escudero-Suarez-400x250.jpg",400,250,true]},"author_info":{"info":["Roberto Jourd\u00e1n"]},"category_info":"<a href=\"https:\/\/centronoticias.com.ar\/portal\/category\/dep-0\/\" rel=\"category tag\">Deportes<\/a>","tag_info":"Deportes","comment_count":"0","_links":{"self":[{"href":"https:\/\/centronoticias.com.ar\/portal\/wp-json\/wp\/v2\/posts\/9334","targetHints":{"allow":["GET"]}}],"collection":[{"href":"https:\/\/centronoticias.com.ar\/portal\/wp-json\/wp\/v2\/posts"}],"about":[{"href":"https:\/\/centronoticias.com.ar\/portal\/wp-json\/wp\/v2\/types\/post"}],"author":[{"embeddable":true,"href":"https:\/\/centronoticias.com.ar\/portal\/wp-json\/wp\/v2\/users\/3"}],"replies":[{"embeddable":true,"href":"https:\/\/centronoticias.com.ar\/portal\/wp-json\/wp\/v2\/comments?post=9334"}],"version-history":[{"count":3,"href":"https:\/\/centronoticias.com.ar\/portal\/wp-json\/wp\/v2\/posts\/9334\/revisions"}],"predecessor-version":[{"id":9341,"href":"https:\/\/centronoticias.com.ar\/portal\/wp-json\/wp\/v2\/posts\/9334\/revisions\/9341"}],"wp:featuredmedia":[{"embeddable":true,"href":"https:\/\/centronoticias.com.ar\/portal\/wp-json\/wp\/v2\/media\/9335"}],"wp:attachment":[{"href":"https:\/\/centronoticias.com.ar\/portal\/wp-json\/wp\/v2\/media?parent=9334"}],"wp:term":[{"taxonomy":"category","embeddable":true,"href":"https:\/\/centronoticias.com.ar\/portal\/wp-json\/wp\/v2\/categories?post=9334"},{"taxonomy":"post_tag","embeddable":true,"href":"https:\/\/centronoticias.com.ar\/portal\/wp-json\/wp\/v2\/tags?post=9334"}],"curies":[{"name":"wp","href":"https:\/\/api.w.org\/{rel}","templated":true}]}}