{"id":9329,"date":"2026-04-28T20:22:32","date_gmt":"2026-04-28T23:22:32","guid":{"rendered":"https:\/\/centronoticias.com.ar\/portal\/?p=9329"},"modified":"2026-04-28T20:22:33","modified_gmt":"2026-04-28T23:22:33","slug":"frigerio-analizo-en-gabinete-la-marcha-del-plan-vial-provincial","status":"publish","type":"post","link":"https:\/\/centronoticias.com.ar\/portal\/frigerio-analizo-en-gabinete-la-marcha-del-plan-vial-provincial\/","title":{"rendered":"Frigerio analiz\u00f3 en gabinete la marcha del plan vial provincial"},"content":{"rendered":"\n<p class=\"has-medium-font-size\"><strong>El gobernador Rogelio Frigerio encabez\u00f3 este martes una nueva reuni\u00f3n de gabinete, donde se abord\u00f3 el ambicioso plan de obras viales en marcha en la provincia y el avance en la renovaci\u00f3n de equipamiento para Vialidad provincial.<\/strong><\/p>\n\n\n\n<p class=\"has-medium-font-size\">Tras el encuentro en Casa de Gobierno, el director provincial de Vialidad, Exequiel Donda, detall\u00f3 las tareas que est\u00e1n en marcha, entre ellas el inicio el pr\u00f3ximo lunes de trabajos en la ruta 20, entre ruta 18 y la escuela El Peric\u00f3n; diversas tareas de bacheo; y los \u00faltimos pasos para el llamado a licitaci\u00f3n de 17 obras de arte, alcantarillas o calzadas sumergibles, en distintos lugares de la provincia.<\/p>\n\n\n\n<p class=\"has-medium-font-size\">En ese marco, para mejorar la eficiencia operativa, inform\u00f3 que realizar\u00e1 una importante inversi\u00f3n en la compra de maquinaria pesada, camiones y sistemas modernos de gesti\u00f3n de combustible. Estas adquisiciones buscan modernizar un parque automotor con d\u00e9cadas de antig\u00fcedad, reduciendo as\u00ed los tiempos perdidos por reparaciones constantes.&nbsp;<\/p>\n\n\n\n<p class=\"has-medium-font-size\">Sobre las obras en rutas, Donda adelant\u00f3 que est\u00e1 pr\u00f3ximo a iniciarse el Grupo 2 de bacheo, tras la firma del convenio respectivo; y mencion\u00f3 que se est\u00e1 trabajando en una urgencia en la ruta 11, desde donde el frente de obra se trasladar\u00e1 a Islas del Ibicuy y que, tambi\u00e9n hay otro frente de obra en la ruta 51.&nbsp;<\/p>\n\n\n\n<p class=\"has-medium-font-size\">En cuanto a la nueva maquinaria a incorporar, indic\u00f3 que habr\u00e1 una primera compra de &#8220;tres motoniveladoras, tres vibrocompactadores, tres camiones regadores, m\u00e1s dos retrogr\u00faas&#8221;, cuyos sobres se abrir\u00e1n este lunes. Destac\u00f3 que se trata de &#8220;un esfuerzo de Vialidad con fondos propios, de ahorros que hemos ido haciendo&#8221;.<\/p>\n\n\n\n<p class=\"has-medium-font-size\">Tambi\u00e9n se\u00f1al\u00f3 que est\u00e1 en tr\u00e1mite la licitaci\u00f3n para otra compra de equipamiento, que incluir\u00e1 &#8220;18 motoniveladoras m\u00e1s, una retropala y una cargadora&#8221;, as\u00ed como &#8220;otro proceso para adquirir cuatro nuevos camiones volcadores y carretones para poder movilizar las m\u00e1quinas&#8221;.<\/p>\n\n\n\n<p class=\"has-medium-font-size\">Por otro lado, est\u00e1 tramit\u00e1ndose la compra de &#8220;sistemas de combustible, para algunas zonales que les est\u00e1n quedando lejos las YPF. Vamos a hacer que el combustible llegue a la zonal con un sistema de acopio homologado y con medidores de expendio&#8221;, dijo.<\/p>\n\n\n\n<p class=\"has-medium-font-size\">A la vez, est\u00e1 en proceso la compra de 20 batanes, que son tanques cisterna remolcables homologados, para que las zonales &#8220;puedan mover con mayor seguridad y de manera m\u00e1s limpia y trasladar el combustible mucho mejor&#8221;.<\/p>\n\n\n\n<p class=\"has-medium-font-size\">&#8220;Hablamos de una compra de equipamiento con una importante inversi\u00f3n&#8221;, subray\u00f3 y agreg\u00f3 que se trata de &#8220;un equipamiento absolutamente necesario, imprescindible, ya que tenemos un promedio de edad en las maquinarias de m\u00e1s de 30 a\u00f1os. Esto repercute en la eficiencia, en m\u00e1s horas de trabajo; y menos de mantenimiento y de rotura de m\u00e1quinas&#8221;, apunt\u00f3.<\/p>\n\n\n\n<p class=\"has-medium-font-size\">Por \u00faltimo, se\u00f1al\u00f3 que se est\u00e1 avanzando en la descentralizaci\u00f3n administrativa mediante convenios con gobiernos locales para optimizar el mantenimiento de la extensa red de caminos provinciales. &#8220;Est\u00e1n pr\u00f3ximos a firmarse los primeros convenios con los gobiernos locales, que son alrededor de 2.000 kil\u00f3metros; y hay m\u00e1s de 1.000 ya en consorcio. Creemos que este a\u00f1o tenemos que llegar a los 4.000 o 5.000 kil\u00f3metros&#8221;, concluy\u00f3.<\/p>\n","protected":false},"excerpt":{"rendered":"<p>El gobernador Rogelio Frigerio encabez\u00f3 este martes una nueva reuni\u00f3n de gabinete, donde se abord\u00f3&#8230;<\/p>\n","protected":false},"author":3,"featured_media":9330,"comment_status":"closed","ping_status":"open","sticky":false,"template":"","format":"standard","meta":{"footnotes":""},"categories":[21],"tags":[],"class_list":["post-9329","post","type-post","status-publish","format-standard","has-post-thumbnail","hentry","category-provinciales"],"featured_image_urls":{"full":["https:\/\/centronoticias.com.ar\/portal\/wp-content\/uploads\/2026\/04\/Gabinete-28_04.jpg",1024,683,false],"thumbnail":["https:\/\/centronoticias.com.ar\/portal\/wp-content\/uploads\/2026\/04\/Gabinete-28_04-150x150.jpg",150,150,true],"medium":["https:\/\/centronoticias.com.ar\/portal\/wp-content\/uploads\/2026\/04\/Gabinete-28_04-300x200.jpg",300,200,true],"medium_large":["https:\/\/centronoticias.com.ar\/portal\/wp-content\/uploads\/2026\/04\/Gabinete-28_04-768x512.jpg",640,427,true],"large":["https:\/\/centronoticias.com.ar\/portal\/wp-content\/uploads\/2026\/04\/Gabinete-28_04.jpg",640,427,false],"1536x1536":["https:\/\/centronoticias.com.ar\/portal\/wp-content\/uploads\/2026\/04\/Gabinete-28_04.jpg",1024,683,false],"2048x2048":["https:\/\/centronoticias.com.ar\/portal\/wp-content\/uploads\/2026\/04\/Gabinete-28_04.jpg",1024,683,false],"covernews-slider-full":["https:\/\/centronoticias.com.ar\/portal\/wp-content\/uploads\/2026\/04\/Gabinete-28_04.jpg",1024,683,false],"covernews-slider-center":["https:\/\/centronoticias.com.ar\/portal\/wp-content\/uploads\/2026\/04\/Gabinete-28_04-800x500.jpg",800,500,true],"covernews-featured":["https:\/\/centronoticias.com.ar\/portal\/wp-content\/uploads\/2026\/04\/Gabinete-28_04.jpg",1024,683,false],"covernews-medium":["https:\/\/centronoticias.com.ar\/portal\/wp-content\/uploads\/2026\/04\/Gabinete-28_04-540x340.jpg",540,340,true],"covernews-medium-square":["https:\/\/centronoticias.com.ar\/portal\/wp-content\/uploads\/2026\/04\/Gabinete-28_04-400x250.jpg",400,250,true]},"author_info":{"info":["Roberto Jourd\u00e1n"]},"category_info":"<a href=\"https:\/\/centronoticias.com.ar\/portal\/category\/provinciales\/\" rel=\"category tag\">Provinciales<\/a>","tag_info":"Provinciales","comment_count":"0","_links":{"self":[{"href":"https:\/\/centronoticias.com.ar\/portal\/wp-json\/wp\/v2\/posts\/9329","targetHints":{"allow":["GET"]}}],"collection":[{"href":"https:\/\/centronoticias.com.ar\/portal\/wp-json\/wp\/v2\/posts"}],"about":[{"href":"https:\/\/centronoticias.com.ar\/portal\/wp-json\/wp\/v2\/types\/post"}],"author":[{"embeddable":true,"href":"https:\/\/centronoticias.com.ar\/portal\/wp-json\/wp\/v2\/users\/3"}],"replies":[{"embeddable":true,"href":"https:\/\/centronoticias.com.ar\/portal\/wp-json\/wp\/v2\/comments?post=9329"}],"version-history":[{"count":1,"href":"https:\/\/centronoticias.com.ar\/portal\/wp-json\/wp\/v2\/posts\/9329\/revisions"}],"predecessor-version":[{"id":9331,"href":"https:\/\/centronoticias.com.ar\/portal\/wp-json\/wp\/v2\/posts\/9329\/revisions\/9331"}],"wp:featuredmedia":[{"embeddable":true,"href":"https:\/\/centronoticias.com.ar\/portal\/wp-json\/wp\/v2\/media\/9330"}],"wp:attachment":[{"href":"https:\/\/centronoticias.com.ar\/portal\/wp-json\/wp\/v2\/media?parent=9329"}],"wp:term":[{"taxonomy":"category","embeddable":true,"href":"https:\/\/centronoticias.com.ar\/portal\/wp-json\/wp\/v2\/categories?post=9329"},{"taxonomy":"post_tag","embeddable":true,"href":"https:\/\/centronoticias.com.ar\/portal\/wp-json\/wp\/v2\/tags?post=9329"}],"curies":[{"name":"wp","href":"https:\/\/api.w.org\/{rel}","templated":true}]}}