{"id":9327,"date":"2026-04-28T12:50:41","date_gmt":"2026-04-28T15:50:41","guid":{"rendered":"https:\/\/centronoticias.com.ar\/portal\/?p=9327"},"modified":"2026-04-28T12:50:41","modified_gmt":"2026-04-28T15:50:41","slug":"el-concejo-deliberante-sesiona-este-miercoles-acuerdo-salarial-y-modernizacion-comercial-en-el-centro-del-debate","status":"publish","type":"post","link":"https:\/\/centronoticias.com.ar\/portal\/el-concejo-deliberante-sesiona-este-miercoles-acuerdo-salarial-y-modernizacion-comercial-en-el-centro-del-debate\/","title":{"rendered":"El Concejo Deliberante sesiona este mi\u00e9rcoles: acuerdo salarial y modernizaci\u00f3n comercial en el centro del debate"},"content":{"rendered":"\n<p class=\"has-medium-font-size\">Este mi\u00e9rcoles 29 de abril, a partir de las 20:00 horas, el cuerpo legislativo llevar\u00e1 adelante la tercera sesi\u00f3n ordinaria del a\u00f1o. Entre los temas m\u00e1s destacados se encuentran la ratificaci\u00f3n del acuerdo salarial con los empleados municipales, un proyecto para regular &#8220;Decks Gastron\u00f3micos&#8221; y pedidos de informe del bloque opositor sobre la Ley Micaela y becas deportivas.<\/p>\n\n\n\n<p class=\"has-medium-font-size\">El Concejo Deliberante de San Salvador fue convocado para este mi\u00e9rcoles a su tercera Sesi\u00f3n Ordinaria del per\u00edodo 2026. En la Sala de Reuniones &#8220;General Don Jos\u00e9 Francisco de San Mart\u00edn&#8221;, los concejales abordar\u00e1n un extenso Orden del D\u00eda que combina gestiones del Ejecutivo, nuevos proyectos de ordenanza y el trabajo de las distintas comisiones.<\/p>\n\n\n\n<h4 class=\"wp-block-heading has-medium-font-size\"><strong>Acuerdo salarial y apoyo a instituciones<\/strong><\/h4>\n\n\n\n<p class=\"has-medium-font-size\">Uno de los puntos clave ser\u00e1 la ratificaci\u00f3n del <strong>Decreto N\u00ba 104\/26<\/strong>, que formaliza el <strong>acuerdo salarial alcanzado con el Sindicato de Obreros y Empleados Municipales (SOEM)<\/strong>. Asimismo, el Ejecutivo eleva para su tratamiento aportes no reintegrables destinados a instituciones fundamentales de la ciudad: el Cuerpo de Bomberos Voluntarios y la Cooperadora de la Escuela Privada N\u00ba 113 \u201cSan Jos\u00e9\u201d.<\/p>\n\n\n\n<h4 class=\"wp-block-heading has-medium-font-size\"><strong>Modernizaci\u00f3n y nuevos espacios p\u00fablicos<\/strong><\/h4>\n\n\n\n<p class=\"has-medium-font-size\">Desde el bloque de &#8220;Juntos por San Salvador&#8221; ingresar\u00e1n dos proyectos que buscan dinamizar la actividad local:<\/p>\n\n\n\n<ul class=\"wp-block-list\">\n<li class=\"has-medium-font-size\"><strong>Decks Gastron\u00f3micos:<\/strong> Una iniciativa de las concejales Graciela y Silvina Blanc para regular el uso de espacios p\u00fablicos con fines gastron\u00f3micos.<\/li>\n\n\n\n<li class=\"has-medium-font-size\"><strong>Habilitaciones Comerciales:<\/strong> Un proyecto para modernizar el r\u00e9gimen de habilitaci\u00f3n de actividades comerciales, industriales y de servicios, impulsado por Silvia Casse y Mario Torrez.<\/li>\n<\/ul>\n\n\n\n<h4 class=\"wp-block-heading has-medium-font-size\"><strong>Pedidos de Informe de la Oposici\u00f3n<\/strong><\/h4>\n\n\n\n<p class=\"has-medium-font-size\">Por su parte, el bloque del <strong>Partido Justicialista<\/strong> presentar\u00e1 pedidos de informe y proyectos de comunicaci\u00f3n, entre los que se destacan:<\/p>\n\n\n\n<ul class=\"wp-block-list\">\n<li class=\"has-medium-font-size\">Solicitud de informaci\u00f3n sobre la reglamentaci\u00f3n y aplicaci\u00f3n de la <strong>Ley Micaela<\/strong> en el \u00e1mbito municipal.<\/li>\n\n\n\n<li class=\"has-medium-font-size\">Informe sobre el estado de las <strong>Becas Deportivas<\/strong>.<\/li>\n\n\n\n<li class=\"has-medium-font-size\">Proyecto para la <strong>continuidad de avenidas<\/strong> y la declaraci\u00f3n de inter\u00e9s cultural para la presentaci\u00f3n de un libro sobre memoria y dictadura.<\/li>\n<\/ul>\n\n\n\n<h4 class=\"wp-block-heading has-medium-font-size\"><strong>Gesti\u00f3n y Comisiones<\/strong><\/h4>\n\n\n\n<p class=\"has-medium-font-size\">El orden del d\u00eda tambi\u00e9n incluye convenios de software para la administraci\u00f3n del Cementerio Municipal y la adecuaci\u00f3n de sistemas para ejecuciones presupuestarias. En cuanto a los despachos de comisi\u00f3n, se espera la aprobaci\u00f3n de la donaci\u00f3n de un lote destinado a calle p\u00fablica y la modificaci\u00f3n del &#8220;Fondo de Promoci\u00f3n Social&#8221;.<\/p>\n","protected":false},"excerpt":{"rendered":"<p>Este mi\u00e9rcoles 29 de abril, a partir de las 20:00 horas, el cuerpo legislativo llevar\u00e1&#8230;<\/p>\n","protected":false},"author":3,"featured_media":7954,"comment_status":"closed","ping_status":"open","sticky":false,"template":"","format":"standard","meta":{"footnotes":""},"categories":[1],"tags":[],"class_list":["post-9327","post","type-post","status-publish","format-standard","has-post-thumbnail","hentry","category-politica"],"featured_image_urls":{"full":["https:\/\/centronoticias.com.ar\/portal\/wp-content\/uploads\/2026\/02\/Concejo-12_02.jpg",1280,854,false],"thumbnail":["https:\/\/centronoticias.com.ar\/portal\/wp-content\/uploads\/2026\/02\/Concejo-12_02-150x150.jpg",150,150,true],"medium":["https:\/\/centronoticias.com.ar\/portal\/wp-content\/uploads\/2026\/02\/Concejo-12_02-300x200.jpg",300,200,true],"medium_large":["https:\/\/centronoticias.com.ar\/portal\/wp-content\/uploads\/2026\/02\/Concejo-12_02-768x512.jpg",640,427,true],"large":["https:\/\/centronoticias.com.ar\/portal\/wp-content\/uploads\/2026\/02\/Concejo-12_02-1024x683.jpg",640,427,true],"1536x1536":["https:\/\/centronoticias.com.ar\/portal\/wp-content\/uploads\/2026\/02\/Concejo-12_02.jpg",1280,854,false],"2048x2048":["https:\/\/centronoticias.com.ar\/portal\/wp-content\/uploads\/2026\/02\/Concejo-12_02.jpg",1280,854,false],"covernews-slider-full":["https:\/\/centronoticias.com.ar\/portal\/wp-content\/uploads\/2026\/02\/Concejo-12_02-1115x715.jpg",1115,715,true],"covernews-slider-center":["https:\/\/centronoticias.com.ar\/portal\/wp-content\/uploads\/2026\/02\/Concejo-12_02-800x500.jpg",800,500,true],"covernews-featured":["https:\/\/centronoticias.com.ar\/portal\/wp-content\/uploads\/2026\/02\/Concejo-12_02-1024x683.jpg",1024,683,true],"covernews-medium":["https:\/\/centronoticias.com.ar\/portal\/wp-content\/uploads\/2026\/02\/Concejo-12_02-540x340.jpg",540,340,true],"covernews-medium-square":["https:\/\/centronoticias.com.ar\/portal\/wp-content\/uploads\/2026\/02\/Concejo-12_02-400x250.jpg",400,250,true]},"author_info":{"info":["Roberto Jourd\u00e1n"]},"category_info":"<a href=\"https:\/\/centronoticias.com.ar\/portal\/category\/politica\/\" rel=\"category tag\">Pol\u00edtica<\/a>","tag_info":"Pol\u00edtica","comment_count":"0","_links":{"self":[{"href":"https:\/\/centronoticias.com.ar\/portal\/wp-json\/wp\/v2\/posts\/9327","targetHints":{"allow":["GET"]}}],"collection":[{"href":"https:\/\/centronoticias.com.ar\/portal\/wp-json\/wp\/v2\/posts"}],"about":[{"href":"https:\/\/centronoticias.com.ar\/portal\/wp-json\/wp\/v2\/types\/post"}],"author":[{"embeddable":true,"href":"https:\/\/centronoticias.com.ar\/portal\/wp-json\/wp\/v2\/users\/3"}],"replies":[{"embeddable":true,"href":"https:\/\/centronoticias.com.ar\/portal\/wp-json\/wp\/v2\/comments?post=9327"}],"version-history":[{"count":1,"href":"https:\/\/centronoticias.com.ar\/portal\/wp-json\/wp\/v2\/posts\/9327\/revisions"}],"predecessor-version":[{"id":9328,"href":"https:\/\/centronoticias.com.ar\/portal\/wp-json\/wp\/v2\/posts\/9327\/revisions\/9328"}],"wp:featuredmedia":[{"embeddable":true,"href":"https:\/\/centronoticias.com.ar\/portal\/wp-json\/wp\/v2\/media\/7954"}],"wp:attachment":[{"href":"https:\/\/centronoticias.com.ar\/portal\/wp-json\/wp\/v2\/media?parent=9327"}],"wp:term":[{"taxonomy":"category","embeddable":true,"href":"https:\/\/centronoticias.com.ar\/portal\/wp-json\/wp\/v2\/categories?post=9327"},{"taxonomy":"post_tag","embeddable":true,"href":"https:\/\/centronoticias.com.ar\/portal\/wp-json\/wp\/v2\/tags?post=9327"}],"curies":[{"name":"wp","href":"https:\/\/api.w.org\/{rel}","templated":true}]}}