{"id":9319,"date":"2026-04-28T09:43:56","date_gmt":"2026-04-28T12:43:56","guid":{"rendered":"https:\/\/centronoticias.com.ar\/portal\/?p=9319"},"modified":"2026-04-28T09:43:57","modified_gmt":"2026-04-28T12:43:57","slug":"fin-de-semana-de-puro-padel-en-san-salvador-todos-los-ganadores-del-torneo","status":"publish","type":"post","link":"https:\/\/centronoticias.com.ar\/portal\/fin-de-semana-de-puro-padel-en-san-salvador-todos-los-ganadores-del-torneo\/","title":{"rendered":"Fin de semana de puro p\u00e1del en San Salvador: todos los ganadores del torneo"},"content":{"rendered":"\n<p class=\"has-medium-font-size\">Con una excelente organizaci\u00f3n y una gran convocatoria, se complet\u00f3 una nueva fecha del circuito local en los complejos Arenas y Bayo Padel. Duplas de San Salvador y la regi\u00f3n se destacaron en el podio de las cinco categor\u00edas. Foto: Finalistas Suma 13 damas.<\/p>\n\n\n\n<h4 class=\"wp-block-heading has-medium-font-size\"><strong>Cuadro de Honor y Resultados Finales<\/strong><\/h4>\n\n\n\n<p class=\"has-medium-font-size\">A continuaci\u00f3n, detallamos las duplas que alcanzaron el podio en cada categor\u00eda:<\/p>\n\n\n\n<p class=\"has-medium-font-size\">Suma 13 damas<br>&#x1f947;Santino-Benitez<br>&#x1f948;Kranevitter-Ruiz Diaz<\/p>\n\n\n\n<figure class=\"wp-block-image size-large\"><a href=\"https:\/\/centronoticias.com.ar\/portal\/wp-content\/uploads\/2026\/04\/Suma-11-caballeros-.jpeg\"><img decoding=\"async\" width=\"768\" height=\"1024\" src=\"https:\/\/centronoticias.com.ar\/portal\/wp-content\/uploads\/2026\/04\/Suma-11-caballeros--768x1024.jpeg\" alt=\"\" class=\"wp-image-9321\" srcset=\"https:\/\/centronoticias.com.ar\/portal\/wp-content\/uploads\/2026\/04\/Suma-11-caballeros--768x1024.jpeg 768w, https:\/\/centronoticias.com.ar\/portal\/wp-content\/uploads\/2026\/04\/Suma-11-caballeros--225x300.jpeg 225w, https:\/\/centronoticias.com.ar\/portal\/wp-content\/uploads\/2026\/04\/Suma-11-caballeros-.jpeg 960w\" sizes=\"(max-width: 768px) 100vw, 768px\" \/><\/a><\/figure>\n\n\n\n<p class=\"has-medium-font-size\">Suma 11 caballeros<br>&#x1f947;Cis-Regner<br>&#x1f948;Felix-Felix<\/p>\n\n\n\n<figure class=\"wp-block-image size-large\"><a href=\"https:\/\/centronoticias.com.ar\/portal\/wp-content\/uploads\/2026\/04\/7ma-caballeros-.jpeg\"><img decoding=\"async\" width=\"768\" height=\"1024\" src=\"https:\/\/centronoticias.com.ar\/portal\/wp-content\/uploads\/2026\/04\/7ma-caballeros--768x1024.jpeg\" alt=\"\" class=\"wp-image-9322\" srcset=\"https:\/\/centronoticias.com.ar\/portal\/wp-content\/uploads\/2026\/04\/7ma-caballeros--768x1024.jpeg 768w, https:\/\/centronoticias.com.ar\/portal\/wp-content\/uploads\/2026\/04\/7ma-caballeros--225x300.jpeg 225w, https:\/\/centronoticias.com.ar\/portal\/wp-content\/uploads\/2026\/04\/7ma-caballeros-.jpeg 960w\" sizes=\"(max-width: 768px) 100vw, 768px\" \/><\/a><\/figure>\n\n\n\n<p class=\"has-medium-font-size\">7ma caballeros<br>&#x1f947;Berthet-Challiol<br>&#x1f948;Rey-Hill<\/p>\n\n\n\n<figure class=\"wp-block-image size-large\"><a href=\"https:\/\/centronoticias.com.ar\/portal\/wp-content\/uploads\/2026\/04\/8va-caballeros.jpeg\"><img decoding=\"async\" width=\"768\" height=\"1024\" src=\"https:\/\/centronoticias.com.ar\/portal\/wp-content\/uploads\/2026\/04\/8va-caballeros-768x1024.jpeg\" alt=\"\" class=\"wp-image-9323\" srcset=\"https:\/\/centronoticias.com.ar\/portal\/wp-content\/uploads\/2026\/04\/8va-caballeros-768x1024.jpeg 768w, https:\/\/centronoticias.com.ar\/portal\/wp-content\/uploads\/2026\/04\/8va-caballeros-225x300.jpeg 225w, https:\/\/centronoticias.com.ar\/portal\/wp-content\/uploads\/2026\/04\/8va-caballeros.jpeg 960w\" sizes=\"(max-width: 768px) 100vw, 768px\" \/><\/a><\/figure>\n\n\n\n<p class=\"has-medium-font-size\">8va caballeros<br>&#x1f947;Tamagno-Merlo<br>&#x1f948;Pavan-Veron<\/p>\n\n\n\n<figure class=\"wp-block-image size-large\"><a href=\"https:\/\/centronoticias.com.ar\/portal\/wp-content\/uploads\/2026\/04\/8va-damas-2.jpeg\"><img decoding=\"async\" width=\"768\" height=\"1024\" src=\"https:\/\/centronoticias.com.ar\/portal\/wp-content\/uploads\/2026\/04\/8va-damas-2-768x1024.jpeg\" alt=\"\" class=\"wp-image-9324\" srcset=\"https:\/\/centronoticias.com.ar\/portal\/wp-content\/uploads\/2026\/04\/8va-damas-2-768x1024.jpeg 768w, https:\/\/centronoticias.com.ar\/portal\/wp-content\/uploads\/2026\/04\/8va-damas-2-225x300.jpeg 225w, https:\/\/centronoticias.com.ar\/portal\/wp-content\/uploads\/2026\/04\/8va-damas-2.jpeg 960w\" sizes=\"(max-width: 768px) 100vw, 768px\" \/><\/a><\/figure>\n\n\n\n<p class=\"has-medium-font-size\"><br>8va damas<br>&#x1f947;Blanc-Moren<br>&#x1f948;villalba-Dri<\/p>\n\n\n\n<p><\/p>\n\n\n\n<p><\/p>\n","protected":false},"excerpt":{"rendered":"<p>Con una excelente organizaci\u00f3n y una gran convocatoria, se complet\u00f3 una nueva fecha del circuito&#8230;<\/p>\n","protected":false},"author":3,"featured_media":9320,"comment_status":"closed","ping_status":"open","sticky":false,"template":"","format":"standard","meta":{"footnotes":""},"categories":[6],"tags":[],"class_list":["post-9319","post","type-post","status-publish","format-standard","has-post-thumbnail","hentry","category-dep-0"],"featured_image_urls":{"full":["https:\/\/centronoticias.com.ar\/portal\/wp-content\/uploads\/2026\/04\/Suma-13-Damas.jpeg",960,1280,false],"thumbnail":["https:\/\/centronoticias.com.ar\/portal\/wp-content\/uploads\/2026\/04\/Suma-13-Damas-150x150.jpeg",150,150,true],"medium":["https:\/\/centronoticias.com.ar\/portal\/wp-content\/uploads\/2026\/04\/Suma-13-Damas-225x300.jpeg",225,300,true],"medium_large":["https:\/\/centronoticias.com.ar\/portal\/wp-content\/uploads\/2026\/04\/Suma-13-Damas-768x1024.jpeg",640,853,true],"large":["https:\/\/centronoticias.com.ar\/portal\/wp-content\/uploads\/2026\/04\/Suma-13-Damas-768x1024.jpeg",640,853,true],"1536x1536":["https:\/\/centronoticias.com.ar\/portal\/wp-content\/uploads\/2026\/04\/Suma-13-Damas.jpeg",960,1280,false],"2048x2048":["https:\/\/centronoticias.com.ar\/portal\/wp-content\/uploads\/2026\/04\/Suma-13-Damas.jpeg",960,1280,false],"covernews-slider-full":["https:\/\/centronoticias.com.ar\/portal\/wp-content\/uploads\/2026\/04\/Suma-13-Damas-960x715.jpeg",960,715,true],"covernews-slider-center":["https:\/\/centronoticias.com.ar\/portal\/wp-content\/uploads\/2026\/04\/Suma-13-Damas-800x500.jpeg",800,500,true],"covernews-featured":["https:\/\/centronoticias.com.ar\/portal\/wp-content\/uploads\/2026\/04\/Suma-13-Damas.jpeg",960,1280,false],"covernews-medium":["https:\/\/centronoticias.com.ar\/portal\/wp-content\/uploads\/2026\/04\/Suma-13-Damas-540x340.jpeg",540,340,true],"covernews-medium-square":["https:\/\/centronoticias.com.ar\/portal\/wp-content\/uploads\/2026\/04\/Suma-13-Damas-400x250.jpeg",400,250,true]},"author_info":{"info":["Roberto Jourd\u00e1n"]},"category_info":"<a href=\"https:\/\/centronoticias.com.ar\/portal\/category\/dep-0\/\" rel=\"category tag\">Deportes<\/a>","tag_info":"Deportes","comment_count":"0","_links":{"self":[{"href":"https:\/\/centronoticias.com.ar\/portal\/wp-json\/wp\/v2\/posts\/9319","targetHints":{"allow":["GET"]}}],"collection":[{"href":"https:\/\/centronoticias.com.ar\/portal\/wp-json\/wp\/v2\/posts"}],"about":[{"href":"https:\/\/centronoticias.com.ar\/portal\/wp-json\/wp\/v2\/types\/post"}],"author":[{"embeddable":true,"href":"https:\/\/centronoticias.com.ar\/portal\/wp-json\/wp\/v2\/users\/3"}],"replies":[{"embeddable":true,"href":"https:\/\/centronoticias.com.ar\/portal\/wp-json\/wp\/v2\/comments?post=9319"}],"version-history":[{"count":1,"href":"https:\/\/centronoticias.com.ar\/portal\/wp-json\/wp\/v2\/posts\/9319\/revisions"}],"predecessor-version":[{"id":9325,"href":"https:\/\/centronoticias.com.ar\/portal\/wp-json\/wp\/v2\/posts\/9319\/revisions\/9325"}],"wp:featuredmedia":[{"embeddable":true,"href":"https:\/\/centronoticias.com.ar\/portal\/wp-json\/wp\/v2\/media\/9320"}],"wp:attachment":[{"href":"https:\/\/centronoticias.com.ar\/portal\/wp-json\/wp\/v2\/media?parent=9319"}],"wp:term":[{"taxonomy":"category","embeddable":true,"href":"https:\/\/centronoticias.com.ar\/portal\/wp-json\/wp\/v2\/categories?post=9319"},{"taxonomy":"post_tag","embeddable":true,"href":"https:\/\/centronoticias.com.ar\/portal\/wp-json\/wp\/v2\/tags?post=9319"}],"curies":[{"name":"wp","href":"https:\/\/api.w.org\/{rel}","templated":true}]}}