{"id":9310,"date":"2026-04-28T08:47:44","date_gmt":"2026-04-28T11:47:44","guid":{"rendered":"https:\/\/centronoticias.com.ar\/portal\/?p=9310"},"modified":"2026-04-28T09:02:45","modified_gmt":"2026-04-28T12:02:45","slug":"tenis-en-san-salvador-se-disputo-la-2-a-fecha-del-torneo-anual","status":"publish","type":"post","link":"https:\/\/centronoticias.com.ar\/portal\/tenis-en-san-salvador-se-disputo-la-2-a-fecha-del-torneo-anual\/","title":{"rendered":"Tenis en San Salvador: se disput\u00f3 la 2da. fecha del Torneo Anual"},"content":{"rendered":"\n<p class=\"has-medium-font-size\">Con una convocatoria que super\u00f3 las expectativas, las canchas locales fueron escenario de tres jornadas intensas de competencia. Fue una fecha que consolid\u00f3 el crecimiento de la disciplina en la regi\u00f3n. Foto portada: Santos &#8211; Colombo.<\/p>\n\n\n\n<p class=\"has-medium-font-size\">Durante los d\u00edas 24, 25 y 26 de abril, nuestra ciudad respir\u00f3 tenis con la realizaci\u00f3n de la segunda fecha del <strong>Torneo Anual LZ<\/strong>. El certamen, que viene ganando prestigio en cada edici\u00f3n, reuni\u00f3 a una destacada cantidad de jugadores regionales que demostraron un alto nivel t\u00e9cnico y un gran esp\u00edritu deportivo frente a un nutrido marco de p\u00fablico.<\/p>\n\n\n\n<h4 class=\"wp-block-heading has-medium-font-size\"><strong>Los due\u00f1os de la raqueta: Los resultados<\/strong><\/h4>\n\n\n\n<p class=\"has-medium-font-size\">La competencia se dividi\u00f3 en cinco categor\u00edas, dejando finales sumamente disputadas que se definieron por detalles:<\/p>\n\n\n\n<ul class=\"wp-block-list\">\n<li class=\"has-medium-font-size\"><strong>Categor\u00eda A Intermedia:<\/strong> En un duelo de alto voltaje, <strong>Gino Colombo<\/strong> se qued\u00f3 con el t\u00edtulo tras vencer a Milton Santos.<\/li>\n<\/ul>\n\n\n\n<figure class=\"wp-block-image size-large\"><a href=\"https:\/\/centronoticias.com.ar\/portal\/wp-content\/uploads\/2026\/04\/heidel-lopez.jpeg\"><img decoding=\"async\" width=\"768\" height=\"1024\" src=\"https:\/\/centronoticias.com.ar\/portal\/wp-content\/uploads\/2026\/04\/heidel-lopez-768x1024.jpeg\" alt=\"\" class=\"wp-image-9313\" srcset=\"https:\/\/centronoticias.com.ar\/portal\/wp-content\/uploads\/2026\/04\/heidel-lopez-768x1024.jpeg 768w, https:\/\/centronoticias.com.ar\/portal\/wp-content\/uploads\/2026\/04\/heidel-lopez-225x300.jpeg 225w, https:\/\/centronoticias.com.ar\/portal\/wp-content\/uploads\/2026\/04\/heidel-lopez.jpeg 960w\" sizes=\"(max-width: 768px) 100vw, 768px\" \/><\/a><\/figure>\n\n\n\n<ul class=\"wp-block-list\">\n<li class=\"has-medium-font-size\"><strong>Categor\u00eda B H40:<\/strong> <strong>David Heidel<\/strong> grit\u00f3 campe\u00f3n al superar en la final a Facundo L\u00f3pez.<\/li>\n<\/ul>\n\n\n\n<figure class=\"wp-block-image size-large\"><a href=\"https:\/\/centronoticias.com.ar\/portal\/wp-content\/uploads\/2026\/04\/Angarola-Ferdman.jpeg\"><img decoding=\"async\" width=\"768\" height=\"1024\" src=\"https:\/\/centronoticias.com.ar\/portal\/wp-content\/uploads\/2026\/04\/Angarola-Ferdman-768x1024.jpeg\" alt=\"\" class=\"wp-image-9314\" srcset=\"https:\/\/centronoticias.com.ar\/portal\/wp-content\/uploads\/2026\/04\/Angarola-Ferdman-768x1024.jpeg 768w, https:\/\/centronoticias.com.ar\/portal\/wp-content\/uploads\/2026\/04\/Angarola-Ferdman-225x300.jpeg 225w, https:\/\/centronoticias.com.ar\/portal\/wp-content\/uploads\/2026\/04\/Angarola-Ferdman.jpeg 960w\" sizes=\"(max-width: 768px) 100vw, 768px\" \/><\/a><\/figure>\n\n\n\n<ul class=\"wp-block-list\">\n<li class=\"has-medium-font-size\"><strong>Categor\u00eda B +40:<\/strong> El trofeo mayor fue para <strong>Ricardo Angarola<\/strong>, quien se impuso ante Leandro Ferdman.<\/li>\n<\/ul>\n\n\n\n<figure class=\"wp-block-image size-large\"><a href=\"https:\/\/centronoticias.com.ar\/portal\/wp-content\/uploads\/2026\/04\/Eckert-Cracco.jpeg\"><img decoding=\"async\" width=\"768\" height=\"1024\" src=\"https:\/\/centronoticias.com.ar\/portal\/wp-content\/uploads\/2026\/04\/Eckert-Cracco-768x1024.jpeg\" alt=\"\" class=\"wp-image-9315\" srcset=\"https:\/\/centronoticias.com.ar\/portal\/wp-content\/uploads\/2026\/04\/Eckert-Cracco-768x1024.jpeg 768w, https:\/\/centronoticias.com.ar\/portal\/wp-content\/uploads\/2026\/04\/Eckert-Cracco-225x300.jpeg 225w, https:\/\/centronoticias.com.ar\/portal\/wp-content\/uploads\/2026\/04\/Eckert-Cracco.jpeg 960w\" sizes=\"(max-width: 768px) 100vw, 768px\" \/><\/a><\/figure>\n\n\n\n<ul class=\"wp-block-list\">\n<li class=\"has-medium-font-size\"><strong>Categor\u00eda C:<\/strong> <strong>Tom\u00e1s Cracco<\/strong> festej\u00f3 el campeonato tras derrotar a Leandro Eckert.<\/li>\n<\/ul>\n\n\n\n<figure class=\"wp-block-image size-large\"><a href=\"https:\/\/centronoticias.com.ar\/portal\/wp-content\/uploads\/2026\/04\/Barrera-Cracco.jpeg\"><img decoding=\"async\" width=\"768\" height=\"1024\" src=\"https:\/\/centronoticias.com.ar\/portal\/wp-content\/uploads\/2026\/04\/Barrera-Cracco-768x1024.jpeg\" alt=\"\" class=\"wp-image-9316\" srcset=\"https:\/\/centronoticias.com.ar\/portal\/wp-content\/uploads\/2026\/04\/Barrera-Cracco-768x1024.jpeg 768w, https:\/\/centronoticias.com.ar\/portal\/wp-content\/uploads\/2026\/04\/Barrera-Cracco-225x300.jpeg 225w, https:\/\/centronoticias.com.ar\/portal\/wp-content\/uploads\/2026\/04\/Barrera-Cracco.jpeg 960w\" sizes=\"(max-width: 768px) 100vw, 768px\" \/><\/a><\/figure>\n\n\n\n<ul class=\"wp-block-list\">\n<li class=\"has-medium-font-size\"><strong>Categor\u00eda Menores:<\/strong> El semillero tambi\u00e9n tuvo acci\u00f3n, con <strong>Valent\u00edn Cracco<\/strong> consagr\u00e1ndose campe\u00f3n ante Juan Barrera.<\/li>\n<\/ul>\n\n\n\n<p class=\"has-medium-font-size\">Desde la organizaci\u00f3n destacaron el acompa\u00f1amiento de las instituciones y sponsors, fundamentales para que el torneo siga creciendo. &#8220;El compromiso y el respeto mostrado por los jugadores es lo que hace que este torneo sea especial&#8221;, se\u00f1alaron. La competencia ya calienta motores para lo que ser\u00e1 la tercera fecha, con el objetivo de seguir fomentando el tenis en todo el departamento.<\/p>\n","protected":false},"excerpt":{"rendered":"<p>Con una convocatoria que super\u00f3 las expectativas, las canchas locales fueron escenario de tres jornadas&#8230;<\/p>\n","protected":false},"author":3,"featured_media":9312,"comment_status":"closed","ping_status":"open","sticky":false,"template":"","format":"standard","meta":{"footnotes":""},"categories":[6],"tags":[],"class_list":["post-9310","post","type-post","status-publish","format-standard","has-post-thumbnail","hentry","category-dep-0"],"featured_image_urls":{"full":["https:\/\/centronoticias.com.ar\/portal\/wp-content\/uploads\/2026\/04\/Santos-Colombo.jpg",947,932,false],"thumbnail":["https:\/\/centronoticias.com.ar\/portal\/wp-content\/uploads\/2026\/04\/Santos-Colombo-150x150.jpg",150,150,true],"medium":["https:\/\/centronoticias.com.ar\/portal\/wp-content\/uploads\/2026\/04\/Santos-Colombo-300x295.jpg",300,295,true],"medium_large":["https:\/\/centronoticias.com.ar\/portal\/wp-content\/uploads\/2026\/04\/Santos-Colombo-768x756.jpg",640,630,true],"large":["https:\/\/centronoticias.com.ar\/portal\/wp-content\/uploads\/2026\/04\/Santos-Colombo.jpg",640,630,false],"1536x1536":["https:\/\/centronoticias.com.ar\/portal\/wp-content\/uploads\/2026\/04\/Santos-Colombo.jpg",947,932,false],"2048x2048":["https:\/\/centronoticias.com.ar\/portal\/wp-content\/uploads\/2026\/04\/Santos-Colombo.jpg",947,932,false],"covernews-slider-full":["https:\/\/centronoticias.com.ar\/portal\/wp-content\/uploads\/2026\/04\/Santos-Colombo-947x715.jpg",947,715,true],"covernews-slider-center":["https:\/\/centronoticias.com.ar\/portal\/wp-content\/uploads\/2026\/04\/Santos-Colombo-800x500.jpg",800,500,true],"covernews-featured":["https:\/\/centronoticias.com.ar\/portal\/wp-content\/uploads\/2026\/04\/Santos-Colombo.jpg",947,932,false],"covernews-medium":["https:\/\/centronoticias.com.ar\/portal\/wp-content\/uploads\/2026\/04\/Santos-Colombo-540x340.jpg",540,340,true],"covernews-medium-square":["https:\/\/centronoticias.com.ar\/portal\/wp-content\/uploads\/2026\/04\/Santos-Colombo-400x250.jpg",400,250,true]},"author_info":{"info":["Roberto Jourd\u00e1n"]},"category_info":"<a href=\"https:\/\/centronoticias.com.ar\/portal\/category\/dep-0\/\" rel=\"category tag\">Deportes<\/a>","tag_info":"Deportes","comment_count":"0","_links":{"self":[{"href":"https:\/\/centronoticias.com.ar\/portal\/wp-json\/wp\/v2\/posts\/9310","targetHints":{"allow":["GET"]}}],"collection":[{"href":"https:\/\/centronoticias.com.ar\/portal\/wp-json\/wp\/v2\/posts"}],"about":[{"href":"https:\/\/centronoticias.com.ar\/portal\/wp-json\/wp\/v2\/types\/post"}],"author":[{"embeddable":true,"href":"https:\/\/centronoticias.com.ar\/portal\/wp-json\/wp\/v2\/users\/3"}],"replies":[{"embeddable":true,"href":"https:\/\/centronoticias.com.ar\/portal\/wp-json\/wp\/v2\/comments?post=9310"}],"version-history":[{"count":2,"href":"https:\/\/centronoticias.com.ar\/portal\/wp-json\/wp\/v2\/posts\/9310\/revisions"}],"predecessor-version":[{"id":9318,"href":"https:\/\/centronoticias.com.ar\/portal\/wp-json\/wp\/v2\/posts\/9310\/revisions\/9318"}],"wp:featuredmedia":[{"embeddable":true,"href":"https:\/\/centronoticias.com.ar\/portal\/wp-json\/wp\/v2\/media\/9312"}],"wp:attachment":[{"href":"https:\/\/centronoticias.com.ar\/portal\/wp-json\/wp\/v2\/media?parent=9310"}],"wp:term":[{"taxonomy":"category","embeddable":true,"href":"https:\/\/centronoticias.com.ar\/portal\/wp-json\/wp\/v2\/categories?post=9310"},{"taxonomy":"post_tag","embeddable":true,"href":"https:\/\/centronoticias.com.ar\/portal\/wp-json\/wp\/v2\/tags?post=9310"}],"curies":[{"name":"wp","href":"https:\/\/api.w.org\/{rel}","templated":true}]}}