{"id":9306,"date":"2026-04-28T08:05:22","date_gmt":"2026-04-28T11:05:22","guid":{"rendered":"https:\/\/centronoticias.com.ar\/portal\/?p=9306"},"modified":"2026-04-28T08:27:21","modified_gmt":"2026-04-28T11:27:21","slug":"mendelovich-se-reunio-con-el-iapv-para-abordar-el-deficit-habitacional-en-general-campos","status":"publish","type":"post","link":"https:\/\/centronoticias.com.ar\/portal\/mendelovich-se-reunio-con-el-iapv-para-abordar-el-deficit-habitacional-en-general-campos\/","title":{"rendered":"Mendelovich se reuni\u00f3 con el IAPV para abordar el d\u00e9ficit habitacional en General Campos"},"content":{"rendered":"\n<p class=\"has-medium-font-size\"><strong>En el marco del programa Ahora Tu Hogar, autoridades del Instituto Aut\u00e1rquico de Planeamiento y Vivienda (IAPV) mantuvieron reuniones de trabajo con los intendentes de General Campos, Javier Mendelovich, y de Valle Mar\u00eda, Mario Sokolovsky, para abordar diferentes l\u00edneas de asistencia t\u00e9cnica y financiera dirigidas a los gobiernos locales, as\u00ed como los alcances de la l\u00ednea de cr\u00e9ditos individuales.<\/strong><\/p>\n\n\n\n<p class=\"has-medium-font-size\">Durante los encuentros, que se desarrollaron en la sede del organismo provincial, se dialog\u00f3 sobre las operatorias vigentes del programa Ahora Tu Hogar y la necesidad de fortalecer la articulaci\u00f3n entre la provincia y los municipios para impulsar nuevas soluciones habitacionales, en funci\u00f3n de las realidades y necesidades de cada comunidad.<\/p>\n\n\n\n<p class=\"has-medium-font-size\">Los funcionarios remarcaron que &#8220;es fundamental sostener una agenda compartida con los municipios, que nos permita acelerar soluciones habitacionales y acompa\u00f1ar las demandas de las comunidades. La articulaci\u00f3n entre provincia y municipios es la clave para ejecutar obras y programas con impacto real&#8221;.<\/p>\n\n\n\n<p class=\"has-medium-font-size\">Por su parte, tanto Mendelovich como Sokolovsky valoraron las instancias de trabajo y coincidieron en se\u00f1alar la importancia de continuar coordinando acciones con el IAPV para avanzar en soluciones habitacionales que acompa\u00f1en el crecimiento de sus localidades.<\/p>\n","protected":false},"excerpt":{"rendered":"<p>En el marco del programa Ahora Tu Hogar, autoridades del Instituto Aut\u00e1rquico de Planeamiento y&#8230;<\/p>\n","protected":false},"author":3,"featured_media":9307,"comment_status":"closed","ping_status":"open","sticky":false,"template":"","format":"standard","meta":{"footnotes":""},"categories":[38],"tags":[],"class_list":["post-9306","post","type-post","status-publish","format-standard","has-post-thumbnail","hentry","category-departamental"],"featured_image_urls":{"full":["https:\/\/centronoticias.com.ar\/portal\/wp-content\/uploads\/2026\/04\/Mendelovich-en-Parana.jpg",1024,683,false],"thumbnail":["https:\/\/centronoticias.com.ar\/portal\/wp-content\/uploads\/2026\/04\/Mendelovich-en-Parana-150x150.jpg",150,150,true],"medium":["https:\/\/centronoticias.com.ar\/portal\/wp-content\/uploads\/2026\/04\/Mendelovich-en-Parana-300x200.jpg",300,200,true],"medium_large":["https:\/\/centronoticias.com.ar\/portal\/wp-content\/uploads\/2026\/04\/Mendelovich-en-Parana-768x512.jpg",640,427,true],"large":["https:\/\/centronoticias.com.ar\/portal\/wp-content\/uploads\/2026\/04\/Mendelovich-en-Parana.jpg",640,427,false],"1536x1536":["https:\/\/centronoticias.com.ar\/portal\/wp-content\/uploads\/2026\/04\/Mendelovich-en-Parana.jpg",1024,683,false],"2048x2048":["https:\/\/centronoticias.com.ar\/portal\/wp-content\/uploads\/2026\/04\/Mendelovich-en-Parana.jpg",1024,683,false],"covernews-slider-full":["https:\/\/centronoticias.com.ar\/portal\/wp-content\/uploads\/2026\/04\/Mendelovich-en-Parana.jpg",1024,683,false],"covernews-slider-center":["https:\/\/centronoticias.com.ar\/portal\/wp-content\/uploads\/2026\/04\/Mendelovich-en-Parana-800x500.jpg",800,500,true],"covernews-featured":["https:\/\/centronoticias.com.ar\/portal\/wp-content\/uploads\/2026\/04\/Mendelovich-en-Parana.jpg",1024,683,false],"covernews-medium":["https:\/\/centronoticias.com.ar\/portal\/wp-content\/uploads\/2026\/04\/Mendelovich-en-Parana-540x340.jpg",540,340,true],"covernews-medium-square":["https:\/\/centronoticias.com.ar\/portal\/wp-content\/uploads\/2026\/04\/Mendelovich-en-Parana-400x250.jpg",400,250,true]},"author_info":{"info":["Roberto Jourd\u00e1n"]},"category_info":"<a href=\"https:\/\/centronoticias.com.ar\/portal\/category\/departamental\/\" rel=\"category tag\">Departamental<\/a>","tag_info":"Departamental","comment_count":"0","_links":{"self":[{"href":"https:\/\/centronoticias.com.ar\/portal\/wp-json\/wp\/v2\/posts\/9306","targetHints":{"allow":["GET"]}}],"collection":[{"href":"https:\/\/centronoticias.com.ar\/portal\/wp-json\/wp\/v2\/posts"}],"about":[{"href":"https:\/\/centronoticias.com.ar\/portal\/wp-json\/wp\/v2\/types\/post"}],"author":[{"embeddable":true,"href":"https:\/\/centronoticias.com.ar\/portal\/wp-json\/wp\/v2\/users\/3"}],"replies":[{"embeddable":true,"href":"https:\/\/centronoticias.com.ar\/portal\/wp-json\/wp\/v2\/comments?post=9306"}],"version-history":[{"count":2,"href":"https:\/\/centronoticias.com.ar\/portal\/wp-json\/wp\/v2\/posts\/9306\/revisions"}],"predecessor-version":[{"id":9309,"href":"https:\/\/centronoticias.com.ar\/portal\/wp-json\/wp\/v2\/posts\/9306\/revisions\/9309"}],"wp:featuredmedia":[{"embeddable":true,"href":"https:\/\/centronoticias.com.ar\/portal\/wp-json\/wp\/v2\/media\/9307"}],"wp:attachment":[{"href":"https:\/\/centronoticias.com.ar\/portal\/wp-json\/wp\/v2\/media?parent=9306"}],"wp:term":[{"taxonomy":"category","embeddable":true,"href":"https:\/\/centronoticias.com.ar\/portal\/wp-json\/wp\/v2\/categories?post=9306"},{"taxonomy":"post_tag","embeddable":true,"href":"https:\/\/centronoticias.com.ar\/portal\/wp-json\/wp\/v2\/tags?post=9306"}],"curies":[{"name":"wp","href":"https:\/\/api.w.org\/{rel}","templated":true}]}}