{"id":9299,"date":"2026-04-27T11:45:14","date_gmt":"2026-04-27T14:45:14","guid":{"rendered":"https:\/\/centronoticias.com.ar\/portal\/?p=9299"},"modified":"2026-04-27T11:48:14","modified_gmt":"2026-04-27T14:48:14","slug":"compromiso-que-se-multiplica-se-desarrollo-la-primera-jornada-de-mi-barrio-recicla","status":"publish","type":"post","link":"https:\/\/centronoticias.com.ar\/portal\/compromiso-que-se-multiplica-se-desarrollo-la-primera-jornada-de-mi-barrio-recicla\/","title":{"rendered":"Compromiso que se multiplica: se desarroll\u00f3 la primera jornada de &#8220;Mi Barrio Recicla&#8221;"},"content":{"rendered":"\n<p class=\"has-medium-font-size\">El pasado s\u00e1bado, el Barrio Belgrano fue protagonista de una verdadera muestra de compromiso colectivo con el ambiente en el marco de la primera jornada de \u201cMi Barrio Recicla\u201d, que super\u00f3 ampliamente las expectativas.<\/p>\n\n\n\n<p class=\"has-medium-font-size\">Desde temprano, los vecinos se sumaron con entusiasmo a la propuesta, acompa\u00f1ando activamente el recorrido por las diferentes calles y acercando papeles, pl\u00e1sticos, latas y cartones que hab\u00edan separado durante la semana.<\/p>\n\n\n\n<p class=\"has-medium-font-size\">Como resultado se lograron completar dos camiones de residuos secos, reflejando no solo la participaci\u00f3n, sino tambi\u00e9n la conciencia ambiental creciente en la comunidad.<\/p>\n\n\n\n<p class=\"has-medium-font-size\">Como reconocimiento a este compromiso, los vecinos recibieron su ecobolsa junto a llaveros e imanes elaborados por instituciones educativas de la ciudad, adem\u00e1s de plantines florales y\/o arom\u00e1ticas para seguir cultivando este v\u00ednculo con el ambiente en sus hogares.&#x1fab4;<\/p>\n\n\n\n<p class=\"has-medium-font-size\">Estas acciones muestran que, con peque\u00f1os h\u00e1bitos y trabajo conjunto, es posible generar grandes cambios.<\/p>\n","protected":false},"excerpt":{"rendered":"<p>El pasado s\u00e1bado, el Barrio Belgrano fue protagonista de una verdadera muestra de compromiso colectivo&#8230;<\/p>\n","protected":false},"author":3,"featured_media":9302,"comment_status":"closed","ping_status":"open","sticky":false,"template":"","format":"standard","meta":{"footnotes":""},"categories":[31],"tags":[],"class_list":["post-9299","post","type-post","status-publish","format-standard","has-post-thumbnail","hentry","category-locales"],"featured_image_urls":{"full":["https:\/\/centronoticias.com.ar\/portal\/wp-content\/uploads\/2026\/04\/reciclado-en-el-barrio-Belgrano.jpg",1024,1024,false],"thumbnail":["https:\/\/centronoticias.com.ar\/portal\/wp-content\/uploads\/2026\/04\/reciclado-en-el-barrio-Belgrano-150x150.jpg",150,150,true],"medium":["https:\/\/centronoticias.com.ar\/portal\/wp-content\/uploads\/2026\/04\/reciclado-en-el-barrio-Belgrano-300x300.jpg",300,300,true],"medium_large":["https:\/\/centronoticias.com.ar\/portal\/wp-content\/uploads\/2026\/04\/reciclado-en-el-barrio-Belgrano-768x768.jpg",640,640,true],"large":["https:\/\/centronoticias.com.ar\/portal\/wp-content\/uploads\/2026\/04\/reciclado-en-el-barrio-Belgrano.jpg",640,640,false],"1536x1536":["https:\/\/centronoticias.com.ar\/portal\/wp-content\/uploads\/2026\/04\/reciclado-en-el-barrio-Belgrano.jpg",1024,1024,false],"2048x2048":["https:\/\/centronoticias.com.ar\/portal\/wp-content\/uploads\/2026\/04\/reciclado-en-el-barrio-Belgrano.jpg",1024,1024,false],"covernews-slider-full":["https:\/\/centronoticias.com.ar\/portal\/wp-content\/uploads\/2026\/04\/reciclado-en-el-barrio-Belgrano-1024x715.jpg",1024,715,true],"covernews-slider-center":["https:\/\/centronoticias.com.ar\/portal\/wp-content\/uploads\/2026\/04\/reciclado-en-el-barrio-Belgrano-800x500.jpg",800,500,true],"covernews-featured":["https:\/\/centronoticias.com.ar\/portal\/wp-content\/uploads\/2026\/04\/reciclado-en-el-barrio-Belgrano.jpg",1024,1024,false],"covernews-medium":["https:\/\/centronoticias.com.ar\/portal\/wp-content\/uploads\/2026\/04\/reciclado-en-el-barrio-Belgrano-540x340.jpg",540,340,true],"covernews-medium-square":["https:\/\/centronoticias.com.ar\/portal\/wp-content\/uploads\/2026\/04\/reciclado-en-el-barrio-Belgrano-400x250.jpg",400,250,true]},"author_info":{"info":["Roberto Jourd\u00e1n"]},"category_info":"<a href=\"https:\/\/centronoticias.com.ar\/portal\/category\/locales\/\" rel=\"category tag\">San Salvador<\/a>","tag_info":"San Salvador","comment_count":"0","_links":{"self":[{"href":"https:\/\/centronoticias.com.ar\/portal\/wp-json\/wp\/v2\/posts\/9299","targetHints":{"allow":["GET"]}}],"collection":[{"href":"https:\/\/centronoticias.com.ar\/portal\/wp-json\/wp\/v2\/posts"}],"about":[{"href":"https:\/\/centronoticias.com.ar\/portal\/wp-json\/wp\/v2\/types\/post"}],"author":[{"embeddable":true,"href":"https:\/\/centronoticias.com.ar\/portal\/wp-json\/wp\/v2\/users\/3"}],"replies":[{"embeddable":true,"href":"https:\/\/centronoticias.com.ar\/portal\/wp-json\/wp\/v2\/comments?post=9299"}],"version-history":[{"count":2,"href":"https:\/\/centronoticias.com.ar\/portal\/wp-json\/wp\/v2\/posts\/9299\/revisions"}],"predecessor-version":[{"id":9301,"href":"https:\/\/centronoticias.com.ar\/portal\/wp-json\/wp\/v2\/posts\/9299\/revisions\/9301"}],"wp:featuredmedia":[{"embeddable":true,"href":"https:\/\/centronoticias.com.ar\/portal\/wp-json\/wp\/v2\/media\/9302"}],"wp:attachment":[{"href":"https:\/\/centronoticias.com.ar\/portal\/wp-json\/wp\/v2\/media?parent=9299"}],"wp:term":[{"taxonomy":"category","embeddable":true,"href":"https:\/\/centronoticias.com.ar\/portal\/wp-json\/wp\/v2\/categories?post=9299"},{"taxonomy":"post_tag","embeddable":true,"href":"https:\/\/centronoticias.com.ar\/portal\/wp-json\/wp\/v2\/tags?post=9299"}],"curies":[{"name":"wp","href":"https:\/\/api.w.org\/{rel}","templated":true}]}}