{"id":9296,"date":"2026-04-27T11:31:08","date_gmt":"2026-04-27T14:31:08","guid":{"rendered":"https:\/\/centronoticias.com.ar\/portal\/?p=9296"},"modified":"2026-04-27T11:39:20","modified_gmt":"2026-04-27T14:39:20","slug":"estacion-te-una-tarde-para-hacer-una-pausa-y-dejarse-llevar-por-los-sentidos","status":"publish","type":"post","link":"https:\/\/centronoticias.com.ar\/portal\/estacion-te-una-tarde-para-hacer-una-pausa-y-dejarse-llevar-por-los-sentidos\/","title":{"rendered":"Estaci\u00f3n T\u00e9: una tarde para hacer una pausa y dejarse llevar por los sentidos"},"content":{"rendered":"\n<p class=\"has-medium-font-size\">Una jornada distinta se vivi\u00f3 hoy en el Museo de la Estaci\u00f3n con \u201cEstaci\u00f3n T\u00e9\u201d, una experiencia que invit\u00f3 a bajar el ritmo y disfrutar desde otro lugar.<\/p>\n\n\n\n<p class=\"has-medium-font-size\">De la mano de Lorena Hildt, de Espacio Conectarte, quienes participaron pudieron sumergirse en el mundo del t\u00e9 a trav\u00e9s de una cata consciente, despertando los sentidos y descubriendo aromas, sabores y detalles que hacen \u00fanica cada infusi\u00f3n<\/p>\n\n\n\n<p class=\"has-medium-font-size\">Entre charlas, historia y momentos compartidos, la experiencia invit\u00f3 a frenar un poco la rutina y conectar con lo simple.<\/p>\n\n\n\n<p class=\"has-medium-font-size\">Una forma distinta de disfrutar nuestros espacios y seguir generando propuestas que nos invitan a vivir San Salvador.<\/p>\n","protected":false},"excerpt":{"rendered":"<p>Una jornada distinta se vivi\u00f3 hoy en el Museo de la Estaci\u00f3n con \u201cEstaci\u00f3n T\u00e9\u201d,&#8230;<\/p>\n","protected":false},"author":3,"featured_media":9297,"comment_status":"closed","ping_status":"open","sticky":false,"template":"","format":"standard","meta":{"footnotes":""},"categories":[15],"tags":[],"class_list":["post-9296","post","type-post","status-publish","format-standard","has-post-thumbnail","hentry","category-cultura-esp"],"featured_image_urls":{"full":["https:\/\/centronoticias.com.ar\/portal\/wp-content\/uploads\/2026\/04\/Estacion-Te.jpg",1024,1001,false],"thumbnail":["https:\/\/centronoticias.com.ar\/portal\/wp-content\/uploads\/2026\/04\/Estacion-Te-150x150.jpg",150,150,true],"medium":["https:\/\/centronoticias.com.ar\/portal\/wp-content\/uploads\/2026\/04\/Estacion-Te-300x293.jpg",300,293,true],"medium_large":["https:\/\/centronoticias.com.ar\/portal\/wp-content\/uploads\/2026\/04\/Estacion-Te-768x751.jpg",640,626,true],"large":["https:\/\/centronoticias.com.ar\/portal\/wp-content\/uploads\/2026\/04\/Estacion-Te.jpg",640,626,false],"1536x1536":["https:\/\/centronoticias.com.ar\/portal\/wp-content\/uploads\/2026\/04\/Estacion-Te.jpg",1024,1001,false],"2048x2048":["https:\/\/centronoticias.com.ar\/portal\/wp-content\/uploads\/2026\/04\/Estacion-Te.jpg",1024,1001,false],"covernews-slider-full":["https:\/\/centronoticias.com.ar\/portal\/wp-content\/uploads\/2026\/04\/Estacion-Te-1024x715.jpg",1024,715,true],"covernews-slider-center":["https:\/\/centronoticias.com.ar\/portal\/wp-content\/uploads\/2026\/04\/Estacion-Te-800x500.jpg",800,500,true],"covernews-featured":["https:\/\/centronoticias.com.ar\/portal\/wp-content\/uploads\/2026\/04\/Estacion-Te.jpg",1024,1001,false],"covernews-medium":["https:\/\/centronoticias.com.ar\/portal\/wp-content\/uploads\/2026\/04\/Estacion-Te-540x340.jpg",540,340,true],"covernews-medium-square":["https:\/\/centronoticias.com.ar\/portal\/wp-content\/uploads\/2026\/04\/Estacion-Te-400x250.jpg",400,250,true]},"author_info":{"info":["Roberto Jourd\u00e1n"]},"category_info":"<a href=\"https:\/\/centronoticias.com.ar\/portal\/category\/cultura-esp\/\" rel=\"category tag\">Cultura<\/a>","tag_info":"Cultura","comment_count":"0","_links":{"self":[{"href":"https:\/\/centronoticias.com.ar\/portal\/wp-json\/wp\/v2\/posts\/9296","targetHints":{"allow":["GET"]}}],"collection":[{"href":"https:\/\/centronoticias.com.ar\/portal\/wp-json\/wp\/v2\/posts"}],"about":[{"href":"https:\/\/centronoticias.com.ar\/portal\/wp-json\/wp\/v2\/types\/post"}],"author":[{"embeddable":true,"href":"https:\/\/centronoticias.com.ar\/portal\/wp-json\/wp\/v2\/users\/3"}],"replies":[{"embeddable":true,"href":"https:\/\/centronoticias.com.ar\/portal\/wp-json\/wp\/v2\/comments?post=9296"}],"version-history":[{"count":1,"href":"https:\/\/centronoticias.com.ar\/portal\/wp-json\/wp\/v2\/posts\/9296\/revisions"}],"predecessor-version":[{"id":9298,"href":"https:\/\/centronoticias.com.ar\/portal\/wp-json\/wp\/v2\/posts\/9296\/revisions\/9298"}],"wp:featuredmedia":[{"embeddable":true,"href":"https:\/\/centronoticias.com.ar\/portal\/wp-json\/wp\/v2\/media\/9297"}],"wp:attachment":[{"href":"https:\/\/centronoticias.com.ar\/portal\/wp-json\/wp\/v2\/media?parent=9296"}],"wp:term":[{"taxonomy":"category","embeddable":true,"href":"https:\/\/centronoticias.com.ar\/portal\/wp-json\/wp\/v2\/categories?post=9296"},{"taxonomy":"post_tag","embeddable":true,"href":"https:\/\/centronoticias.com.ar\/portal\/wp-json\/wp\/v2\/tags?post=9296"}],"curies":[{"name":"wp","href":"https:\/\/api.w.org\/{rel}","templated":true}]}}