{"id":9289,"date":"2026-04-27T09:40:57","date_gmt":"2026-04-27T12:40:57","guid":{"rendered":"https:\/\/centronoticias.com.ar\/portal\/?p=9289"},"modified":"2026-04-27T09:40:58","modified_gmt":"2026-04-27T12:40:58","slug":"policiales-allanamiento-positivo-en-barrio-norte-por-una-causa-de-hurto-mediante-engano","status":"publish","type":"post","link":"https:\/\/centronoticias.com.ar\/portal\/policiales-allanamiento-positivo-en-barrio-norte-por-una-causa-de-hurto-mediante-engano\/","title":{"rendered":"Policiales: Allanamiento positivo en Barrio Norte por una causa de hurto mediante enga\u00f1o"},"content":{"rendered":"\n<p class=\"has-medium-font-size\">Efectivos de la Divisi\u00f3n Investigaciones realizaron un procedimiento este s\u00e1bado en el marco de una denuncia por un hecho ocurrido d\u00edas atr\u00e1s. Secuestraron elementos de inter\u00e9s para la causa y una mujer qued\u00f3 supeditada a la justicia.<\/p>\n\n\n\n<p class=\"has-medium-font-size\">La Polic\u00eda Departamental avanz\u00f3 con \u00e9xito en la investigaci\u00f3n de un hecho de hurto bajo la modalidad de enga\u00f1o que hab\u00eda damnificado a un vecino de la ciudad recientemente. Tras tareas de inteligencia criminal, el personal policial logr\u00f3 identificar un domicilio vinculado al caso.<\/p>\n\n\n\n<h4 class=\"wp-block-heading has-medium-font-size\"><strong>El procedimiento<\/strong><\/h4>\n\n\n\n<p class=\"has-medium-font-size\">Con una orden emanada por el <strong>Juzgado de Garant\u00edas N\u00b0 4 de Concordia<\/strong>, efectivos de la <strong>Divisi\u00f3n Investigaciones e Inteligencia Criminal<\/strong> irrumpieron en una vivienda ubicada en la zona de <strong>Barrio Norte<\/strong>. El registro domiciliario arroj\u00f3 resultados positivos para la causa.<\/p>\n\n\n\n<p class=\"has-medium-font-size\">Durante el operativo, se procedi\u00f3 al secuestro de diversos elementos que guardar\u00edan una relaci\u00f3n directa con el hecho investigado, aportando pruebas fundamentales para el avance del expediente judicial.<\/p>\n\n\n\n<h4 class=\"wp-block-heading has-medium-font-size\"><strong>Situaci\u00f3n legal<\/strong><\/h4>\n\n\n\n<p class=\"has-medium-font-size\">En el lugar fue identificada una <strong>mujer mayor de edad<\/strong>, quien, si bien no fue detenida de manera inmediata, qued\u00f3 formalmente supeditada a la causa. La investigaci\u00f3n contin\u00faa bajo la \u00f3rbita de la fiscal\u00eda interviniente para determinar el grado de participaci\u00f3n de la sospechosa y el destino final de los elementos sustra\u00eddos.<\/p>\n","protected":false},"excerpt":{"rendered":"<p>Efectivos de la Divisi\u00f3n Investigaciones realizaron un procedimiento este s\u00e1bado en el marco de una&#8230;<\/p>\n","protected":false},"author":3,"featured_media":8700,"comment_status":"closed","ping_status":"open","sticky":false,"template":"","format":"standard","meta":{"footnotes":""},"categories":[10],"tags":[],"class_list":["post-9289","post","type-post","status-publish","format-standard","has-post-thumbnail","hentry","category-pol-0"],"featured_image_urls":{"full":["https:\/\/centronoticias.com.ar\/portal\/wp-content\/uploads\/2026\/03\/patrulleros-jefatura.jpeg",1600,1200,false],"thumbnail":["https:\/\/centronoticias.com.ar\/portal\/wp-content\/uploads\/2026\/03\/patrulleros-jefatura-150x150.jpeg",150,150,true],"medium":["https:\/\/centronoticias.com.ar\/portal\/wp-content\/uploads\/2026\/03\/patrulleros-jefatura-300x225.jpeg",300,225,true],"medium_large":["https:\/\/centronoticias.com.ar\/portal\/wp-content\/uploads\/2026\/03\/patrulleros-jefatura-768x576.jpeg",640,480,true],"large":["https:\/\/centronoticias.com.ar\/portal\/wp-content\/uploads\/2026\/03\/patrulleros-jefatura-1024x768.jpeg",640,480,true],"1536x1536":["https:\/\/centronoticias.com.ar\/portal\/wp-content\/uploads\/2026\/03\/patrulleros-jefatura-1536x1152.jpeg",1536,1152,true],"2048x2048":["https:\/\/centronoticias.com.ar\/portal\/wp-content\/uploads\/2026\/03\/patrulleros-jefatura.jpeg",1600,1200,false],"covernews-slider-full":["https:\/\/centronoticias.com.ar\/portal\/wp-content\/uploads\/2026\/03\/patrulleros-jefatura-1115x715.jpeg",1115,715,true],"covernews-slider-center":["https:\/\/centronoticias.com.ar\/portal\/wp-content\/uploads\/2026\/03\/patrulleros-jefatura-800x500.jpeg",800,500,true],"covernews-featured":["https:\/\/centronoticias.com.ar\/portal\/wp-content\/uploads\/2026\/03\/patrulleros-jefatura-1024x768.jpeg",1024,768,true],"covernews-medium":["https:\/\/centronoticias.com.ar\/portal\/wp-content\/uploads\/2026\/03\/patrulleros-jefatura-540x340.jpeg",540,340,true],"covernews-medium-square":["https:\/\/centronoticias.com.ar\/portal\/wp-content\/uploads\/2026\/03\/patrulleros-jefatura-400x250.jpeg",400,250,true]},"author_info":{"info":["Roberto Jourd\u00e1n"]},"category_info":"<a href=\"https:\/\/centronoticias.com.ar\/portal\/category\/pol-0\/\" rel=\"category tag\">Policiales<\/a>","tag_info":"Policiales","comment_count":"0","_links":{"self":[{"href":"https:\/\/centronoticias.com.ar\/portal\/wp-json\/wp\/v2\/posts\/9289","targetHints":{"allow":["GET"]}}],"collection":[{"href":"https:\/\/centronoticias.com.ar\/portal\/wp-json\/wp\/v2\/posts"}],"about":[{"href":"https:\/\/centronoticias.com.ar\/portal\/wp-json\/wp\/v2\/types\/post"}],"author":[{"embeddable":true,"href":"https:\/\/centronoticias.com.ar\/portal\/wp-json\/wp\/v2\/users\/3"}],"replies":[{"embeddable":true,"href":"https:\/\/centronoticias.com.ar\/portal\/wp-json\/wp\/v2\/comments?post=9289"}],"version-history":[{"count":1,"href":"https:\/\/centronoticias.com.ar\/portal\/wp-json\/wp\/v2\/posts\/9289\/revisions"}],"predecessor-version":[{"id":9290,"href":"https:\/\/centronoticias.com.ar\/portal\/wp-json\/wp\/v2\/posts\/9289\/revisions\/9290"}],"wp:featuredmedia":[{"embeddable":true,"href":"https:\/\/centronoticias.com.ar\/portal\/wp-json\/wp\/v2\/media\/8700"}],"wp:attachment":[{"href":"https:\/\/centronoticias.com.ar\/portal\/wp-json\/wp\/v2\/media?parent=9289"}],"wp:term":[{"taxonomy":"category","embeddable":true,"href":"https:\/\/centronoticias.com.ar\/portal\/wp-json\/wp\/v2\/categories?post=9289"},{"taxonomy":"post_tag","embeddable":true,"href":"https:\/\/centronoticias.com.ar\/portal\/wp-json\/wp\/v2\/tags?post=9289"}],"curies":[{"name":"wp","href":"https:\/\/api.w.org\/{rel}","templated":true}]}}