{"id":9287,"date":"2026-04-27T09:38:15","date_gmt":"2026-04-27T12:38:15","guid":{"rendered":"https:\/\/centronoticias.com.ar\/portal\/?p=9287"},"modified":"2026-04-27T09:38:16","modified_gmt":"2026-04-27T12:38:16","slug":"general-campos-tras-intensos-rastrillajes-recuperan-ganado-que-habia-sido-denunciado-como-faltante","status":"publish","type":"post","link":"https:\/\/centronoticias.com.ar\/portal\/general-campos-tras-intensos-rastrillajes-recuperan-ganado-que-habia-sido-denunciado-como-faltante\/","title":{"rendered":"General Campos: Tras intensos rastrillajes, recuperan ganado que hab\u00eda sido denunciado como faltante"},"content":{"rendered":"\n<p class=\"has-medium-font-size\">En un operativo conjunto entre la Comisar\u00eda de General Campos y la Brigada de Abigeato de San Salvador, se logr\u00f3 localizar la totalidad de los animales vacunos en un establecimiento rural. Los animales se encontraban ocultos entre la densa vegetaci\u00f3n del monte.<\/p>\n\n\n\n<p class=\"has-medium-font-size\">Un importante procedimiento policial permiti\u00f3 este s\u00e1bado llevar tranquilidad a un productor ganadero de la zona. Tras una denuncia radicada d\u00edas atr\u00e1s por la desaparici\u00f3n de varios animales vacunos en un campo de la jurisdicci\u00f3n, las fuerzas de seguridad iniciaron un exhaustivo operativo de b\u00fasqueda.<\/p>\n\n\n\n<h4 class=\"wp-block-heading has-medium-font-size\"><strong>El operativo de b\u00fasqueda<\/strong><\/h4>\n\n\n\n<p class=\"has-medium-font-size\">La denuncia original alertaba sobre la falta de <strong>animales adultos y terneros reci\u00e9n nacidos<\/strong>. Ante la posibilidad de un delito rural, personal de la <strong>Comisar\u00eda de General Campos<\/strong> y efectivos de la <strong>Brigada de Abigeato San Salvador<\/strong> coordinaron un rastrillaje por las zonas de monte y malezas del establecimiento damnificado.<\/p>\n\n\n\n<h4 class=\"wp-block-heading has-medium-font-size\"><strong>Localizaci\u00f3n y resultados<\/strong><\/h4>\n\n\n\n<p class=\"has-medium-font-size\">Las tareas de b\u00fasqueda se dividieron en dos etapas:<\/p>\n\n\n\n<ul class=\"wp-block-list\">\n<li class=\"has-medium-font-size\"><strong>Viernes por la tarde:<\/strong> Se logr\u00f3 localizar una parte del ganado que se encontraba extraviado entre la vegetaci\u00f3n.<\/li>\n\n\n\n<li class=\"has-medium-font-size\"><strong>S\u00e1bado por la ma\u00f1ana:<\/strong> Los efectivos completaron el rastrillaje hallando al resto de los animales que faltaban.<\/li>\n<\/ul>\n\n\n\n<p class=\"has-medium-font-size\">Tras el hallazgo, se dio intervenci\u00f3n al fiscal en turno, quien dispuso las actuaciones de estilo para formalizar la entrega de los animales al propietario. Afortunadamente, se trat\u00f3 de un recupero total de la hacienda.<\/p>\n","protected":false},"excerpt":{"rendered":"<p>En un operativo conjunto entre la Comisar\u00eda de General Campos y la Brigada de Abigeato&#8230;<\/p>\n","protected":false},"author":3,"featured_media":5167,"comment_status":"closed","ping_status":"open","sticky":false,"template":"","format":"standard","meta":{"footnotes":""},"categories":[10],"tags":[],"class_list":["post-9287","post","type-post","status-publish","format-standard","has-post-thumbnail","hentry","category-pol-0"],"featured_image_urls":{"full":["https:\/\/centronoticias.com.ar\/portal\/wp-content\/uploads\/2025\/09\/comisaria-g-campos.jpeg",1600,997,false],"thumbnail":["https:\/\/centronoticias.com.ar\/portal\/wp-content\/uploads\/2025\/09\/comisaria-g-campos-150x150.jpeg",150,150,true],"medium":["https:\/\/centronoticias.com.ar\/portal\/wp-content\/uploads\/2025\/09\/comisaria-g-campos-300x187.jpeg",300,187,true],"medium_large":["https:\/\/centronoticias.com.ar\/portal\/wp-content\/uploads\/2025\/09\/comisaria-g-campos-768x479.jpeg",640,399,true],"large":["https:\/\/centronoticias.com.ar\/portal\/wp-content\/uploads\/2025\/09\/comisaria-g-campos-1024x638.jpeg",640,399,true],"1536x1536":["https:\/\/centronoticias.com.ar\/portal\/wp-content\/uploads\/2025\/09\/comisaria-g-campos-1536x957.jpeg",1536,957,true],"2048x2048":["https:\/\/centronoticias.com.ar\/portal\/wp-content\/uploads\/2025\/09\/comisaria-g-campos.jpeg",1600,997,false],"covernews-slider-full":["https:\/\/centronoticias.com.ar\/portal\/wp-content\/uploads\/2025\/09\/comisaria-g-campos-1115x715.jpeg",1115,715,true],"covernews-slider-center":["https:\/\/centronoticias.com.ar\/portal\/wp-content\/uploads\/2025\/09\/comisaria-g-campos-800x500.jpeg",800,500,true],"covernews-featured":["https:\/\/centronoticias.com.ar\/portal\/wp-content\/uploads\/2025\/09\/comisaria-g-campos-1024x638.jpeg",1024,638,true],"covernews-medium":["https:\/\/centronoticias.com.ar\/portal\/wp-content\/uploads\/2025\/09\/comisaria-g-campos-540x340.jpeg",540,340,true],"covernews-medium-square":["https:\/\/centronoticias.com.ar\/portal\/wp-content\/uploads\/2025\/09\/comisaria-g-campos-400x250.jpeg",400,250,true]},"author_info":{"info":["Roberto Jourd\u00e1n"]},"category_info":"<a href=\"https:\/\/centronoticias.com.ar\/portal\/category\/pol-0\/\" rel=\"category tag\">Policiales<\/a>","tag_info":"Policiales","comment_count":"0","_links":{"self":[{"href":"https:\/\/centronoticias.com.ar\/portal\/wp-json\/wp\/v2\/posts\/9287","targetHints":{"allow":["GET"]}}],"collection":[{"href":"https:\/\/centronoticias.com.ar\/portal\/wp-json\/wp\/v2\/posts"}],"about":[{"href":"https:\/\/centronoticias.com.ar\/portal\/wp-json\/wp\/v2\/types\/post"}],"author":[{"embeddable":true,"href":"https:\/\/centronoticias.com.ar\/portal\/wp-json\/wp\/v2\/users\/3"}],"replies":[{"embeddable":true,"href":"https:\/\/centronoticias.com.ar\/portal\/wp-json\/wp\/v2\/comments?post=9287"}],"version-history":[{"count":1,"href":"https:\/\/centronoticias.com.ar\/portal\/wp-json\/wp\/v2\/posts\/9287\/revisions"}],"predecessor-version":[{"id":9288,"href":"https:\/\/centronoticias.com.ar\/portal\/wp-json\/wp\/v2\/posts\/9287\/revisions\/9288"}],"wp:featuredmedia":[{"embeddable":true,"href":"https:\/\/centronoticias.com.ar\/portal\/wp-json\/wp\/v2\/media\/5167"}],"wp:attachment":[{"href":"https:\/\/centronoticias.com.ar\/portal\/wp-json\/wp\/v2\/media?parent=9287"}],"wp:term":[{"taxonomy":"category","embeddable":true,"href":"https:\/\/centronoticias.com.ar\/portal\/wp-json\/wp\/v2\/categories?post=9287"},{"taxonomy":"post_tag","embeddable":true,"href":"https:\/\/centronoticias.com.ar\/portal\/wp-json\/wp\/v2\/tags?post=9287"}],"curies":[{"name":"wp","href":"https:\/\/api.w.org\/{rel}","templated":true}]}}