{"id":9284,"date":"2026-04-27T09:22:03","date_gmt":"2026-04-27T12:22:03","guid":{"rendered":"https:\/\/centronoticias.com.ar\/portal\/?p=9284"},"modified":"2026-04-27T09:22:03","modified_gmt":"2026-04-27T12:22:03","slug":"modernizacion-urbana-barrio-san-miguel-se-transforma-con-la-llegada-de-luminarias-led","status":"publish","type":"post","link":"https:\/\/centronoticias.com.ar\/portal\/modernizacion-urbana-barrio-san-miguel-se-transforma-con-la-llegada-de-luminarias-led\/","title":{"rendered":"Modernizaci\u00f3n urbana: Barrio San Miguel se transforma con la llegada de luminarias LED"},"content":{"rendered":"\n<p class=\"has-medium-font-size\">Comenz\u00f3 el recambio de 88 luminarias de sodio por tecnolog\u00eda LED en un amplio sector del barrio. Los trabajos buscan optimizar el consumo energ\u00e9tico y brindar mayor seguridad en la zona comprendida entre las avenidas Col\u00f3n y Los Criollos.<\/p>\n\n\n\n<p class=\"has-medium-font-size\">La fisonom\u00eda nocturna de Barrio San Miguel comenz\u00f3 a cambiar  con el inicio de un importante operativo de renovaci\u00f3n del alumbrado p\u00fablico. Personal municipal dio marcha atr\u00e1s con las viejas l\u00e1mparas de sodio para dar paso a la <strong>tecnolog\u00eda LED<\/strong>, m\u00e1s eficiente y de mayor potencia lum\u00ednica.<\/p>\n\n\n\n<h4 class=\"wp-block-heading has-medium-font-size\"><strong>El alcance de la obra<\/strong><\/h4>\n\n\n\n<p class=\"has-medium-font-size\">El proyecto contempla la instalaci\u00f3n de <strong>88 nuevas luminarias<\/strong>, cubriendo un cuadrante estrat\u00e9gico del barrio:<\/p>\n\n\n\n<ul class=\"wp-block-list\">\n<li class=\"has-medium-font-size\"><strong>L\u00edmites:<\/strong> Desde Av. Col\u00f3n hasta Av. Los Criollos.<\/li>\n\n\n\n<li class=\"has-medium-font-size\"><strong>Sentido transversal:<\/strong> Desde calle Juan Manuel de Rosas hasta Combate de San Lorenzo.<\/li>\n<\/ul>\n\n\n\n<p class=\"has-medium-font-size\">Las tareas t\u00e9cnicas dieron inicio sobre la calle Juan Manuel de Rosas y, seg\u00fan informaron desde el municipio, el cronograma de trabajo se extender\u00e1 durante los pr\u00f3ximos d\u00edas hasta completar el sector previsto.<\/p>\n\n\n\n<h4 class=\"wp-block-heading has-medium-font-size\"><strong>Seguridad y Eficiencia<\/strong><\/h4>\n\n\n\n<p class=\"has-medium-font-size\">Este recambio no solo apunta a una mejora est\u00e9tica o ambiental por el menor consumo de energ\u00eda, sino que responde a un pedido directo de los vecinos para reforzar la <strong>seguridad ciudadana<\/strong>. La luz blanca del sistema LED permite una mejor visibilidad para peatones y conductores, adem\u00e1s de facilitar el monitoreo a trav\u00e9s de c\u00e1maras de seguridad en la zona.<\/p>\n","protected":false},"excerpt":{"rendered":"<p>Comenz\u00f3 el recambio de 88 luminarias de sodio por tecnolog\u00eda LED en un amplio sector&#8230;<\/p>\n","protected":false},"author":3,"featured_media":9285,"comment_status":"closed","ping_status":"open","sticky":false,"template":"","format":"standard","meta":{"footnotes":""},"categories":[21],"tags":[],"class_list":["post-9284","post","type-post","status-publish","format-standard","has-post-thumbnail","hentry","category-provinciales"],"featured_image_urls":{"full":["https:\/\/centronoticias.com.ar\/portal\/wp-content\/uploads\/2026\/04\/nuevas-luminarias.jpg",1024,684,false],"thumbnail":["https:\/\/centronoticias.com.ar\/portal\/wp-content\/uploads\/2026\/04\/nuevas-luminarias-150x150.jpg",150,150,true],"medium":["https:\/\/centronoticias.com.ar\/portal\/wp-content\/uploads\/2026\/04\/nuevas-luminarias-300x200.jpg",300,200,true],"medium_large":["https:\/\/centronoticias.com.ar\/portal\/wp-content\/uploads\/2026\/04\/nuevas-luminarias-768x513.jpg",640,428,true],"large":["https:\/\/centronoticias.com.ar\/portal\/wp-content\/uploads\/2026\/04\/nuevas-luminarias.jpg",640,428,false],"1536x1536":["https:\/\/centronoticias.com.ar\/portal\/wp-content\/uploads\/2026\/04\/nuevas-luminarias.jpg",1024,684,false],"2048x2048":["https:\/\/centronoticias.com.ar\/portal\/wp-content\/uploads\/2026\/04\/nuevas-luminarias.jpg",1024,684,false],"covernews-slider-full":["https:\/\/centronoticias.com.ar\/portal\/wp-content\/uploads\/2026\/04\/nuevas-luminarias.jpg",1024,684,false],"covernews-slider-center":["https:\/\/centronoticias.com.ar\/portal\/wp-content\/uploads\/2026\/04\/nuevas-luminarias-800x500.jpg",800,500,true],"covernews-featured":["https:\/\/centronoticias.com.ar\/portal\/wp-content\/uploads\/2026\/04\/nuevas-luminarias.jpg",1024,684,false],"covernews-medium":["https:\/\/centronoticias.com.ar\/portal\/wp-content\/uploads\/2026\/04\/nuevas-luminarias-540x340.jpg",540,340,true],"covernews-medium-square":["https:\/\/centronoticias.com.ar\/portal\/wp-content\/uploads\/2026\/04\/nuevas-luminarias-400x250.jpg",400,250,true]},"author_info":{"info":["Roberto Jourd\u00e1n"]},"category_info":"<a href=\"https:\/\/centronoticias.com.ar\/portal\/category\/provinciales\/\" rel=\"category tag\">Provinciales<\/a>","tag_info":"Provinciales","comment_count":"0","_links":{"self":[{"href":"https:\/\/centronoticias.com.ar\/portal\/wp-json\/wp\/v2\/posts\/9284","targetHints":{"allow":["GET"]}}],"collection":[{"href":"https:\/\/centronoticias.com.ar\/portal\/wp-json\/wp\/v2\/posts"}],"about":[{"href":"https:\/\/centronoticias.com.ar\/portal\/wp-json\/wp\/v2\/types\/post"}],"author":[{"embeddable":true,"href":"https:\/\/centronoticias.com.ar\/portal\/wp-json\/wp\/v2\/users\/3"}],"replies":[{"embeddable":true,"href":"https:\/\/centronoticias.com.ar\/portal\/wp-json\/wp\/v2\/comments?post=9284"}],"version-history":[{"count":1,"href":"https:\/\/centronoticias.com.ar\/portal\/wp-json\/wp\/v2\/posts\/9284\/revisions"}],"predecessor-version":[{"id":9286,"href":"https:\/\/centronoticias.com.ar\/portal\/wp-json\/wp\/v2\/posts\/9284\/revisions\/9286"}],"wp:featuredmedia":[{"embeddable":true,"href":"https:\/\/centronoticias.com.ar\/portal\/wp-json\/wp\/v2\/media\/9285"}],"wp:attachment":[{"href":"https:\/\/centronoticias.com.ar\/portal\/wp-json\/wp\/v2\/media?parent=9284"}],"wp:term":[{"taxonomy":"category","embeddable":true,"href":"https:\/\/centronoticias.com.ar\/portal\/wp-json\/wp\/v2\/categories?post=9284"},{"taxonomy":"post_tag","embeddable":true,"href":"https:\/\/centronoticias.com.ar\/portal\/wp-json\/wp\/v2\/tags?post=9284"}],"curies":[{"name":"wp","href":"https:\/\/api.w.org\/{rel}","templated":true}]}}