{"id":9281,"date":"2026-04-27T09:07:04","date_gmt":"2026-04-27T12:07:04","guid":{"rendered":"https:\/\/centronoticias.com.ar\/portal\/?p=9281"},"modified":"2026-04-27T09:07:05","modified_gmt":"2026-04-27T12:07:05","slug":"san-salvador-inversion-millonaria-para-renovar-y-ampliar-el-jardin-maternal-eduardo-marzoratti","status":"publish","type":"post","link":"https:\/\/centronoticias.com.ar\/portal\/san-salvador-inversion-millonaria-para-renovar-y-ampliar-el-jardin-maternal-eduardo-marzoratti\/","title":{"rendered":"San Salvador: Inversi\u00f3n millonaria para renovar y ampliar el Jard\u00edn Maternal \u201cEduardo Marzoratti&#8221;"},"content":{"rendered":"\n<p class=\"has-medium-font-size\">Con un presupuesto cercano a los 9 millones de pesos en materiales, el municipio avanza en la puesta en valor integral del edificio. La obra incluye el recambio total de 150 m\u00b2 de techo, la soluci\u00f3n a problemas de filtraciones y la construcci\u00f3n de una nueva sala.<\/p>\n\n\n\n<p class=\"has-medium-font-size\">La Secretar\u00eda de Obras y Servicios P\u00fablicos contin\u00faa ejecutando un ambicioso plan de mejoras en el <strong>Jard\u00edn Maternal \u201cEduardo Marzoratti&#8221;<\/strong>. El objetivo principal es brindar una soluci\u00f3n definitiva a los problemas estructurales que afectaban el normal desarrollo de las actividades, especialmente durante los d\u00edas de lluvia, y ampliar la capacidad del establecimiento.<\/p>\n\n\n\n<h4 class=\"wp-block-heading has-medium-font-size\"><strong>Soluciones de fondo<\/strong><\/h4>\n\n\n\n<p class=\"has-medium-font-size\">Los trabajos se centraron inicialmente en las \u00e1reas m\u00e1s cr\u00edticas del edificio. Entre las tareas ya ejecutadas, se destaca la <strong>demolici\u00f3n y construcci\u00f3n de 150 m\u00b2 de cubierta de techo<\/strong>, lo que garantiza la impermeabilizaci\u00f3n del sal\u00f3n principal, las salitas, la cocina y la galer\u00eda. Asimismo, se realizaron reparaciones en revoques da\u00f1ados y mejoras sustanciales en la red de agua.<\/p>\n\n\n\n<h4 class=\"wp-block-heading has-medium-font-size\"><strong>Ampliaci\u00f3n y modernizaci\u00f3n<\/strong><\/h4>\n\n\n\n<p class=\"has-medium-font-size\">Adem\u00e1s de las reparaciones, la inversi\u00f3n permite concretar la <strong>ampliaci\u00f3n de una nueva sala<\/strong>, respondiendo a la necesidad de mayor espacio para la matr\u00edcula infantil. Actualmente, las cuadrillas trabajan en:<\/p>\n\n\n\n<ul class=\"wp-block-list\">\n<li class=\"has-medium-font-size\">Renovaci\u00f3n total de la <strong>instalaci\u00f3n el\u00e9ctrica<\/strong> (bajo normas de seguridad vigentes).<\/li>\n\n\n\n<li class=\"has-medium-font-size\">Colocaci\u00f3n de <strong>nuevos cielorrasos<\/strong>.<\/li>\n\n\n\n<li class=\"has-medium-font-size\">Tareas generales de <strong>pintura<\/strong> y terminaciones.<\/li>\n<\/ul>\n\n\n\n<p class=\"has-medium-font-size\">Desde el municipio destacaron que estas acciones forman parte de un compromiso con la infraestructura educativa local, asegurando que los espacios de primera infancia sean entornos seguros, c\u00f3modos y propicios para el crecimiento de los ni\u00f1os de San Salvador.<\/p>\n","protected":false},"excerpt":{"rendered":"<p>Con un presupuesto cercano a los 9 millones de pesos en materiales, el municipio avanza&#8230;<\/p>\n","protected":false},"author":3,"featured_media":9282,"comment_status":"closed","ping_status":"open","sticky":false,"template":"","format":"standard","meta":{"footnotes":""},"categories":[31],"tags":[],"class_list":["post-9281","post","type-post","status-publish","format-standard","has-post-thumbnail","hentry","category-locales"],"featured_image_urls":{"full":["https:\/\/centronoticias.com.ar\/portal\/wp-content\/uploads\/2026\/04\/techo-jardin-marzoratti.jpeg",1080,1350,false],"thumbnail":["https:\/\/centronoticias.com.ar\/portal\/wp-content\/uploads\/2026\/04\/techo-jardin-marzoratti-150x150.jpeg",150,150,true],"medium":["https:\/\/centronoticias.com.ar\/portal\/wp-content\/uploads\/2026\/04\/techo-jardin-marzoratti-240x300.jpeg",240,300,true],"medium_large":["https:\/\/centronoticias.com.ar\/portal\/wp-content\/uploads\/2026\/04\/techo-jardin-marzoratti-768x960.jpeg",640,800,true],"large":["https:\/\/centronoticias.com.ar\/portal\/wp-content\/uploads\/2026\/04\/techo-jardin-marzoratti-819x1024.jpeg",640,800,true],"1536x1536":["https:\/\/centronoticias.com.ar\/portal\/wp-content\/uploads\/2026\/04\/techo-jardin-marzoratti.jpeg",1080,1350,false],"2048x2048":["https:\/\/centronoticias.com.ar\/portal\/wp-content\/uploads\/2026\/04\/techo-jardin-marzoratti.jpeg",1080,1350,false],"covernews-slider-full":["https:\/\/centronoticias.com.ar\/portal\/wp-content\/uploads\/2026\/04\/techo-jardin-marzoratti-1080x715.jpeg",1080,715,true],"covernews-slider-center":["https:\/\/centronoticias.com.ar\/portal\/wp-content\/uploads\/2026\/04\/techo-jardin-marzoratti-800x500.jpeg",800,500,true],"covernews-featured":["https:\/\/centronoticias.com.ar\/portal\/wp-content\/uploads\/2026\/04\/techo-jardin-marzoratti-1024x1280.jpeg",1024,1280,true],"covernews-medium":["https:\/\/centronoticias.com.ar\/portal\/wp-content\/uploads\/2026\/04\/techo-jardin-marzoratti-540x340.jpeg",540,340,true],"covernews-medium-square":["https:\/\/centronoticias.com.ar\/portal\/wp-content\/uploads\/2026\/04\/techo-jardin-marzoratti-400x250.jpeg",400,250,true]},"author_info":{"info":["Roberto Jourd\u00e1n"]},"category_info":"<a href=\"https:\/\/centronoticias.com.ar\/portal\/category\/locales\/\" rel=\"category tag\">San Salvador<\/a>","tag_info":"San Salvador","comment_count":"0","_links":{"self":[{"href":"https:\/\/centronoticias.com.ar\/portal\/wp-json\/wp\/v2\/posts\/9281","targetHints":{"allow":["GET"]}}],"collection":[{"href":"https:\/\/centronoticias.com.ar\/portal\/wp-json\/wp\/v2\/posts"}],"about":[{"href":"https:\/\/centronoticias.com.ar\/portal\/wp-json\/wp\/v2\/types\/post"}],"author":[{"embeddable":true,"href":"https:\/\/centronoticias.com.ar\/portal\/wp-json\/wp\/v2\/users\/3"}],"replies":[{"embeddable":true,"href":"https:\/\/centronoticias.com.ar\/portal\/wp-json\/wp\/v2\/comments?post=9281"}],"version-history":[{"count":1,"href":"https:\/\/centronoticias.com.ar\/portal\/wp-json\/wp\/v2\/posts\/9281\/revisions"}],"predecessor-version":[{"id":9283,"href":"https:\/\/centronoticias.com.ar\/portal\/wp-json\/wp\/v2\/posts\/9281\/revisions\/9283"}],"wp:featuredmedia":[{"embeddable":true,"href":"https:\/\/centronoticias.com.ar\/portal\/wp-json\/wp\/v2\/media\/9282"}],"wp:attachment":[{"href":"https:\/\/centronoticias.com.ar\/portal\/wp-json\/wp\/v2\/media?parent=9281"}],"wp:term":[{"taxonomy":"category","embeddable":true,"href":"https:\/\/centronoticias.com.ar\/portal\/wp-json\/wp\/v2\/categories?post=9281"},{"taxonomy":"post_tag","embeddable":true,"href":"https:\/\/centronoticias.com.ar\/portal\/wp-json\/wp\/v2\/tags?post=9281"}],"curies":[{"name":"wp","href":"https:\/\/api.w.org\/{rel}","templated":true}]}}