{"id":9266,"date":"2026-04-26T23:21:20","date_gmt":"2026-04-27T02:21:20","guid":{"rendered":"https:\/\/centronoticias.com.ar\/portal\/?p=9266"},"modified":"2026-04-26T23:39:44","modified_gmt":"2026-04-27T02:39:44","slug":"liga-villaguayense-la-reserva-de-progreso-fue-el-unico-grito-de-victoria-para-san-salvador","status":"publish","type":"post","link":"https:\/\/centronoticias.com.ar\/portal\/liga-villaguayense-la-reserva-de-progreso-fue-el-unico-grito-de-victoria-para-san-salvador\/","title":{"rendered":"Liga Villaguayense: La Reserva de Progreso fue el \u00fanico grito de victoria para San Salvador"},"content":{"rendered":"\n<p class=\"has-medium-font-size\">En una jornada dominical complicada para los equipos locales, el conjunto dirigido por Marcelo Viollaz venci\u00f3 1-0 a ADEV y se trep\u00f3 a la cima de la tabla en Tercera. En Primera, las derrotas de Progreso y Ferro marcaron un cierre de fecha dif\u00edcil. Juventud Unida observ\u00f3 fecha libre. Imagen: Reserva de Progreso Unidos (Foto: Juan Rojas).<\/p>\n\n\n\n<p class=\"has-medium-font-size\">Se complet\u00f3 la tercera fecha del Torneo Apertura &#8220;Jonathan Curbelo&#8221; de la Liga Villaguayense de F\u00fatbol y el balance para los equipos de nuestra ciudad tuvo claroscuros. Lo m\u00e1s destacado pas\u00f3 por la <strong>Divisi\u00f3n Reserva de Progreso Unidos<\/strong>, que logr\u00f3 quedarse con los tres puntos en casa y mantenerse en lo m\u00e1s alto de la competencia.<\/p>\n\n\n\n<h4 class=\"wp-block-heading has-medium-font-size\"><strong>Reserva: Progreso imparable<\/strong><\/h4>\n\n\n\n<p class=\"has-medium-font-size\">El equipo conducido t\u00e9cnicamente por <strong>Marcelo Viollaz<\/strong> derrot\u00f3 por <strong>1 a 0<\/strong> a ADEV en condici\u00f3n de local. El \u00fanico tanto del encuentro fue obra de <strong>Pedro Casse<\/strong>, un gol que no solo signific\u00f3 la victoria, sino que mantiene al &#8220;Bicho verde&#8221; como gran protagonista del Torneo Apertura &#8220;Mario Ferreyra&#8221;.<\/p>\n\n\n\n<p class=\"has-medium-font-size\">Con este resultado, Progreso Unidos comparte la punta de la tabla de posiciones en Reserva con Libertad, ambos con 9 unidades. Por su parte, Ferro no pudo pasar del empate 0-0 en su visita a Salud P\u00fablica.<\/p>\n\n\n\n<h4 class=\"wp-block-heading has-medium-font-size\"><strong>Primera: Un domingo para el olvido<\/strong><\/h4>\n\n\n\n<p class=\"has-medium-font-size\">En la categor\u00eda superior, los resultados no acompa\u00f1aron a los representantes de San Salvador. <strong>Progreso Unidos<\/strong> sufri\u00f3 una dura ca\u00edda en su estadio ante <strong>ADEV por 4 a 0<\/strong>, mientras que <strong>Ferrocarril<\/strong> regres\u00f3 de su visita a Villaguay con una derrota por <strong>3 a 1 ante Salud P\u00fablica<\/strong>.<\/p>\n\n\n\n<hr class=\"wp-block-separator has-alpha-channel-opacity\"\/>\n\n\n\n<h3 class=\"wp-block-heading\"><strong>Resultados de la Fecha (Domingo 26\/04)<\/strong><\/h3>\n\n\n\n<figure class=\"wp-block-table\"><table class=\"has-fixed-layout\"><thead><tr><td><strong>Categor\u00eda<\/strong><\/td><td><strong>Local<\/strong><\/td><td><strong>Resultado<\/strong><\/td><td><strong>Visitante<\/strong><\/td><\/tr><\/thead><tbody><tr><td><strong>Reserva<\/strong><\/td><td><strong>Progreso Unidos<\/strong><\/td><td><strong>1 &#8211; 0<\/strong><\/td><td><strong>ADEV<\/strong><\/td><\/tr><tr><td><strong>Reserva<\/strong><\/td><td><strong>Salud P\u00fablica<\/strong><\/td><td><strong>0 &#8211; 0<\/strong><\/td><td><strong>Ferro (SS)<\/strong><\/td><\/tr><tr><td><strong>Primera<\/strong><\/td><td><strong>Progreso Unidos<\/strong><\/td><td><strong>0 &#8211; 4<\/strong><\/td><td><strong>ADEV<\/strong><\/td><\/tr><tr><td><strong>Primera<\/strong><\/td><td><strong>Salud P\u00fablica<\/strong><\/td><td><strong>3 &#8211; 1<\/strong><\/td><td><strong>Ferro (SS)<\/strong><\/td><\/tr><\/tbody><\/table><\/figure>\n\n\n\n<p class=\"has-medium-font-size\"><strong>Otros resultados Primera:<\/strong> Dep. Villaguay 6-0 Parque; Gualeguay 4-3 Libertad; Barrio Sud 0-0 Sarmiento. <strong>Reserva: <\/strong>Dep. Villaguay 6-0 Parque; Gualeguay 4-3 Libertad; Barrio Sud 0-0 Sarmiento.<\/p>\n\n\n\n<hr class=\"wp-block-separator has-alpha-channel-opacity\"\/>\n\n\n\n<h3 class=\"wp-block-heading\"><strong>Tablas de Posiciones<\/strong><\/h3>\n\n\n\n<h4 class=\"wp-block-heading has-medium-font-size\"><strong>Divisi\u00f3n Reserva (Tercera)<\/strong><\/h4>\n\n\n\n<ol start=\"1\" class=\"wp-block-list\">\n<li class=\"has-medium-font-size\"><strong>Libertad:<\/strong> 9 pts. (+8)<\/li>\n\n\n\n<li class=\"has-medium-font-size\"><strong>Progreso Unidos:<\/strong> 9 pts. (+5)<\/li>\n\n\n\n<li class=\"has-medium-font-size\"><strong>Dep. Villaguay:<\/strong> 6 pts.<\/li>\n\n\n\n<li class=\"has-medium-font-size\"><strong>ADEV \/ Sarmiento:<\/strong> 4 pts.<\/li>\n\n\n\n<li class=\"has-medium-font-size\"><strong>Gualeguay\/ Parque \/ Juvetud Unida 3 pts.<\/strong><\/li>\n\n\n\n<li class=\"has-medium-font-size\"><strong>Ferro (SS) \/ Salud P\u00fablica:<\/strong> 1 pt.<\/li>\n\n\n\n<li class=\"has-medium-font-size\"><strong>Barrio Sud  0. <\/strong><\/li>\n<\/ol>\n\n\n\n<h4 class=\"wp-block-heading has-medium-font-size\"><strong>Primera Divisi\u00f3n<\/strong><\/h4>\n\n\n\n<ol start=\"1\" class=\"wp-block-list\">\n<li class=\"has-medium-font-size\"><strong>Libertad \/ Dep. Villaguay \/ Gualeguay:<\/strong> 6 pts.<\/li>\n\n\n\n<li class=\"has-medium-font-size\"><strong>Progreso Unidos \/ Parque \/ ADEV \/ Barrio Sud:<\/strong> 4 pts.<\/li>\n\n\n\n<li class=\"has-medium-font-size\"><strong>Juventud Unida\/Salud P\u00fablica:<\/strong> 3 pts.<\/li>\n\n\n\n<li class=\"has-medium-font-size\"><strong>Sarmiento:<\/strong> 2 pts.<\/li>\n\n\n\n<li class=\"has-medium-font-size\"><strong>Ferro (SS):<\/strong> 0 pts.<\/li>\n<\/ol>\n\n\n\n<p class=\"has-medium-font-size\"><strong>Pr\u00f3xima fecha &#8211; Cuarta<\/strong><\/p>\n\n\n\n<p class=\"has-medium-font-size\">Barrio Sud vs. ADEV<\/p>\n\n\n\n<p class=\"has-medium-font-size\">Parque vs. Salud P\u00fablica<\/p>\n\n\n\n<p class=\"has-medium-font-size\">Ferro vs. Gualeguay<\/p>\n\n\n\n<p class=\"has-medium-font-size\">Libertad vs. Juventud Unida<\/p>\n\n\n\n<p class=\"has-medium-font-size\">Deportivo Villaguay vs. Progreso <\/p>\n\n\n\n<p class=\"has-medium-font-size\">Libre: Sarmiento<\/p>\n","protected":false},"excerpt":{"rendered":"<p>En una jornada dominical complicada para los equipos locales, el conjunto dirigido por Marcelo Viollaz&#8230;<\/p>\n","protected":false},"author":3,"featured_media":9267,"comment_status":"closed","ping_status":"open","sticky":false,"template":"","format":"standard","meta":{"footnotes":""},"categories":[6,21],"tags":[],"class_list":["post-9266","post","type-post","status-publish","format-standard","has-post-thumbnail","hentry","category-dep-0","category-provinciales"],"featured_image_urls":{"full":["https:\/\/centronoticias.com.ar\/portal\/wp-content\/uploads\/2026\/04\/Progreso-Reserva.jpg",934,716,false],"thumbnail":["https:\/\/centronoticias.com.ar\/portal\/wp-content\/uploads\/2026\/04\/Progreso-Reserva-150x150.jpg",150,150,true],"medium":["https:\/\/centronoticias.com.ar\/portal\/wp-content\/uploads\/2026\/04\/Progreso-Reserva-300x230.jpg",300,230,true],"medium_large":["https:\/\/centronoticias.com.ar\/portal\/wp-content\/uploads\/2026\/04\/Progreso-Reserva-768x589.jpg",640,491,true],"large":["https:\/\/centronoticias.com.ar\/portal\/wp-content\/uploads\/2026\/04\/Progreso-Reserva.jpg",640,491,false],"1536x1536":["https:\/\/centronoticias.com.ar\/portal\/wp-content\/uploads\/2026\/04\/Progreso-Reserva.jpg",934,716,false],"2048x2048":["https:\/\/centronoticias.com.ar\/portal\/wp-content\/uploads\/2026\/04\/Progreso-Reserva.jpg",934,716,false],"covernews-slider-full":["https:\/\/centronoticias.com.ar\/portal\/wp-content\/uploads\/2026\/04\/Progreso-Reserva.jpg",933,715,false],"covernews-slider-center":["https:\/\/centronoticias.com.ar\/portal\/wp-content\/uploads\/2026\/04\/Progreso-Reserva-800x500.jpg",800,500,true],"covernews-featured":["https:\/\/centronoticias.com.ar\/portal\/wp-content\/uploads\/2026\/04\/Progreso-Reserva.jpg",934,716,false],"covernews-medium":["https:\/\/centronoticias.com.ar\/portal\/wp-content\/uploads\/2026\/04\/Progreso-Reserva-540x340.jpg",540,340,true],"covernews-medium-square":["https:\/\/centronoticias.com.ar\/portal\/wp-content\/uploads\/2026\/04\/Progreso-Reserva-400x250.jpg",400,250,true]},"author_info":{"info":["Roberto Jourd\u00e1n"]},"category_info":"<a href=\"https:\/\/centronoticias.com.ar\/portal\/category\/dep-0\/\" rel=\"category tag\">Deportes<\/a> <a href=\"https:\/\/centronoticias.com.ar\/portal\/category\/provinciales\/\" rel=\"category tag\">Provinciales<\/a>","tag_info":"Provinciales","comment_count":"0","_links":{"self":[{"href":"https:\/\/centronoticias.com.ar\/portal\/wp-json\/wp\/v2\/posts\/9266","targetHints":{"allow":["GET"]}}],"collection":[{"href":"https:\/\/centronoticias.com.ar\/portal\/wp-json\/wp\/v2\/posts"}],"about":[{"href":"https:\/\/centronoticias.com.ar\/portal\/wp-json\/wp\/v2\/types\/post"}],"author":[{"embeddable":true,"href":"https:\/\/centronoticias.com.ar\/portal\/wp-json\/wp\/v2\/users\/3"}],"replies":[{"embeddable":true,"href":"https:\/\/centronoticias.com.ar\/portal\/wp-json\/wp\/v2\/comments?post=9266"}],"version-history":[{"count":3,"href":"https:\/\/centronoticias.com.ar\/portal\/wp-json\/wp\/v2\/posts\/9266\/revisions"}],"predecessor-version":[{"id":9271,"href":"https:\/\/centronoticias.com.ar\/portal\/wp-json\/wp\/v2\/posts\/9266\/revisions\/9271"}],"wp:featuredmedia":[{"embeddable":true,"href":"https:\/\/centronoticias.com.ar\/portal\/wp-json\/wp\/v2\/media\/9267"}],"wp:attachment":[{"href":"https:\/\/centronoticias.com.ar\/portal\/wp-json\/wp\/v2\/media?parent=9266"}],"wp:term":[{"taxonomy":"category","embeddable":true,"href":"https:\/\/centronoticias.com.ar\/portal\/wp-json\/wp\/v2\/categories?post=9266"},{"taxonomy":"post_tag","embeddable":true,"href":"https:\/\/centronoticias.com.ar\/portal\/wp-json\/wp\/v2\/tags?post=9266"}],"curies":[{"name":"wp","href":"https:\/\/api.w.org\/{rel}","templated":true}]}}