{"id":9245,"date":"2026-04-24T20:47:26","date_gmt":"2026-04-24T23:47:26","guid":{"rendered":"https:\/\/centronoticias.com.ar\/portal\/?p=9245"},"modified":"2026-04-24T20:47:27","modified_gmt":"2026-04-24T23:47:27","slug":"basquet-ferro-debuta-como-local-en-el-inicio-de-la-liga-provincial-u11","status":"publish","type":"post","link":"https:\/\/centronoticias.com.ar\/portal\/basquet-ferro-debuta-como-local-en-el-inicio-de-la-liga-provincial-u11\/","title":{"rendered":"B\u00e1squet: Ferro debuta como local en el inicio de la Liga Provincial U11"},"content":{"rendered":"\n<p class=\"has-medium-font-size\">Este domingo 26 de abril, el estadio de Ferro ser\u00e1 la sede de la primera fecha de la Zona 5. Los dirigidos por Mart\u00edn Poque se medir\u00e1n ante Pe\u00f1arol de Rosario del Tala y La Uni\u00f3n de Col\u00f3n en el arranque del certamen federativo.<\/p>\n\n\n\n<p class=\"has-medium-font-size\">El b\u00e1squet formativo de nuestra ciudad se viste de gala para recibir la primera jornada de la <strong>Liga Provincial de Clubes de Entre R\u00edos<\/strong>, categor\u00eda <strong>U11 (Mini)<\/strong>. Tras una modificaci\u00f3n en el calendario, la Federaci\u00f3n de B\u00e1squetbol de Entre R\u00edos (FBER) confirm\u00f3 que la local\u00eda para la Zona 5 recaer\u00e1 en el Club Deportivo Ferrocarril.<\/p>\n\n\n\n<p class=\"has-medium-font-size\">El equipo sansalvadore\u00f1o llega a esta instancia tras haber sorteado con \u00e9xito una exigente fase clasificatoria dentro de la Asociaci\u00f3n Concordiense de B\u00e1squetbol, donde obtuvo una de las tres plazas en juego frente a rivales de fuste como Colegio San Jos\u00e9, Estudiantes y Ferro de Concordia.<\/p>\n\n\n\n<h4 class=\"wp-block-heading has-medium-font-size\"><strong>Cronograma de partidos para el domingo<\/strong><\/h4>\n\n\n\n<p class=\"has-medium-font-size\">La actividad en el estadio &#8220;verde&#8221; comenzar\u00e1 temprano y se extender\u00e1 durante toda la tarde:<\/p>\n\n\n\n<ul class=\"wp-block-list\">\n<li class=\"has-medium-font-size\"><strong>10:30 hs:<\/strong> <strong>Ferro (San Salvador)<\/strong> vs. Pe\u00f1arol (Rosario del Tala)<\/li>\n\n\n\n<li class=\"has-medium-font-size\"><strong>14:00 hs:<\/strong> La Uni\u00f3n (Col\u00f3n) vs. Pe\u00f1arol (Rosario del Tala)<\/li>\n\n\n\n<li class=\"has-medium-font-size\"><strong>17:00 hs:<\/strong> <strong>Ferro (San Salvador)<\/strong> vs. La Uni\u00f3n (Col\u00f3n)<\/li>\n<\/ul>\n\n\n\n<h4 class=\"wp-block-heading has-medium-font-size\"><strong>Formato de competencia<\/strong><\/h4>\n\n\n\n<p class=\"has-medium-font-size\">Esta fase inicial se juega bajo la modalidad de &#8220;triangular&#8221; en tres fechas (una en cada ciudad). Tras el debut en San Salvador, la acci\u00f3n se trasladar\u00e1 a Col\u00f3n y posteriormente a Rosario del Tala. Al finalizar las tres jornadas, los <strong>dos mejores equipos de la zona<\/strong> sellar\u00e1n su pasaporte a la siguiente instancia de la Liga Provincial.<\/p>\n\n\n\n<p class=\"has-medium-font-size\">Desde el club invitan a toda la comunidad a acompa\u00f1ar a los chicos y al cuerpo t\u00e9cnico en lo que ser\u00e1 una jornada hist\u00f3rica para el semillero del b\u00e1squet local.<\/p>\n","protected":false},"excerpt":{"rendered":"<p>Este domingo 26 de abril, el estadio de Ferro ser\u00e1 la sede de la primera&#8230;<\/p>\n","protected":false},"author":3,"featured_media":8411,"comment_status":"closed","ping_status":"open","sticky":false,"template":"","format":"standard","meta":{"footnotes":""},"categories":[6],"tags":[],"class_list":["post-9245","post","type-post","status-publish","format-standard","has-post-thumbnail","hentry","category-dep-0"],"featured_image_urls":{"full":["https:\/\/centronoticias.com.ar\/portal\/wp-content\/uploads\/2026\/03\/Ferro-U11.jpg",1024,698,false],"thumbnail":["https:\/\/centronoticias.com.ar\/portal\/wp-content\/uploads\/2026\/03\/Ferro-U11-150x150.jpg",150,150,true],"medium":["https:\/\/centronoticias.com.ar\/portal\/wp-content\/uploads\/2026\/03\/Ferro-U11-300x204.jpg",300,204,true],"medium_large":["https:\/\/centronoticias.com.ar\/portal\/wp-content\/uploads\/2026\/03\/Ferro-U11-768x524.jpg",640,437,true],"large":["https:\/\/centronoticias.com.ar\/portal\/wp-content\/uploads\/2026\/03\/Ferro-U11.jpg",640,436,false],"1536x1536":["https:\/\/centronoticias.com.ar\/portal\/wp-content\/uploads\/2026\/03\/Ferro-U11.jpg",1024,698,false],"2048x2048":["https:\/\/centronoticias.com.ar\/portal\/wp-content\/uploads\/2026\/03\/Ferro-U11.jpg",1024,698,false],"covernews-slider-full":["https:\/\/centronoticias.com.ar\/portal\/wp-content\/uploads\/2026\/03\/Ferro-U11.jpg",1024,698,false],"covernews-slider-center":["https:\/\/centronoticias.com.ar\/portal\/wp-content\/uploads\/2026\/03\/Ferro-U11-800x500.jpg",800,500,true],"covernews-featured":["https:\/\/centronoticias.com.ar\/portal\/wp-content\/uploads\/2026\/03\/Ferro-U11.jpg",1024,698,false],"covernews-medium":["https:\/\/centronoticias.com.ar\/portal\/wp-content\/uploads\/2026\/03\/Ferro-U11-540x340.jpg",540,340,true],"covernews-medium-square":["https:\/\/centronoticias.com.ar\/portal\/wp-content\/uploads\/2026\/03\/Ferro-U11-400x250.jpg",400,250,true]},"author_info":{"info":["Roberto Jourd\u00e1n"]},"category_info":"<a href=\"https:\/\/centronoticias.com.ar\/portal\/category\/dep-0\/\" rel=\"category tag\">Deportes<\/a>","tag_info":"Deportes","comment_count":"0","_links":{"self":[{"href":"https:\/\/centronoticias.com.ar\/portal\/wp-json\/wp\/v2\/posts\/9245","targetHints":{"allow":["GET"]}}],"collection":[{"href":"https:\/\/centronoticias.com.ar\/portal\/wp-json\/wp\/v2\/posts"}],"about":[{"href":"https:\/\/centronoticias.com.ar\/portal\/wp-json\/wp\/v2\/types\/post"}],"author":[{"embeddable":true,"href":"https:\/\/centronoticias.com.ar\/portal\/wp-json\/wp\/v2\/users\/3"}],"replies":[{"embeddable":true,"href":"https:\/\/centronoticias.com.ar\/portal\/wp-json\/wp\/v2\/comments?post=9245"}],"version-history":[{"count":1,"href":"https:\/\/centronoticias.com.ar\/portal\/wp-json\/wp\/v2\/posts\/9245\/revisions"}],"predecessor-version":[{"id":9246,"href":"https:\/\/centronoticias.com.ar\/portal\/wp-json\/wp\/v2\/posts\/9245\/revisions\/9246"}],"wp:featuredmedia":[{"embeddable":true,"href":"https:\/\/centronoticias.com.ar\/portal\/wp-json\/wp\/v2\/media\/8411"}],"wp:attachment":[{"href":"https:\/\/centronoticias.com.ar\/portal\/wp-json\/wp\/v2\/media?parent=9245"}],"wp:term":[{"taxonomy":"category","embeddable":true,"href":"https:\/\/centronoticias.com.ar\/portal\/wp-json\/wp\/v2\/categories?post=9245"},{"taxonomy":"post_tag","embeddable":true,"href":"https:\/\/centronoticias.com.ar\/portal\/wp-json\/wp\/v2\/tags?post=9245"}],"curies":[{"name":"wp","href":"https:\/\/api.w.org\/{rel}","templated":true}]}}