{"id":9241,"date":"2026-04-24T20:24:49","date_gmt":"2026-04-24T23:24:49","guid":{"rendered":"https:\/\/centronoticias.com.ar\/portal\/?p=9241"},"modified":"2026-04-24T20:24:50","modified_gmt":"2026-04-24T23:24:50","slug":"en-una-numerosa-marcha-la-multisectorial-afirmo-que-la-reforma-previsional-es-perdida-de-derechos","status":"publish","type":"post","link":"https:\/\/centronoticias.com.ar\/portal\/en-una-numerosa-marcha-la-multisectorial-afirmo-que-la-reforma-previsional-es-perdida-de-derechos\/","title":{"rendered":"En una numerosa marcha, la multisectorial afirm\u00f3 que la reforma previsional \u201ces p\u00e9rdida de derechos\u201d"},"content":{"rendered":"\n<p class=\"has-medium-font-size\">Una multitudinaria marcha sacudi\u00f3 la mediama\u00f1ana en Paran\u00e1: organizaciones sindicales y sociales se concentraron a las 10 de la ma\u00f1ana en Plaza 1\u00b0 de Mayo y, detr\u00e1s de un enorme cartel con la leyenda \u201cEn defensa del sistema previsional entrerriano\u201d, marcharon a Casa de Gobierno para manifestar el rechazo a los cambios que el Gobierno proyecta en el sistema previsional y en particular en el texto de la Ley N\u00b0 8.732.<\/p>\n\n\n\n<p class=\"has-medium-font-size\">\u201cNo vamos a permitir que se avance sobre nuestros derechos ni que se ponga en riesgo el futuro de nuestros trabajadores jubilados y activos\u201d, plante\u00f3 el documento consensuado que se ley\u00f3 al final de la movilizaci\u00f3n. \u201cExigimos a los legisladores que est\u00e9n a la altura de las circunstancias, se informen debidamente en la defensa del sistema previsional, los derechos jubilatorios y las herramientas necesarias para su cumplimiento, la ley que emana de los trabajadores y las garant\u00edas constitucionales que nos asisten\u201d, agreg\u00f3.<\/p>\n\n\n\n<p class=\"has-medium-font-size\">Y observ\u00f3: \u201cLos entrerrianos y entrerrianas nos encontramos ante una propuesta de reforma previsional que nos preocupa, nos convoca y nos une en la defensa de lo que forma parte de la salud, dignidad y felicidad de trabajadores y jubilados\u201d.<\/p>\n\n\n\n<p class=\"has-medium-font-size\">\u201cLa mencionada reforma, tal como se presenta, agrede, resiente, retrotrae hist\u00f3ricas conquistas que la comunidad organizada supo alcanzar. Es una p\u00e9rdida de derechos\u201d, subray\u00f3.<\/p>\n\n\n\n<p class=\"has-medium-font-size\">En ese orden de ideas, puntualiz\u00f3 que la Ley N\u00b0 8.732 \u2013que estructura el sistema jubilatorio entrerriano- \u201ces producto de la lucha organizada de la clase trabajadora, activos y jubilados, para preservar los derechos previsionales. Lucha dada en un contexto enormemente adverso ante las pol\u00edticas neoliberales que buscaron desguazar el Estado en beneficio de una minor\u00eda privilegiada. Hoy, como entonces, las garant\u00edas expresadas en la ley nos convocan hoy en su defensa\u201d.<\/p>\n\n\n\n<p class=\"has-medium-font-size\">La convocatoria, que reuni\u00f3 a la Asociaci\u00f3n Gremial del Magisterio de Entre R\u00edos (Agmer) \u2013que este jueves concret\u00f3 el cuarto paro del actual ciclo lectivo-, la Asociaci\u00f3n Trabajadores del Estado (ATE), el Sindicato Argentino de Docentes Particulares (Sadop), la Asociaci\u00f3n Judicial de Entre R\u00edos (AJER), la Asociaci\u00f3n del Personal Legislativo de Entre R\u00edos (APLER), el Sindicato Uni\u00f3n Obreros y Empleados Municipales (Suoyem), la Asociaci\u00f3n del Personal Superior (APS) de la Municipalidad de Paran\u00e1, los viales, los bancarios, el Sindicato de Luz y Fuerza, la Federaci\u00f3n de Jubilados y Pensionados Provinciales, autoconvocados y a la Central de Trabajadores Argentinos (CTA), busc\u00f3 anticiparse al debate legislativo de la reforma y plantar su oposici\u00f3n.<\/p>\n\n\n\n<p class=\"has-medium-font-size\">\u201cReivindicamos el sentido solidario y generacional de nuestra Caja de Jubilaciones y Pensiones Provinciales como un logro colectivo, sostenidos por normas expresadas en la 8.732 y en nuestra Constituci\u00f3n, respecto a su financiamiento, las obligaciones de los gobiernos, el c\u00e1lculo del haber y el acceso a una jubilaci\u00f3n plena\u201d, defini\u00f3 el documento que consensuaron las organizaciones convocantes.<\/p>\n\n\n\n<p class=\"has-medium-font-size\">Y sum\u00f3: \u201cEn l\u00ednea con lo enunciado, rechazamos clara y enf\u00e1ticamente la reforma que implica la p\u00e9rdida de derechos vigentes. No podemos, bajo ning\u00fan punto de vista aceptar retroceso en derechos garantizados constitucionalmente\u201d.<\/p>\n\n\n\n<p class=\"has-medium-font-size\">\u201cEl sentido com\u00fan, el compromiso de representar y defender los derechos adquiridos, se expresa en esta convocatoria horizontal, democr\u00e1tica y emp\u00e1tica que nos convoca m\u00e1s all\u00e1 de las diferencias. Nos une el objetivo de acompa\u00f1ar y sostener a los trabajadores, servidores p\u00fablicos activos y jubilados de Entre R\u00edos en la defensa activa de los derechos del presente y futuro de nuestra provincia. Los tiempos dif\u00edciles que atravesamos exigen un diagn\u00f3stico certero y una respuesta responsable\u201d, puntualiz\u00f3.<\/p>\n\n\n\n<p class=\"has-medium-font-size\">M\u00e1s adelante, apunt\u00f3 el documento que los trabajadores activos y jubilados \u201cno somos responsables de los desequilibrios ni del desfinanciamiento. Por el contrario, hemos sido v\u00edctimas de decisiones err\u00f3neas, manejos ajenos y arbitrariedades que transitan por la ilegalidad. El art\u00edculo 82 de la Constituci\u00f3n Provincial es claro. Todo incremento salarial debe estar sujeto a aportes y contribuciones. El Gobierno incumple este mandato constitucional. Hoy, nuestras futuras jubilaciones y el sostenimiento de un sistema solidario se ve desfinanciado por decretos unilaterales e imposiciones con montos no remunerativos ni bonificables, am\u00e9n de ser absolutamente insuficientes. El congelamiento salarial de hecho frente a la inflaci\u00f3n empobrece y desfinancia. Este reclamo tambi\u00e9n nos unifica en esta Multisectorial: queremos aumento ya. Ning\u00fan monto en negro en nuestro salario\u201d.<\/p>\n\n\n\n<p class=\"has-medium-font-size\">Y asever\u00f3: \u201cSostenemos que existen alternativas reales y concretas para mantener la vigencia de la Ley 8.732\u201d.<\/p>\n\n\n\n<p class=\"has-medium-font-size\">\u201cComo movimiento obrero, desde un conjunto de sindicatos y organizaciones, como comunidad, en unidad nos organizaremos en una movilizaci\u00f3n contundente, para dejar en claro que no aceptaremos ser perjudicados. Articulando todas las acciones gremiales, pol\u00edticas y judiciales que est\u00e9n a nuestro alcance\u201d, defini\u00f3 el documento.<\/p>\n\n\n\n<p class=\"has-medium-font-size\">Luego, indic\u00f3: \u201cEs obligaci\u00f3n, por ley, que el estado debe compensar el supuesto d\u00e9ficit. No se puede gobernar para las minor\u00edas privilegiadas sino es deber del estado gobernar para la colectividad. Claramente la propuesta de reforma es regresiva, de ajuste en el ingreso de alica\u00eddos bolsillos de jubilados actuales y futuros, de recortes de nuestras jubilaciones que afecta y profundiza la grave situaci\u00f3n del mercado interno entrerriano, en ca\u00edda libre por falta de circulante que mueva la econom\u00eda. La ca\u00edda del consumo afecta a los comercios, f\u00e1bricas, bienes y servicios locales obligados al achique o el cierre. Por qu\u00e9 no gravar la riqueza para crear un fondo social para atender contingencias\u201d.<strong>Fuente:<\/strong>&nbsp;Entre R\u00edos Ahora<\/p>\n","protected":false},"excerpt":{"rendered":"<p>Una multitudinaria marcha sacudi\u00f3 la mediama\u00f1ana en Paran\u00e1: organizaciones sindicales y sociales se concentraron a&#8230;<\/p>\n","protected":false},"author":3,"featured_media":9242,"comment_status":"closed","ping_status":"open","sticky":false,"template":"","format":"standard","meta":{"footnotes":""},"categories":[30],"tags":[],"class_list":["post-9241","post","type-post","status-publish","format-standard","has-post-thumbnail","hentry","category-intgen"],"featured_image_urls":{"full":["https:\/\/centronoticias.com.ar\/portal\/wp-content\/uploads\/2026\/04\/multisectorial.jpg",870,580,false],"thumbnail":["https:\/\/centronoticias.com.ar\/portal\/wp-content\/uploads\/2026\/04\/multisectorial-150x150.jpg",150,150,true],"medium":["https:\/\/centronoticias.com.ar\/portal\/wp-content\/uploads\/2026\/04\/multisectorial-300x200.jpg",300,200,true],"medium_large":["https:\/\/centronoticias.com.ar\/portal\/wp-content\/uploads\/2026\/04\/multisectorial-768x512.jpg",640,427,true],"large":["https:\/\/centronoticias.com.ar\/portal\/wp-content\/uploads\/2026\/04\/multisectorial.jpg",640,427,false],"1536x1536":["https:\/\/centronoticias.com.ar\/portal\/wp-content\/uploads\/2026\/04\/multisectorial.jpg",870,580,false],"2048x2048":["https:\/\/centronoticias.com.ar\/portal\/wp-content\/uploads\/2026\/04\/multisectorial.jpg",870,580,false],"covernews-slider-full":["https:\/\/centronoticias.com.ar\/portal\/wp-content\/uploads\/2026\/04\/multisectorial.jpg",870,580,false],"covernews-slider-center":["https:\/\/centronoticias.com.ar\/portal\/wp-content\/uploads\/2026\/04\/multisectorial-800x500.jpg",800,500,true],"covernews-featured":["https:\/\/centronoticias.com.ar\/portal\/wp-content\/uploads\/2026\/04\/multisectorial.jpg",870,580,false],"covernews-medium":["https:\/\/centronoticias.com.ar\/portal\/wp-content\/uploads\/2026\/04\/multisectorial-540x340.jpg",540,340,true],"covernews-medium-square":["https:\/\/centronoticias.com.ar\/portal\/wp-content\/uploads\/2026\/04\/multisectorial-400x250.jpg",400,250,true]},"author_info":{"info":["Roberto Jourd\u00e1n"]},"category_info":"<a href=\"https:\/\/centronoticias.com.ar\/portal\/category\/intgen\/\" rel=\"category tag\">Inter\u00e9s General<\/a>","tag_info":"Inter\u00e9s General","comment_count":"0","_links":{"self":[{"href":"https:\/\/centronoticias.com.ar\/portal\/wp-json\/wp\/v2\/posts\/9241","targetHints":{"allow":["GET"]}}],"collection":[{"href":"https:\/\/centronoticias.com.ar\/portal\/wp-json\/wp\/v2\/posts"}],"about":[{"href":"https:\/\/centronoticias.com.ar\/portal\/wp-json\/wp\/v2\/types\/post"}],"author":[{"embeddable":true,"href":"https:\/\/centronoticias.com.ar\/portal\/wp-json\/wp\/v2\/users\/3"}],"replies":[{"embeddable":true,"href":"https:\/\/centronoticias.com.ar\/portal\/wp-json\/wp\/v2\/comments?post=9241"}],"version-history":[{"count":1,"href":"https:\/\/centronoticias.com.ar\/portal\/wp-json\/wp\/v2\/posts\/9241\/revisions"}],"predecessor-version":[{"id":9243,"href":"https:\/\/centronoticias.com.ar\/portal\/wp-json\/wp\/v2\/posts\/9241\/revisions\/9243"}],"wp:featuredmedia":[{"embeddable":true,"href":"https:\/\/centronoticias.com.ar\/portal\/wp-json\/wp\/v2\/media\/9242"}],"wp:attachment":[{"href":"https:\/\/centronoticias.com.ar\/portal\/wp-json\/wp\/v2\/media?parent=9241"}],"wp:term":[{"taxonomy":"category","embeddable":true,"href":"https:\/\/centronoticias.com.ar\/portal\/wp-json\/wp\/v2\/categories?post=9241"},{"taxonomy":"post_tag","embeddable":true,"href":"https:\/\/centronoticias.com.ar\/portal\/wp-json\/wp\/v2\/tags?post=9241"}],"curies":[{"name":"wp","href":"https:\/\/api.w.org\/{rel}","templated":true}]}}