{"id":865,"date":"2025-02-11T19:08:59","date_gmt":"2025-02-11T22:08:59","guid":{"rendered":"https:\/\/centronoticias.com.ar\/portal\/?p=865"},"modified":"2025-02-11T19:09:01","modified_gmt":"2025-02-11T22:09:01","slug":"agradecimiento-de-los-organizadores-de-los-corsos","status":"publish","type":"post","link":"https:\/\/centronoticias.com.ar\/portal\/agradecimiento-de-los-organizadores-de-los-corsos\/","title":{"rendered":"Agradecimiento de los organizadores de los corsos"},"content":{"rendered":"\n<p style=\"font-size:24px\">COMUNICADO OFICIAL<\/p>\n\n\n\n<p style=\"font-size:24px\">En nombre de los clubes organizadores de los corsos sansalvadore\u00f1os, queremos expresar nuestro m\u00e1s sincero agradecimiento a todas las personas que asistieron y apoyaron la primera noche de esta gran celebraci\u00f3n.<\/p>\n\n\n\n<p style=\"font-size:24px\">Un reconocimiento especial a la prensa por la difusi\u00f3n y cobertura, as\u00ed como a la Polic\u00eda por su excelente trabajo en la seguridad y organizaci\u00f3n, permitiendo que la noche transcurriera sin incidentes.<\/p>\n\n\n\n<p style=\"font-size:24px\">Tambi\u00e9n queremos destacar el esfuerzo de quienes trabajaron en el sonido, el locutor, los colaboradores y las familias que dedicaron su tiempo y energ\u00eda en la cantina y en cada detalle de la organizaci\u00f3n.<\/p>\n\n\n\n<p style=\"font-size:24px\">Sabemos que, a pesar del \u00e9xito de la jornada, hubo aspectos a mejorar en la coordinaci\u00f3n y presentaci\u00f3n de las comparsas. Agradecemos a quienes, con sus cr\u00edticas constructivas, nos ayudan a crecer y perfeccionar cada edici\u00f3n.<\/p>\n\n\n\n<p style=\"font-size:24px\">Asimismo, extendemos nuestro agradecimiento al Municipio de San Salvador por su apoyo y colaboraci\u00f3n, fundamentales para la realizaci\u00f3n de esta fiesta popular.<\/p>\n\n\n\n<p style=\"font-size:24px\">Este evento es el resultado del esfuerzo conjunto de toda la comunidad, y valoramos profundamente el aporte de cada persona que, de una u otra manera, hizo posible esta noche inolvidable.<\/p>\n\n\n\n<p style=\"font-size:24px\">Seguiremos trabajando para ofrecer espect\u00e1culos cada vez m\u00e1s vibrantes y emocionantes.<\/p>\n\n\n\n<p style=\"font-size:24px\">\u00a1Gracias a todos!<\/p>\n\n\n\n<p style=\"font-size:24px\">Atentamente:<br>Motokartsansalvador, Uni\u00f3n y Fraternidad, Deportivo Ferrocarril, Sportivo San Salvador y Progreso Unidos.<\/p>\n","protected":false},"excerpt":{"rendered":"<p>COMUNICADO OFICIAL En nombre de los clubes organizadores de los corsos sansalvadore\u00f1os, queremos expresar nuestro&#8230;<\/p>\n","protected":false},"author":3,"featured_media":866,"comment_status":"closed","ping_status":"open","sticky":false,"template":"","format":"standard","meta":{"footnotes":""},"categories":[15],"tags":[],"class_list":["post-865","post","type-post","status-publish","format-standard","has-post-thumbnail","hentry","category-cultura-esp"],"featured_image_urls":{"full":["https:\/\/centronoticias.com.ar\/portal\/wp-content\/uploads\/2025\/02\/irupe.jpg",800,489,false],"thumbnail":["https:\/\/centronoticias.com.ar\/portal\/wp-content\/uploads\/2025\/02\/irupe-150x150.jpg",150,150,true],"medium":["https:\/\/centronoticias.com.ar\/portal\/wp-content\/uploads\/2025\/02\/irupe-300x183.jpg",300,183,true],"medium_large":["https:\/\/centronoticias.com.ar\/portal\/wp-content\/uploads\/2025\/02\/irupe-768x469.jpg",640,391,true],"large":["https:\/\/centronoticias.com.ar\/portal\/wp-content\/uploads\/2025\/02\/irupe.jpg",640,391,false],"1536x1536":["https:\/\/centronoticias.com.ar\/portal\/wp-content\/uploads\/2025\/02\/irupe.jpg",800,489,false],"2048x2048":["https:\/\/centronoticias.com.ar\/portal\/wp-content\/uploads\/2025\/02\/irupe.jpg",800,489,false],"covernews-slider-full":["https:\/\/centronoticias.com.ar\/portal\/wp-content\/uploads\/2025\/02\/irupe.jpg",800,489,false],"covernews-slider-center":["https:\/\/centronoticias.com.ar\/portal\/wp-content\/uploads\/2025\/02\/irupe.jpg",800,489,false],"covernews-featured":["https:\/\/centronoticias.com.ar\/portal\/wp-content\/uploads\/2025\/02\/irupe.jpg",800,489,false],"covernews-medium":["https:\/\/centronoticias.com.ar\/portal\/wp-content\/uploads\/2025\/02\/irupe-540x340.jpg",540,340,true],"covernews-medium-square":["https:\/\/centronoticias.com.ar\/portal\/wp-content\/uploads\/2025\/02\/irupe-400x250.jpg",400,250,true]},"author_info":{"info":["Roberto Jourd\u00e1n"]},"category_info":"<a href=\"https:\/\/centronoticias.com.ar\/portal\/category\/cultura-esp\/\" rel=\"category tag\">Cultura<\/a>","tag_info":"Cultura","comment_count":"0","_links":{"self":[{"href":"https:\/\/centronoticias.com.ar\/portal\/wp-json\/wp\/v2\/posts\/865","targetHints":{"allow":["GET"]}}],"collection":[{"href":"https:\/\/centronoticias.com.ar\/portal\/wp-json\/wp\/v2\/posts"}],"about":[{"href":"https:\/\/centronoticias.com.ar\/portal\/wp-json\/wp\/v2\/types\/post"}],"author":[{"embeddable":true,"href":"https:\/\/centronoticias.com.ar\/portal\/wp-json\/wp\/v2\/users\/3"}],"replies":[{"embeddable":true,"href":"https:\/\/centronoticias.com.ar\/portal\/wp-json\/wp\/v2\/comments?post=865"}],"version-history":[{"count":1,"href":"https:\/\/centronoticias.com.ar\/portal\/wp-json\/wp\/v2\/posts\/865\/revisions"}],"predecessor-version":[{"id":867,"href":"https:\/\/centronoticias.com.ar\/portal\/wp-json\/wp\/v2\/posts\/865\/revisions\/867"}],"wp:featuredmedia":[{"embeddable":true,"href":"https:\/\/centronoticias.com.ar\/portal\/wp-json\/wp\/v2\/media\/866"}],"wp:attachment":[{"href":"https:\/\/centronoticias.com.ar\/portal\/wp-json\/wp\/v2\/media?parent=865"}],"wp:term":[{"taxonomy":"category","embeddable":true,"href":"https:\/\/centronoticias.com.ar\/portal\/wp-json\/wp\/v2\/categories?post=865"},{"taxonomy":"post_tag","embeddable":true,"href":"https:\/\/centronoticias.com.ar\/portal\/wp-json\/wp\/v2\/tags?post=865"}],"curies":[{"name":"wp","href":"https:\/\/api.w.org\/{rel}","templated":true}]}}