{"id":858,"date":"2025-02-11T00:27:00","date_gmt":"2025-02-11T03:27:00","guid":{"rendered":"https:\/\/centronoticias.com.ar\/portal\/?p=858"},"modified":"2025-02-11T19:14:42","modified_gmt":"2025-02-11T22:14:42","slug":"a-pesar-de-la-caida-en-los-recursos-la-provincia-ya-cancelo-192-millones-de-dolares-de-la-deuda-que-heredo","status":"publish","type":"post","link":"https:\/\/centronoticias.com.ar\/portal\/a-pesar-de-la-caida-en-los-recursos-la-provincia-ya-cancelo-192-millones-de-dolares-de-la-deuda-que-heredo\/","title":{"rendered":"A pesar de la ca\u00edda en los recursos, la provincia ya cancel\u00f3 192 millones de d\u00f3lares de la deuda que hered\u00f3"},"content":{"rendered":"\n<p style=\"font-size:24px\"><strong>La gesti\u00f3n del gobernador Rogelio Frigerio pag\u00f3 el 8 de febrero 61,9 millones de d\u00f3lares de un nuevo vencimiento de capital e intereses de la deuda internacional que contrajo la gesti\u00f3n anterior. A pesar de la fuerte ca\u00edda en los recursos de la provincia, la nueva administraci\u00f3n ya lleva cancelados 192 millones de d\u00f3lares de la principal deuda de Entre R\u00edos.<\/strong><\/p>\n\n\n\n<p style=\"font-size:24px\">De esta manera, Entre R\u00edos no solo mejora su calificaci\u00f3n crediticia y su desempe\u00f1o financiero, sino tambi\u00e9n su situaci\u00f3n en los mercados internacionales en poco m\u00e1s de 15 meses.<\/p>\n\n\n\n<p style=\"font-size:24px\">Se trata del tercer vencimiento que le toca afrontar a la gesti\u00f3n actual tras la renegociaci\u00f3n del gobierno anterior, que dej\u00f3 los vencimientos para inicios de 2024.<\/p>\n\n\n\n<p style=\"font-size:24px\">En los 15 meses acumulados de gesti\u00f3n se han destinado casi USD 192 millones a cubrir los pagos a los acreedores de la provincia, donde unos USD 140 millones corresponden a pagos por vencimientos de capital del bono, cancelando as\u00ed cerca del 30 por ciento del principal pasivo p\u00fablico de Entre R\u00edos.<\/p>\n\n\n\n<p style=\"font-size:24px\">De &#8220;negativa&#8221; a &#8220;estable&#8221;<\/p>\n\n\n\n<p style=\"font-size:24px\">Si bien el cumplimiento con los acreedores ha implicado un importante desaf\u00edo para el Tesoro Provincial, el esfuerzo ya comienza a dar frutos. En efecto, la calificadora internacional S&amp;P Global Ratings mejor\u00f3 la calificaci\u00f3n crediticia como emisor en escala global, en moneda local y extranjera de &#8220;CCC&#8221; a &#8220;CCC+&#8221;, y revis\u00f3 la perspectiva desde &#8220;negativa&#8221; a &#8220;estable&#8221;, destacando en su informe que &#8220;Entre R\u00edos mejor\u00f3 su desempe\u00f1o financiero durante el segundo semestre del a\u00f1o y se ha mantenido al d\u00eda con todas sus obligaciones financieras&#8221;.<\/p>\n","protected":false},"excerpt":{"rendered":"<p>La gesti\u00f3n del gobernador Rogelio Frigerio pag\u00f3 el 8 de febrero 61,9 millones de d\u00f3lares&#8230;<\/p>\n","protected":false},"author":3,"featured_media":767,"comment_status":"closed","ping_status":"open","sticky":false,"template":"","format":"standard","meta":{"footnotes":""},"categories":[21],"tags":[],"class_list":["post-858","post","type-post","status-publish","format-standard","has-post-thumbnail","hentry","category-provinciales"],"featured_image_urls":{"full":["https:\/\/centronoticias.com.ar\/portal\/wp-content\/uploads\/2025\/02\/Casa-de-gobierno.jpg",800,426,false],"thumbnail":["https:\/\/centronoticias.com.ar\/portal\/wp-content\/uploads\/2025\/02\/Casa-de-gobierno-150x150.jpg",150,150,true],"medium":["https:\/\/centronoticias.com.ar\/portal\/wp-content\/uploads\/2025\/02\/Casa-de-gobierno-300x160.jpg",300,160,true],"medium_large":["https:\/\/centronoticias.com.ar\/portal\/wp-content\/uploads\/2025\/02\/Casa-de-gobierno-768x409.jpg",640,341,true],"large":["https:\/\/centronoticias.com.ar\/portal\/wp-content\/uploads\/2025\/02\/Casa-de-gobierno.jpg",640,341,false],"1536x1536":["https:\/\/centronoticias.com.ar\/portal\/wp-content\/uploads\/2025\/02\/Casa-de-gobierno.jpg",800,426,false],"2048x2048":["https:\/\/centronoticias.com.ar\/portal\/wp-content\/uploads\/2025\/02\/Casa-de-gobierno.jpg",800,426,false],"covernews-slider-full":["https:\/\/centronoticias.com.ar\/portal\/wp-content\/uploads\/2025\/02\/Casa-de-gobierno.jpg",800,426,false],"covernews-slider-center":["https:\/\/centronoticias.com.ar\/portal\/wp-content\/uploads\/2025\/02\/Casa-de-gobierno.jpg",800,426,false],"covernews-featured":["https:\/\/centronoticias.com.ar\/portal\/wp-content\/uploads\/2025\/02\/Casa-de-gobierno.jpg",800,426,false],"covernews-medium":["https:\/\/centronoticias.com.ar\/portal\/wp-content\/uploads\/2025\/02\/Casa-de-gobierno-540x340.jpg",540,340,true],"covernews-medium-square":["https:\/\/centronoticias.com.ar\/portal\/wp-content\/uploads\/2025\/02\/Casa-de-gobierno-400x250.jpg",400,250,true]},"author_info":{"info":["Roberto Jourd\u00e1n"]},"category_info":"<a href=\"https:\/\/centronoticias.com.ar\/portal\/category\/provinciales\/\" rel=\"category tag\">Provinciales<\/a>","tag_info":"Provinciales","comment_count":"0","_links":{"self":[{"href":"https:\/\/centronoticias.com.ar\/portal\/wp-json\/wp\/v2\/posts\/858","targetHints":{"allow":["GET"]}}],"collection":[{"href":"https:\/\/centronoticias.com.ar\/portal\/wp-json\/wp\/v2\/posts"}],"about":[{"href":"https:\/\/centronoticias.com.ar\/portal\/wp-json\/wp\/v2\/types\/post"}],"author":[{"embeddable":true,"href":"https:\/\/centronoticias.com.ar\/portal\/wp-json\/wp\/v2\/users\/3"}],"replies":[{"embeddable":true,"href":"https:\/\/centronoticias.com.ar\/portal\/wp-json\/wp\/v2\/comments?post=858"}],"version-history":[{"count":1,"href":"https:\/\/centronoticias.com.ar\/portal\/wp-json\/wp\/v2\/posts\/858\/revisions"}],"predecessor-version":[{"id":859,"href":"https:\/\/centronoticias.com.ar\/portal\/wp-json\/wp\/v2\/posts\/858\/revisions\/859"}],"wp:featuredmedia":[{"embeddable":true,"href":"https:\/\/centronoticias.com.ar\/portal\/wp-json\/wp\/v2\/media\/767"}],"wp:attachment":[{"href":"https:\/\/centronoticias.com.ar\/portal\/wp-json\/wp\/v2\/media?parent=858"}],"wp:term":[{"taxonomy":"category","embeddable":true,"href":"https:\/\/centronoticias.com.ar\/portal\/wp-json\/wp\/v2\/categories?post=858"},{"taxonomy":"post_tag","embeddable":true,"href":"https:\/\/centronoticias.com.ar\/portal\/wp-json\/wp\/v2\/tags?post=858"}],"curies":[{"name":"wp","href":"https:\/\/api.w.org\/{rel}","templated":true}]}}