{"id":856,"date":"2025-02-11T00:17:00","date_gmt":"2025-02-11T03:17:00","guid":{"rendered":"https:\/\/centronoticias.com.ar\/portal\/?p=856"},"modified":"2025-02-11T19:14:11","modified_gmt":"2025-02-11T22:14:11","slug":"este-lunes-comenzo-el-calendario-escolar-2025-en-entre-rios","status":"publish","type":"post","link":"https:\/\/centronoticias.com.ar\/portal\/este-lunes-comenzo-el-calendario-escolar-2025-en-entre-rios\/","title":{"rendered":"Este lunes comenz\u00f3 el calendario escolar 2025 en Entre R\u00edos"},"content":{"rendered":"\n<p style=\"font-size:24px\"><strong>Con la presentaci\u00f3n de los equipos de supervisi\u00f3n y directivos de todos los niveles y modalidades, este lunes inici\u00f3 el Calendario Escolar en la provincia. Las clases dar\u00e1n inicio el 24 de febrero.<\/strong><\/p>\n\n\n\n<p style=\"font-size:24px\">De esta manera, empieza la aplicaci\u00f3n de la Resoluci\u00f3n N\u00ba 4.240 del Consejo General de Educaci\u00f3n (CGE) que establece las pautas del Calendario Escolar con 190 d\u00edas de clases.<br><br>En tanto, este martes ser\u00e1 el turno de la presentaci\u00f3n de los docentes, d\u00eda que se realizar\u00e1n de manera virtual las Jornadas Regionales de Educaci\u00f3n 2025, destinadas a docentes, directivos y supervisores de todos los niveles y modalidades.<\/p>\n\n\n\n<p style=\"font-size:24px\"><br>El 14 de febrero se realizar\u00e1 la primera Jornada Institucional, destinada a equipos institucionales de nivel inicial, primario y secundario, de todas las modalidades y tipos de gesti\u00f3n. Ser\u00e1 presencial en cada instituci\u00f3n, con una duraci\u00f3n de cuatro horas reloj.<br><br>Y el lunes 24 de febrero comenzar\u00e1n las clases en todas las escuelas entrerrianas en los niveles inicial, primario y secundario.<br><br><br>Para todos los niveles y modalidades de la educaci\u00f3n en Entre R\u00edos, el receso de invierno ser\u00e1 del 7 al 18 de julio, y el 23 de diciembre finalizar\u00e1n las clases con cierre diversificado de trayectorias escolares en los niveles inicial, primario, secundario en todas sus modalidades y tipos de gesti\u00f3n.<\/p>\n","protected":false},"excerpt":{"rendered":"<p>Con la presentaci\u00f3n de los equipos de supervisi\u00f3n y directivos de todos los niveles y&#8230;<\/p>\n","protected":false},"author":3,"featured_media":817,"comment_status":"closed","ping_status":"open","sticky":false,"template":"","format":"standard","meta":{"footnotes":""},"categories":[36],"tags":[],"class_list":["post-856","post","type-post","status-publish","format-standard","has-post-thumbnail","hentry","category-educacion"],"featured_image_urls":{"full":["https:\/\/centronoticias.com.ar\/portal\/wp-content\/uploads\/2025\/02\/consejo-general-de-educacion-2.jpg",1920,1280,false],"thumbnail":["https:\/\/centronoticias.com.ar\/portal\/wp-content\/uploads\/2025\/02\/consejo-general-de-educacion-2-150x150.jpg",150,150,true],"medium":["https:\/\/centronoticias.com.ar\/portal\/wp-content\/uploads\/2025\/02\/consejo-general-de-educacion-2-300x200.jpg",300,200,true],"medium_large":["https:\/\/centronoticias.com.ar\/portal\/wp-content\/uploads\/2025\/02\/consejo-general-de-educacion-2-768x512.jpg",640,427,true],"large":["https:\/\/centronoticias.com.ar\/portal\/wp-content\/uploads\/2025\/02\/consejo-general-de-educacion-2-1024x683.jpg",640,427,true],"1536x1536":["https:\/\/centronoticias.com.ar\/portal\/wp-content\/uploads\/2025\/02\/consejo-general-de-educacion-2-1536x1024.jpg",1536,1024,true],"2048x2048":["https:\/\/centronoticias.com.ar\/portal\/wp-content\/uploads\/2025\/02\/consejo-general-de-educacion-2.jpg",1920,1280,false],"covernews-slider-full":["https:\/\/centronoticias.com.ar\/portal\/wp-content\/uploads\/2025\/02\/consejo-general-de-educacion-2-1115x715.jpg",1115,715,true],"covernews-slider-center":["https:\/\/centronoticias.com.ar\/portal\/wp-content\/uploads\/2025\/02\/consejo-general-de-educacion-2-800x500.jpg",800,500,true],"covernews-featured":["https:\/\/centronoticias.com.ar\/portal\/wp-content\/uploads\/2025\/02\/consejo-general-de-educacion-2-1024x683.jpg",1024,683,true],"covernews-medium":["https:\/\/centronoticias.com.ar\/portal\/wp-content\/uploads\/2025\/02\/consejo-general-de-educacion-2-540x340.jpg",540,340,true],"covernews-medium-square":["https:\/\/centronoticias.com.ar\/portal\/wp-content\/uploads\/2025\/02\/consejo-general-de-educacion-2-400x250.jpg",400,250,true]},"author_info":{"info":["Roberto Jourd\u00e1n"]},"category_info":"<a href=\"https:\/\/centronoticias.com.ar\/portal\/category\/educacion\/\" rel=\"category tag\">Educaci\u00f3n<\/a>","tag_info":"Educaci\u00f3n","comment_count":"0","_links":{"self":[{"href":"https:\/\/centronoticias.com.ar\/portal\/wp-json\/wp\/v2\/posts\/856","targetHints":{"allow":["GET"]}}],"collection":[{"href":"https:\/\/centronoticias.com.ar\/portal\/wp-json\/wp\/v2\/posts"}],"about":[{"href":"https:\/\/centronoticias.com.ar\/portal\/wp-json\/wp\/v2\/types\/post"}],"author":[{"embeddable":true,"href":"https:\/\/centronoticias.com.ar\/portal\/wp-json\/wp\/v2\/users\/3"}],"replies":[{"embeddable":true,"href":"https:\/\/centronoticias.com.ar\/portal\/wp-json\/wp\/v2\/comments?post=856"}],"version-history":[{"count":1,"href":"https:\/\/centronoticias.com.ar\/portal\/wp-json\/wp\/v2\/posts\/856\/revisions"}],"predecessor-version":[{"id":857,"href":"https:\/\/centronoticias.com.ar\/portal\/wp-json\/wp\/v2\/posts\/856\/revisions\/857"}],"wp:featuredmedia":[{"embeddable":true,"href":"https:\/\/centronoticias.com.ar\/portal\/wp-json\/wp\/v2\/media\/817"}],"wp:attachment":[{"href":"https:\/\/centronoticias.com.ar\/portal\/wp-json\/wp\/v2\/media?parent=856"}],"wp:term":[{"taxonomy":"category","embeddable":true,"href":"https:\/\/centronoticias.com.ar\/portal\/wp-json\/wp\/v2\/categories?post=856"},{"taxonomy":"post_tag","embeddable":true,"href":"https:\/\/centronoticias.com.ar\/portal\/wp-json\/wp\/v2\/tags?post=856"}],"curies":[{"name":"wp","href":"https:\/\/api.w.org\/{rel}","templated":true}]}}