{"id":8322,"date":"2026-03-07T10:41:30","date_gmt":"2026-03-07T13:41:30","guid":{"rendered":"https:\/\/centronoticias.com.ar\/portal\/?p=8322"},"modified":"2026-03-07T10:41:31","modified_gmt":"2026-03-07T13:41:31","slug":"todo-listo-para-expoagro-2026-la-agenda-completa-de-actividades-en-el-stand-de-entre-rios","status":"publish","type":"post","link":"https:\/\/centronoticias.com.ar\/portal\/todo-listo-para-expoagro-2026-la-agenda-completa-de-actividades-en-el-stand-de-entre-rios\/","title":{"rendered":"Todo listo para Expoagro 2026: la agenda completa de actividades en el stand de Entre R\u00edos"},"content":{"rendered":"\n<p class=\"has-medium-font-size\"><strong>Este martes abre la edici\u00f3n 2026 de Expoagro en el aut\u00f3dromo de la ciudad de San Nicol\u00e1s, y Entre R\u00edos estar\u00e1 presente con un espacio propio, por segundo a\u00f1o consecutivo, con una completa agenda de actividades ligadas a las cadenas de valor de la provincia.<\/strong><\/p>\n\n\n\n<p class=\"has-medium-font-size\">Empresas, industrias y prestadores de servicios dar\u00e1n el presente con acciones de promoci\u00f3n de su trabajo; y en ese marco se suman actividades especiales como la presentaci\u00f3n del Registro Digital de Operadores de Fitosanitarios y el laboratorio regional para identificaci\u00f3n de la presencia de chicharrita, plaga que afecta el cultivo de ma\u00edz.<\/p>\n\n\n\n<p class=\"has-medium-font-size\">Desde la apertura y el jueves se prev\u00e9 desandar un calendario de charlas a cargo de especialistas. Durante la primera jornada, el ciclo de conferencias en el auditorio del stand arrancar\u00e1 a las 10 de la ma\u00f1ana para abordar experiencias de agroecolog\u00eda extensiva en Entre R\u00edos. Le seguir\u00e1 otra sobre yacimiento bioenerg\u00e9tico; y al mediod\u00eda se hablar\u00e1 sobre intensificaci\u00f3n sustentable en monte nativo.<\/p>\n\n\n\n<p class=\"has-medium-font-size\">M\u00e1s tarde se dar\u00e1 cuenta del residuo al activo clim\u00e1tico a trav\u00e9s del modelo de innovaci\u00f3n Tupana RGN. Otro de los t\u00f3picos ser\u00e1 la ganader\u00eda regenerativa; producci\u00f3n, rentabilidad y suelo vivo. Se suma la propuesta para el departamento de Concordia de econom\u00eda circular; y la experiencia del Potrero de San Lorenzo. El martes concluye con la exposici\u00f3n de las buenas pr\u00e1cticas orientadas a la agricultura sustentable y formas de mitigaci\u00f3n de riesgo.<\/p>\n\n\n\n<p class=\"has-medium-font-size\">El mi\u00e9rcoles las conferencias iniciar\u00e1n a las 11 horas con las energ\u00edas renovables como eje; y luego se concretar\u00e1 un conversatorio sobre oportunidades y desaf\u00edos comunes en la producci\u00f3n y exportaci\u00f3n de citrus, ar\u00e1ndanos y pecanes; y la integraci\u00f3n agroindustrial frut\u00edcola regional en Entre R\u00edos.<\/p>\n\n\n\n<p class=\"has-medium-font-size\">Sobre las 13 horas se dar\u00e1 el encuentro de actores integrantes del sector p\u00fablico y privado de la cadena l\u00e1ctea para la planificaci\u00f3n del proyecto de desarrollo del Laboratorio Entrerriano de Calidad de Leche. Y le seguir\u00e1 el abordaje de la provincia de Entre R\u00edos, a trav\u00e9s del MiradorTec. Y la agenda prev\u00e9 luego un debate sobre la identificaci\u00f3n electr\u00f3nica en la ganader\u00eda argentina: de la obligaci\u00f3n a la oportunidad. El cierre est\u00e1 previsto para tratar la tokenizaci\u00f3n como un puente al financiamiento global.<\/p>\n\n\n\n<p class=\"has-medium-font-size\">Propuestas de financiamiento se tratar\u00e1n en la apertura del jueves y de inmediato se dar\u00e1 cuenta del R\u00e9gimen de Incentivo de Nuevas Inversiones de la provincia. Las proyecciones de la producci\u00f3n agr\u00edcola ser\u00e1n tema de conversaci\u00f3n, ensambladas con la transformaci\u00f3n digital de la Red Meteorol\u00f3gica en Entre R\u00edos. La agenda sigue con el abordaje de la competitividad de la industria metal\u00fargica entrerriana y el sistema de medici\u00f3n de pat\u00f3genos peligrosos en criaderos intensivos y su cadena de valor. En el stand tambi\u00e9n se concretar\u00e1 el an\u00e1lisis de las estrategias hidrogeol\u00f3gicas y tecnol\u00f3gicas para optimizar la producci\u00f3n de agua, reducir incertidumbre y proteger el acu\u00edfero. Sobre el cierre se dar\u00e1 cuenta de la Inteligencia aplicada a los agronegocios y los agroecosistemas integrados maximizando rindes con huella m\u00ednima.<\/p>\n\n\n\n<p class=\"has-medium-font-size\">Entre las firmas que participar\u00e1n en el stand de Entre R\u00edos se encuentran Stylo Cami\u00f3n, plataforma log\u00edstica para camiones; remolques y construcciones modulares Gross; Kyas, servicios de biotraza para ganader\u00eda; Bioenerg\u00eda Vich SA -generaci\u00f3n de energ\u00eda renovable a partir de biomasa-; y Tierra Viva Agroecolog\u00eda -asesoramiento en producci\u00f3n agroecol\u00f3gica y regenerativa.<\/p>\n\n\n\n<p class=\"has-medium-font-size\">Asimismo, dar\u00e1n el presente Agrobarroso, soluciones productivas basadas en Bosque Nativo; Menter SAS, tokenizaci\u00f3n de activos reales; Apykap, sembradoras y pulverizadoras a 12 volts para veh\u00edculos; Grupo Omega -servicios de control de plagas para la agroindustria-; el Banco Entre R\u00edos; Turismo de la provincia, el Instituto Portuario y el Instituto Aut\u00e1rquico Provincial del Seguro.<\/p>\n\n\n\n<p class=\"has-medium-font-size\">Formar\u00e1n parte del pabell\u00f3n tambi\u00e9n Veterinaria Hern\u00e1ndez, servicios y productos profesionales veterinarios; Organiz Agropecuaria, generaci\u00f3n de informaci\u00f3n mediante investigaci\u00f3n de procesos productivos; VZ Ingenier\u00eda -sistema de determinaci\u00f3n de contaminaci\u00f3n microbiol\u00f3gica para actividades cr\u00edticas Nano Test Bio-; equipamientos para la industria alimenticia Tecnoar SRL; sistemas de aspiraci\u00f3n de polvo para plantas de cereales y derivados Seinagro; Flotapp, sistema de Gesti\u00f3n de flotas de m\u00e1quinas agr\u00edcolas y camiones.<\/p>\n\n\n\n<p class=\"has-medium-font-size\">A su vez, la oferta se completar\u00e1 con Geosk, servicios geol\u00f3gicos, hidrogeol\u00f3gicos y ambientales; Gexplo, servicios y soluciones para ambiente, agua, miner\u00eda y canteras; Torner\u00eda Sesa -fabricaci\u00f3n de repuestos para m\u00e1quinas extrusoras de soja y girasol-; y Metal\u00fargica San Nicol\u00e1s, fabricaci\u00f3n de Noria Reales Sin fines y montajes metalmec\u00e1nicos.<\/p>\n","protected":false},"excerpt":{"rendered":"<p>Este martes abre la edici\u00f3n 2026 de Expoagro en el aut\u00f3dromo de la ciudad de&#8230;<\/p>\n","protected":false},"author":3,"featured_media":8323,"comment_status":"closed","ping_status":"open","sticky":false,"template":"","format":"standard","meta":{"footnotes":""},"categories":[21],"tags":[],"class_list":["post-8322","post","type-post","status-publish","format-standard","has-post-thumbnail","hentry","category-provinciales"],"featured_image_urls":{"full":["https:\/\/centronoticias.com.ar\/portal\/wp-content\/uploads\/2026\/03\/expoagro_25.jpg",1920,1281,false],"thumbnail":["https:\/\/centronoticias.com.ar\/portal\/wp-content\/uploads\/2026\/03\/expoagro_25-150x150.jpg",150,150,true],"medium":["https:\/\/centronoticias.com.ar\/portal\/wp-content\/uploads\/2026\/03\/expoagro_25-300x200.jpg",300,200,true],"medium_large":["https:\/\/centronoticias.com.ar\/portal\/wp-content\/uploads\/2026\/03\/expoagro_25-768x512.jpg",640,427,true],"large":["https:\/\/centronoticias.com.ar\/portal\/wp-content\/uploads\/2026\/03\/expoagro_25-1024x683.jpg",640,427,true],"1536x1536":["https:\/\/centronoticias.com.ar\/portal\/wp-content\/uploads\/2026\/03\/expoagro_25-1536x1025.jpg",1536,1025,true],"2048x2048":["https:\/\/centronoticias.com.ar\/portal\/wp-content\/uploads\/2026\/03\/expoagro_25.jpg",1920,1281,false],"covernews-slider-full":["https:\/\/centronoticias.com.ar\/portal\/wp-content\/uploads\/2026\/03\/expoagro_25-1115x715.jpg",1115,715,true],"covernews-slider-center":["https:\/\/centronoticias.com.ar\/portal\/wp-content\/uploads\/2026\/03\/expoagro_25-800x500.jpg",800,500,true],"covernews-featured":["https:\/\/centronoticias.com.ar\/portal\/wp-content\/uploads\/2026\/03\/expoagro_25-1024x683.jpg",1024,683,true],"covernews-medium":["https:\/\/centronoticias.com.ar\/portal\/wp-content\/uploads\/2026\/03\/expoagro_25-540x340.jpg",540,340,true],"covernews-medium-square":["https:\/\/centronoticias.com.ar\/portal\/wp-content\/uploads\/2026\/03\/expoagro_25-400x250.jpg",400,250,true]},"author_info":{"info":["Roberto Jourd\u00e1n"]},"category_info":"<a href=\"https:\/\/centronoticias.com.ar\/portal\/category\/provinciales\/\" rel=\"category tag\">Provinciales<\/a>","tag_info":"Provinciales","comment_count":"0","_links":{"self":[{"href":"https:\/\/centronoticias.com.ar\/portal\/wp-json\/wp\/v2\/posts\/8322","targetHints":{"allow":["GET"]}}],"collection":[{"href":"https:\/\/centronoticias.com.ar\/portal\/wp-json\/wp\/v2\/posts"}],"about":[{"href":"https:\/\/centronoticias.com.ar\/portal\/wp-json\/wp\/v2\/types\/post"}],"author":[{"embeddable":true,"href":"https:\/\/centronoticias.com.ar\/portal\/wp-json\/wp\/v2\/users\/3"}],"replies":[{"embeddable":true,"href":"https:\/\/centronoticias.com.ar\/portal\/wp-json\/wp\/v2\/comments?post=8322"}],"version-history":[{"count":1,"href":"https:\/\/centronoticias.com.ar\/portal\/wp-json\/wp\/v2\/posts\/8322\/revisions"}],"predecessor-version":[{"id":8324,"href":"https:\/\/centronoticias.com.ar\/portal\/wp-json\/wp\/v2\/posts\/8322\/revisions\/8324"}],"wp:featuredmedia":[{"embeddable":true,"href":"https:\/\/centronoticias.com.ar\/portal\/wp-json\/wp\/v2\/media\/8323"}],"wp:attachment":[{"href":"https:\/\/centronoticias.com.ar\/portal\/wp-json\/wp\/v2\/media?parent=8322"}],"wp:term":[{"taxonomy":"category","embeddable":true,"href":"https:\/\/centronoticias.com.ar\/portal\/wp-json\/wp\/v2\/categories?post=8322"},{"taxonomy":"post_tag","embeddable":true,"href":"https:\/\/centronoticias.com.ar\/portal\/wp-json\/wp\/v2\/tags?post=8322"}],"curies":[{"name":"wp","href":"https:\/\/api.w.org\/{rel}","templated":true}]}}