{"id":8320,"date":"2026-03-07T09:08:48","date_gmt":"2026-03-07T12:08:48","guid":{"rendered":"https:\/\/centronoticias.com.ar\/portal\/?p=8320"},"modified":"2026-03-07T09:08:49","modified_gmt":"2026-03-07T12:08:49","slug":"san-salvador-se-prepara-para-la-apertura-de-sesiones-ordinarias-2026","status":"publish","type":"post","link":"https:\/\/centronoticias.com.ar\/portal\/san-salvador-se-prepara-para-la-apertura-de-sesiones-ordinarias-2026\/","title":{"rendered":"San Salvador se prepara para la Apertura de Sesiones Ordinarias 2026"},"content":{"rendered":"\n<p class=\"has-medium-font-size\">La Municipalidad de San Salvador, en conjunto con el Honorable Concejo Deliberante, invita formalmente a toda la comunidad a participar del acto de <strong>Apertura del Periodo de Sesiones Ordinarias 2026<\/strong>.<\/p>\n\n\n\n<p class=\"has-medium-font-size\">Este evento, que marca el inicio del Ciclo Legislativo del a\u00f1o, es el espacio fundamental donde el Poder Ejecutivo local rinde cuentas y traza los ejes estrat\u00e9gicos de gesti\u00f3n para los pr\u00f3ximos meses. Es una instancia clave de transparencia y participaci\u00f3n ciudadana, donde se conocer\u00e1n los proyectos prioritarios para el desarrollo de la ciudad.<\/p>\n\n\n\n<h3 class=\"wp-block-heading\"><strong>Detalles de la convocatoria:<\/strong><\/h3>\n\n\n\n<ul class=\"wp-block-list\">\n<li class=\"has-medium-font-size\">&#x1f4c5; <strong>Fecha:<\/strong> Mi\u00e9rcoles 11 de marzo.<\/li>\n\n\n\n<li class=\"has-medium-font-size\">&#x1f552; <strong>Hora:<\/strong> 20:30 hs.<\/li>\n\n\n\n<li class=\"has-medium-font-size\">&#x1f4cd; <strong>Lugar:<\/strong> Sala San Mart\u00edn.<\/li>\n<\/ul>\n\n\n\n<p class=\"has-medium-font-size\">Se espera contar con la presencia de vecinos, representantes de instituciones intermedias y autoridades departamentales para dar inicio a un nuevo a\u00f1o de labor parlamentaria.<\/p>\n","protected":false},"excerpt":{"rendered":"<p>La Municipalidad de San Salvador, en conjunto con el Honorable Concejo Deliberante, invita formalmente a&#8230;<\/p>\n","protected":false},"author":3,"featured_media":1468,"comment_status":"closed","ping_status":"open","sticky":false,"template":"","format":"standard","meta":{"footnotes":""},"categories":[31],"tags":[],"class_list":["post-8320","post","type-post","status-publish","format-standard","has-post-thumbnail","hentry","category-locales"],"featured_image_urls":{"full":["https:\/\/centronoticias.com.ar\/portal\/wp-content\/uploads\/2025\/03\/apertura-sesiones.jpg",1024,674,false],"thumbnail":["https:\/\/centronoticias.com.ar\/portal\/wp-content\/uploads\/2025\/03\/apertura-sesiones-150x150.jpg",150,150,true],"medium":["https:\/\/centronoticias.com.ar\/portal\/wp-content\/uploads\/2025\/03\/apertura-sesiones-300x197.jpg",300,197,true],"medium_large":["https:\/\/centronoticias.com.ar\/portal\/wp-content\/uploads\/2025\/03\/apertura-sesiones-768x506.jpg",640,422,true],"large":["https:\/\/centronoticias.com.ar\/portal\/wp-content\/uploads\/2025\/03\/apertura-sesiones.jpg",640,421,false],"1536x1536":["https:\/\/centronoticias.com.ar\/portal\/wp-content\/uploads\/2025\/03\/apertura-sesiones.jpg",1024,674,false],"2048x2048":["https:\/\/centronoticias.com.ar\/portal\/wp-content\/uploads\/2025\/03\/apertura-sesiones.jpg",1024,674,false],"covernews-slider-full":["https:\/\/centronoticias.com.ar\/portal\/wp-content\/uploads\/2025\/03\/apertura-sesiones.jpg",1024,674,false],"covernews-slider-center":["https:\/\/centronoticias.com.ar\/portal\/wp-content\/uploads\/2025\/03\/apertura-sesiones-800x500.jpg",800,500,true],"covernews-featured":["https:\/\/centronoticias.com.ar\/portal\/wp-content\/uploads\/2025\/03\/apertura-sesiones.jpg",1024,674,false],"covernews-medium":["https:\/\/centronoticias.com.ar\/portal\/wp-content\/uploads\/2025\/03\/apertura-sesiones-540x340.jpg",540,340,true],"covernews-medium-square":["https:\/\/centronoticias.com.ar\/portal\/wp-content\/uploads\/2025\/03\/apertura-sesiones-400x250.jpg",400,250,true]},"author_info":{"info":["Roberto Jourd\u00e1n"]},"category_info":"<a href=\"https:\/\/centronoticias.com.ar\/portal\/category\/locales\/\" rel=\"category tag\">San Salvador<\/a>","tag_info":"San Salvador","comment_count":"0","_links":{"self":[{"href":"https:\/\/centronoticias.com.ar\/portal\/wp-json\/wp\/v2\/posts\/8320","targetHints":{"allow":["GET"]}}],"collection":[{"href":"https:\/\/centronoticias.com.ar\/portal\/wp-json\/wp\/v2\/posts"}],"about":[{"href":"https:\/\/centronoticias.com.ar\/portal\/wp-json\/wp\/v2\/types\/post"}],"author":[{"embeddable":true,"href":"https:\/\/centronoticias.com.ar\/portal\/wp-json\/wp\/v2\/users\/3"}],"replies":[{"embeddable":true,"href":"https:\/\/centronoticias.com.ar\/portal\/wp-json\/wp\/v2\/comments?post=8320"}],"version-history":[{"count":1,"href":"https:\/\/centronoticias.com.ar\/portal\/wp-json\/wp\/v2\/posts\/8320\/revisions"}],"predecessor-version":[{"id":8321,"href":"https:\/\/centronoticias.com.ar\/portal\/wp-json\/wp\/v2\/posts\/8320\/revisions\/8321"}],"wp:featuredmedia":[{"embeddable":true,"href":"https:\/\/centronoticias.com.ar\/portal\/wp-json\/wp\/v2\/media\/1468"}],"wp:attachment":[{"href":"https:\/\/centronoticias.com.ar\/portal\/wp-json\/wp\/v2\/media?parent=8320"}],"wp:term":[{"taxonomy":"category","embeddable":true,"href":"https:\/\/centronoticias.com.ar\/portal\/wp-json\/wp\/v2\/categories?post=8320"},{"taxonomy":"post_tag","embeddable":true,"href":"https:\/\/centronoticias.com.ar\/portal\/wp-json\/wp\/v2\/tags?post=8320"}],"curies":[{"name":"wp","href":"https:\/\/api.w.org\/{rel}","templated":true}]}}