{"id":8314,"date":"2026-03-07T08:50:04","date_gmt":"2026-03-07T11:50:04","guid":{"rendered":"https:\/\/centronoticias.com.ar\/portal\/?p=8314"},"modified":"2026-03-07T09:06:05","modified_gmt":"2026-03-07T12:06:05","slug":"basquet-u21-debut-y-victoria-ferro-piso-fuerte-en-gualeguaychu","status":"publish","type":"post","link":"https:\/\/centronoticias.com.ar\/portal\/basquet-u21-debut-y-victoria-ferro-piso-fuerte-en-gualeguaychu\/","title":{"rendered":"B\u00e1squet U21 &#8211; Debut y victoria: Ferro pis\u00f3 fuerte en Gualeguaych\u00fa"},"content":{"rendered":"\n<p class=\"has-medium-font-size\">El Club Deportivo Ferrocarril inici\u00f3 su camino en la <strong>Liga Provincial de B\u00e1squet U21<\/strong> con una actuaci\u00f3n s\u00f3lida y un resultado que ilusiona. En la jornada inaugural disputada este viernes 6 de marzo, el conjunto &#8220;Verde&#8221; viaj\u00f3 hasta Gualeguaych\u00fa para enfrentar a <strong>Juventud Unida<\/strong>, logrando imponerse por un marcador de <strong>71-62<\/strong>.<\/p>\n\n\n\n<h4 class=\"wp-block-heading has-medium-font-size\"><strong>Un triunfo con autoridad<\/strong><\/h4>\n\n\n\n<p class=\"has-medium-font-size\">Desde el salto inicial, Ferro mostr\u00f3 una din\u00e1mica de juego que le permiti\u00f3 manejar los tiempos del encuentro ante un rival siempre complicado en su propia casa. La victoria por una diferencia de 9 puntos resalta el buen trabajo colectivo y la efectividad en los momentos clave del partido.<\/p>\n\n\n\n<p class=\"has-medium-font-size\">Este arranque triunfal posiciona de la mejor manera a los representantes de San Salvador en la m\u00e1xima competencia provincial de la categor\u00eda, reafirmando el gran trabajo que viene realizando la instituci\u00f3n en sus divisiones formativas.<\/p>\n\n\n\n<p><strong>La Liga<\/strong><\/p>\n\n\n\n<p class=\"has-medium-font-size\">Este viernes se puso en marcha la temporada 2026 de la Liga Provincial Masculina U21 organizada por la Federaci\u00f3n de B\u00e1squet de Entre R\u00edos (FBER), con la disputa de\u00a0<strong>13 partidos en diferentes localidades de la provincia<\/strong>, dando inicio a una nueva edici\u00f3n de uno de los torneos formativos m\u00e1s importantes del b\u00e1squet entrerriano.<\/p>\n\n\n\n<p class=\"has-medium-font-size\">El dato m\u00e1s destacado para este a\u00f1o es la&nbsp;<strong>participaci\u00f3n de 29 clubes<\/strong>, la&nbsp;<strong>cifra m\u00e1s alta registrada en la historia de la categor\u00eda<\/strong>, lo que marca el crecimiento sostenido de la competencia y el inter\u00e9s de las instituciones por formar parte de este espacio de desarrollo deportivo.<\/p>\n\n\n\n<p class=\"has-medium-font-size\">En cuanto al formato de disputa, la&nbsp;<strong>Primera Fase estar\u00e1 compuesta por dos Conferencias y cinco zonas<\/strong>. Los&nbsp;<strong>tres primeros clasificados de cada grupo<\/strong>&nbsp;acceder\u00e1n a los&nbsp;<strong>Cuartos de Final<\/strong>, instancia que se disputar\u00e1 bajo la modalidad de&nbsp;<strong>triangulares<\/strong>.<\/p>\n\n\n\n<p class=\"has-medium-font-size\">La programaci\u00f3n de la jornada inicial comenz\u00f3 el viernes con 13 encuentros, mientras que la\u00a0<strong>fecha se completar\u00e1 el lunes en<\/strong>\u00a0Paran\u00e1, cuando\u00a0<strong>Recreativo reciba a Urquiza<\/strong>.<\/p>\n\n\n\n<p class=\"has-medium-font-size\">De acuerdo al calendario establecido por la FBER, el&nbsp;<strong>Cuadrangular Final<\/strong>&nbsp;que definir\u00e1 al campe\u00f3n provincial est\u00e1 previsto para el&nbsp;<strong>fin de semana del 29 de mayo<\/strong>.<\/p>\n\n\n\n<p><strong>1ERA. FECHA \u2013 VIERNES 06\/03<\/strong><\/p>\n\n\n\n<p class=\"has-medium-font-size\"><strong>Zona &#8220;A&#8221;<\/strong><\/p>\n\n\n\n<p class=\"has-medium-font-size\"><strong>San Mart\u00edn 37  Quique 62<\/strong><\/p>\n\n\n\n<p class=\"has-medium-font-size\"><strong>CAE 74    Patronato  55<\/strong><\/p>\n\n\n\n<p class=\"has-medium-font-size\"><strong>Talleres 74  Ciclista  68<\/strong><\/p>\n\n\n\n<p class=\"has-medium-font-size\"><strong>Zona &#8220;B&#8221;<\/strong><\/p>\n\n\n\n<p class=\"has-medium-font-size\"><strong>Paracao 65    Echag\u00fce<\/strong>   49<\/p>\n\n\n\n<p class=\"has-medium-font-size\"><strong>Zona &#8220;C<\/strong>&#8220;<\/p>\n\n\n\n<p class=\"has-medium-font-size\"><strong>Zaninetti  78  Social Federaci\u00f3n  59<\/strong><\/p>\n\n\n\n<p class=\"has-medium-font-size\"><strong>Regatas 105   Ferro Cdia.    62<\/strong><\/p>\n\n\n\n<p class=\"has-medium-font-size\"><strong>La Armon\u00eda 71  La Uni\u00f3n  68 <\/strong><\/p>\n\n\n\n<p class=\"has-medium-font-size\"><strong>Zona &#8220;D&#8221;<\/strong><\/p>\n\n\n\n<p class=\"has-medium-font-size\"><strong>Capuchinos 68    BH.<\/strong> <strong> 83<\/strong><\/p>\n\n\n\n<p class=\"has-medium-font-size\"><strong>Central Entrerriano 78   San Jos\u00e9   44<\/strong><\/p>\n\n\n\n<p class=\"has-medium-font-size\"><strong>Parque Sur 51   Estudiantes Cdia.   73<\/strong><\/p>\n\n\n\n<p class=\"has-medium-font-size\"><strong>Zona &#8220;E&#8221;<\/strong><\/p>\n\n\n\n<p class=\"has-medium-font-size\"><strong>Juventud Unida 62     Ferro S. S.  71<\/strong><\/p>\n\n\n\n<p class=\"has-medium-font-size\"><strong>Rocamora 73   Sarmiento<\/strong>   <strong>54<\/strong><\/p>\n\n\n\n<p class=\"has-medium-font-size\"><strong>Atl\u00e9tico Tala 69    Luciano  61<\/strong><\/p>\n\n\n\n<p class=\"has-medium-font-size\"><\/p>\n\n\n\n<p class=\"has-medium-font-size\"><strong><em>Lunes 09\/03<\/em><\/strong><\/p>\n\n\n\n<p class=\"has-medium-font-size\"><strong>Recreativo \u2013 Urquiza<\/strong><\/p>\n\n\n\n<p class=\"has-medium-font-size\">\u00c1rbitros: Romero A \u2013 Peralta A \u2013 CT. Valdez M.<\/p>\n","protected":false},"excerpt":{"rendered":"<p>El Club Deportivo Ferrocarril inici\u00f3 su camino en la Liga Provincial de B\u00e1squet U21 con&#8230;<\/p>\n","protected":false},"author":3,"featured_media":8315,"comment_status":"closed","ping_status":"open","sticky":false,"template":"","format":"standard","meta":{"footnotes":""},"categories":[6],"tags":[],"class_list":["post-8314","post","type-post","status-publish","format-standard","has-post-thumbnail","hentry","category-dep-0"],"featured_image_urls":{"full":["https:\/\/centronoticias.com.ar\/portal\/wp-content\/uploads\/2026\/03\/Ferro-U21.jpg",587,495,false],"thumbnail":["https:\/\/centronoticias.com.ar\/portal\/wp-content\/uploads\/2026\/03\/Ferro-U21-150x150.jpg",150,150,true],"medium":["https:\/\/centronoticias.com.ar\/portal\/wp-content\/uploads\/2026\/03\/Ferro-U21-300x253.jpg",300,253,true],"medium_large":["https:\/\/centronoticias.com.ar\/portal\/wp-content\/uploads\/2026\/03\/Ferro-U21.jpg",587,495,false],"large":["https:\/\/centronoticias.com.ar\/portal\/wp-content\/uploads\/2026\/03\/Ferro-U21.jpg",587,495,false],"1536x1536":["https:\/\/centronoticias.com.ar\/portal\/wp-content\/uploads\/2026\/03\/Ferro-U21.jpg",587,495,false],"2048x2048":["https:\/\/centronoticias.com.ar\/portal\/wp-content\/uploads\/2026\/03\/Ferro-U21.jpg",587,495,false],"covernews-slider-full":["https:\/\/centronoticias.com.ar\/portal\/wp-content\/uploads\/2026\/03\/Ferro-U21.jpg",587,495,false],"covernews-slider-center":["https:\/\/centronoticias.com.ar\/portal\/wp-content\/uploads\/2026\/03\/Ferro-U21.jpg",587,495,false],"covernews-featured":["https:\/\/centronoticias.com.ar\/portal\/wp-content\/uploads\/2026\/03\/Ferro-U21.jpg",587,495,false],"covernews-medium":["https:\/\/centronoticias.com.ar\/portal\/wp-content\/uploads\/2026\/03\/Ferro-U21-540x340.jpg",540,340,true],"covernews-medium-square":["https:\/\/centronoticias.com.ar\/portal\/wp-content\/uploads\/2026\/03\/Ferro-U21-400x250.jpg",400,250,true]},"author_info":{"info":["Roberto Jourd\u00e1n"]},"category_info":"<a href=\"https:\/\/centronoticias.com.ar\/portal\/category\/dep-0\/\" rel=\"category tag\">Deportes<\/a>","tag_info":"Deportes","comment_count":"0","_links":{"self":[{"href":"https:\/\/centronoticias.com.ar\/portal\/wp-json\/wp\/v2\/posts\/8314","targetHints":{"allow":["GET"]}}],"collection":[{"href":"https:\/\/centronoticias.com.ar\/portal\/wp-json\/wp\/v2\/posts"}],"about":[{"href":"https:\/\/centronoticias.com.ar\/portal\/wp-json\/wp\/v2\/types\/post"}],"author":[{"embeddable":true,"href":"https:\/\/centronoticias.com.ar\/portal\/wp-json\/wp\/v2\/users\/3"}],"replies":[{"embeddable":true,"href":"https:\/\/centronoticias.com.ar\/portal\/wp-json\/wp\/v2\/comments?post=8314"}],"version-history":[{"count":3,"href":"https:\/\/centronoticias.com.ar\/portal\/wp-json\/wp\/v2\/posts\/8314\/revisions"}],"predecessor-version":[{"id":8319,"href":"https:\/\/centronoticias.com.ar\/portal\/wp-json\/wp\/v2\/posts\/8314\/revisions\/8319"}],"wp:featuredmedia":[{"embeddable":true,"href":"https:\/\/centronoticias.com.ar\/portal\/wp-json\/wp\/v2\/media\/8315"}],"wp:attachment":[{"href":"https:\/\/centronoticias.com.ar\/portal\/wp-json\/wp\/v2\/media?parent=8314"}],"wp:term":[{"taxonomy":"category","embeddable":true,"href":"https:\/\/centronoticias.com.ar\/portal\/wp-json\/wp\/v2\/categories?post=8314"},{"taxonomy":"post_tag","embeddable":true,"href":"https:\/\/centronoticias.com.ar\/portal\/wp-json\/wp\/v2\/tags?post=8314"}],"curies":[{"name":"wp","href":"https:\/\/api.w.org\/{rel}","templated":true}]}}