{"id":8311,"date":"2026-03-07T00:07:25","date_gmt":"2026-03-07T03:07:25","guid":{"rendered":"https:\/\/centronoticias.com.ar\/portal\/?p=8311"},"modified":"2026-03-07T09:10:51","modified_gmt":"2026-03-07T12:10:51","slug":"gestion-en-parana-san-salvador-busca-financiamiento-del-bid-para-la-obra-de-saneamiento-sur","status":"publish","type":"post","link":"https:\/\/centronoticias.com.ar\/portal\/gestion-en-parana-san-salvador-busca-financiamiento-del-bid-para-la-obra-de-saneamiento-sur\/","title":{"rendered":"Gesti\u00f3n en Paran\u00e1: San Salvador busca financiamiento del BID para la obra de Saneamiento Sur"},"content":{"rendered":"\n<p class=\"has-medium-font-size\">En una productiva jornada de trabajo en la capital provincial, el intendente de San Salvador, <strong>Jorge Zamb\u00f3n<\/strong>, junto al secretario de Obras P\u00fablicas, <strong>Gino Grimaldi<\/strong>, fueron recibidos este jueves por el gobernador de Entre R\u00edos, <strong>Rogelio Frigerio<\/strong>. El eje central del encuentro fue la presentaci\u00f3n de proyectos estrat\u00e9gicos destinados a resolver problem\u00e1ticas hist\u00f3ricas de la &#8220;Capital Nacional del Arroz&#8221;.<\/p>\n\n\n\n<h4 class=\"wp-block-heading has-medium-font-size\"><strong>Saneamiento Sur: Salud y Medio Ambiente<\/strong><\/h4>\n\n\n\n<p class=\"has-medium-font-size\">El punto m\u00e1s destacado de la reuni\u00f3n fue la presentaci\u00f3n del anteproyecto de la <strong>obra de saneamiento sur<\/strong>. Esta intervenci\u00f3n busca integrarse al paquete de financiamiento que la provincia gestiona ante el <strong>Banco Interamericano de Desarrollo (BID)<\/strong>, en el marco de un cr\u00e9dito espec\u00edfico para el saneamiento de la cuenca del r\u00edo Uruguay.<\/p>\n\n\n\n<p class=\"has-medium-font-size\"><em>&#8220;Es una obra fundamental para el cuidado del ambiente y la salud de los vecinos&#8221;<\/em>, remarc\u00f3 Zamb\u00f3n, enfatizando que se trata de una soluci\u00f3n estructural para una demanda de larga data en la comunidad.<\/p>\n\n\n\n<h4 class=\"wp-block-heading has-medium-font-size\"><strong>Infraestructura y Parque Automotor<\/strong><\/h4>\n\n\n\n<p class=\"has-medium-font-size\">Durante la audiencia, tambi\u00e9n se abordaron otros temas cr\u00edticos de la agenda local:<\/p>\n\n\n\n<ul class=\"wp-block-list\">\n<li class=\"has-medium-font-size\"><strong>Emergencia Vial:<\/strong> Se analiz\u00f3 el estado de las arterias de la ciudad y las estrategias conjuntas para su recuperaci\u00f3n.<\/li>\n\n\n\n<li class=\"has-medium-font-size\"><strong>Fortalecimiento de servicios:<\/strong> Se inform\u00f3 al Gobernador sobre la reciente incorporaci\u00f3n de nueva maquinaria al parque automotor municipal, una inversi\u00f3n clave para optimizar el mantenimiento urbano y la prestaci\u00f3n de servicios p\u00fablicos.<\/li>\n<\/ul>\n","protected":false},"excerpt":{"rendered":"<p>En una productiva jornada de trabajo en la capital provincial, el intendente de San Salvador,&#8230;<\/p>\n","protected":false},"author":3,"featured_media":8312,"comment_status":"closed","ping_status":"open","sticky":false,"template":"","format":"standard","meta":{"footnotes":""},"categories":[21,31],"tags":[],"class_list":["post-8311","post","type-post","status-publish","format-standard","has-post-thumbnail","hentry","category-provinciales","category-locales"],"featured_image_urls":{"full":["https:\/\/centronoticias.com.ar\/portal\/wp-content\/uploads\/2026\/03\/frigerio-zambon-grimaldi.jpeg",1040,695,false],"thumbnail":["https:\/\/centronoticias.com.ar\/portal\/wp-content\/uploads\/2026\/03\/frigerio-zambon-grimaldi-150x150.jpeg",150,150,true],"medium":["https:\/\/centronoticias.com.ar\/portal\/wp-content\/uploads\/2026\/03\/frigerio-zambon-grimaldi-300x200.jpeg",300,200,true],"medium_large":["https:\/\/centronoticias.com.ar\/portal\/wp-content\/uploads\/2026\/03\/frigerio-zambon-grimaldi-768x513.jpeg",640,428,true],"large":["https:\/\/centronoticias.com.ar\/portal\/wp-content\/uploads\/2026\/03\/frigerio-zambon-grimaldi-1024x684.jpeg",640,428,true],"1536x1536":["https:\/\/centronoticias.com.ar\/portal\/wp-content\/uploads\/2026\/03\/frigerio-zambon-grimaldi.jpeg",1040,695,false],"2048x2048":["https:\/\/centronoticias.com.ar\/portal\/wp-content\/uploads\/2026\/03\/frigerio-zambon-grimaldi.jpeg",1040,695,false],"covernews-slider-full":["https:\/\/centronoticias.com.ar\/portal\/wp-content\/uploads\/2026\/03\/frigerio-zambon-grimaldi.jpeg",1040,695,false],"covernews-slider-center":["https:\/\/centronoticias.com.ar\/portal\/wp-content\/uploads\/2026\/03\/frigerio-zambon-grimaldi-800x500.jpeg",800,500,true],"covernews-featured":["https:\/\/centronoticias.com.ar\/portal\/wp-content\/uploads\/2026\/03\/frigerio-zambon-grimaldi-1024x684.jpeg",1024,684,true],"covernews-medium":["https:\/\/centronoticias.com.ar\/portal\/wp-content\/uploads\/2026\/03\/frigerio-zambon-grimaldi-540x340.jpeg",540,340,true],"covernews-medium-square":["https:\/\/centronoticias.com.ar\/portal\/wp-content\/uploads\/2026\/03\/frigerio-zambon-grimaldi-400x250.jpeg",400,250,true]},"author_info":{"info":["Roberto Jourd\u00e1n"]},"category_info":"<a href=\"https:\/\/centronoticias.com.ar\/portal\/category\/provinciales\/\" rel=\"category tag\">Provinciales<\/a> <a href=\"https:\/\/centronoticias.com.ar\/portal\/category\/locales\/\" rel=\"category tag\">San Salvador<\/a>","tag_info":"San Salvador","comment_count":"0","_links":{"self":[{"href":"https:\/\/centronoticias.com.ar\/portal\/wp-json\/wp\/v2\/posts\/8311","targetHints":{"allow":["GET"]}}],"collection":[{"href":"https:\/\/centronoticias.com.ar\/portal\/wp-json\/wp\/v2\/posts"}],"about":[{"href":"https:\/\/centronoticias.com.ar\/portal\/wp-json\/wp\/v2\/types\/post"}],"author":[{"embeddable":true,"href":"https:\/\/centronoticias.com.ar\/portal\/wp-json\/wp\/v2\/users\/3"}],"replies":[{"embeddable":true,"href":"https:\/\/centronoticias.com.ar\/portal\/wp-json\/wp\/v2\/comments?post=8311"}],"version-history":[{"count":1,"href":"https:\/\/centronoticias.com.ar\/portal\/wp-json\/wp\/v2\/posts\/8311\/revisions"}],"predecessor-version":[{"id":8313,"href":"https:\/\/centronoticias.com.ar\/portal\/wp-json\/wp\/v2\/posts\/8311\/revisions\/8313"}],"wp:featuredmedia":[{"embeddable":true,"href":"https:\/\/centronoticias.com.ar\/portal\/wp-json\/wp\/v2\/media\/8312"}],"wp:attachment":[{"href":"https:\/\/centronoticias.com.ar\/portal\/wp-json\/wp\/v2\/media?parent=8311"}],"wp:term":[{"taxonomy":"category","embeddable":true,"href":"https:\/\/centronoticias.com.ar\/portal\/wp-json\/wp\/v2\/categories?post=8311"},{"taxonomy":"post_tag","embeddable":true,"href":"https:\/\/centronoticias.com.ar\/portal\/wp-json\/wp\/v2\/tags?post=8311"}],"curies":[{"name":"wp","href":"https:\/\/api.w.org\/{rel}","templated":true}]}}