{"id":8309,"date":"2026-03-07T09:11:25","date_gmt":"2026-03-07T12:11:25","guid":{"rendered":"https:\/\/centronoticias.com.ar\/portal\/?p=8309"},"modified":"2026-03-07T09:11:26","modified_gmt":"2026-03-07T12:11:26","slug":"el-gobierno-pagara-por-decreto-el-aumento-a-los-docentes","status":"publish","type":"post","link":"https:\/\/centronoticias.com.ar\/portal\/el-gobierno-pagara-por-decreto-el-aumento-a-los-docentes\/","title":{"rendered":"El gobierno pagar\u00e1 por decreto el aumento a los docentes"},"content":{"rendered":"\n<p class=\"has-medium-font-size\"><strong>El gobierno provincial abonar\u00e1 v\u00eda decreto la oferta salarial presentada este lunes a los gremios docentes, pese a que la misma no fue aceptada en el \u00e1mbito paritario. La decisi\u00f3n garantiza que el incremento llegue de manera inmediata al bolsillo de los trabajadores de la educaci\u00f3n.<\/strong><\/p>\n\n\n\n<p class=\"has-medium-font-size\">Seg\u00fan se confirm\u00f3, esta decisi\u00f3n se concretar\u00e1 a trav\u00e9s de una liquidaci\u00f3n complementaria de los haberes de febrero, que se efectuar\u00e1 en los pr\u00f3ximos d\u00edas y se continuar\u00e1 abonando los pr\u00f3ximos meses mientras dure la discusi\u00f3n paritaria. Conforme con eso, se seguir\u00e1 de cerca la evoluci\u00f3n de la inflaci\u00f3n, el comportamiento de la recaudaci\u00f3n provincial y las posibilidades de mejora salarial en el futuro.<\/p>\n\n\n\n<p class=\"has-medium-font-size\">La propuesta salarial del gobierno entrerriano contempla los siguientes puntos: la elevaci\u00f3n del salario m\u00ednimo de un docente de cuatro horas reci\u00e9n iniciado a 750.000 pesos de bolsillo; la suma fija de 60.000 pesos por docente, a trav\u00e9s de los \u00edtems Fondo Provincial de Incentivo Docente (Fopid) y Complemento por Conectividad. En el caso de los docentes que posean menos de 15 horas c\u00e1tedra en el Nivel Medio o menos de 11 horas en el Nivel Superior el monto ser\u00e1 proporcional.<\/p>\n\n\n\n<p class=\"has-medium-font-size\">Asimismo, se mantiene la suma remunerativa y bonificable de 25.000 pesos para los docentes con m\u00e1s de 10 a\u00f1os de antig\u00fcedad.<\/p>\n\n\n\n<p class=\"has-medium-font-size\">En ese marco, desde el gobierno se ratific\u00f3 la voluntad de di\u00e1logo y responsabilidad fiscal, y confirmaron que las paritarias continuar\u00e1n abiertas. Conforme con eso, se retomar\u00e1 la discusi\u00f3n en un plazo de tres meses, a fin de evaluar la evoluci\u00f3n de la inflaci\u00f3n, el comportamiento de la recaudaci\u00f3n provincial y las posibilidades de mejora salarial adicional.<\/p>\n\n\n\n<p class=\"has-medium-font-size\">Desde el inicio de la gesti\u00f3n, los salarios docentes han acompa\u00f1ado la inflaci\u00f3n, a\u00fan en un contexto en el que la recaudaci\u00f3n provincial creci\u00f3 por debajo de los \u00edndices inflacionarios durante varios meses. Asimismo, se reconoce que los ingresos requieren mejoras estructurales acordes a la responsabilidad profesional, en un escenario econ\u00f3mico complejo.<\/p>\n\n\n\n<p class=\"has-medium-font-size\">Finalmente, se destac\u00f3 que la pol\u00edtica educativa provincial tiene un enfoque integral que trasciende lo estrictamente salarial. Entre las acciones implementadas se incluyen: inversi\u00f3n en infraestructura escolar, capacitaci\u00f3n docente, puesta en marcha del plan provincial de alfabetizaci\u00f3n, mejora del 10 por ciento en los indicadores de lectura y escritura en alumnos de primero a tercer grado, y medidas para fortalecer la permanencia en el nivel secundario.<\/p>\n\n\n\n<p class=\"has-medium-font-size\">En este contexto, se inform\u00f3 que m\u00e1s de la mitad de las escuelas de la provincia dictaron clases este lunes, hecho considerado relevante ante la situaci\u00f3n actual y teniendo en cuenta que se trat\u00f3 de un paro nacional.<\/p>\n","protected":false},"excerpt":{"rendered":"<p>El gobierno provincial abonar\u00e1 v\u00eda decreto la oferta salarial presentada este lunes a los gremios&#8230;<\/p>\n","protected":false},"author":3,"featured_media":4885,"comment_status":"closed","ping_status":"open","sticky":false,"template":"","format":"standard","meta":{"footnotes":""},"categories":[21],"tags":[],"class_list":["post-8309","post","type-post","status-publish","format-standard","has-post-thumbnail","hentry","category-provinciales"],"featured_image_urls":{"full":["https:\/\/centronoticias.com.ar\/portal\/wp-content\/uploads\/2025\/08\/casa_de_gobierno.jpg",1024,683,false],"thumbnail":["https:\/\/centronoticias.com.ar\/portal\/wp-content\/uploads\/2025\/08\/casa_de_gobierno-150x150.jpg",150,150,true],"medium":["https:\/\/centronoticias.com.ar\/portal\/wp-content\/uploads\/2025\/08\/casa_de_gobierno-300x200.jpg",300,200,true],"medium_large":["https:\/\/centronoticias.com.ar\/portal\/wp-content\/uploads\/2025\/08\/casa_de_gobierno-768x512.jpg",640,427,true],"large":["https:\/\/centronoticias.com.ar\/portal\/wp-content\/uploads\/2025\/08\/casa_de_gobierno.jpg",640,427,false],"1536x1536":["https:\/\/centronoticias.com.ar\/portal\/wp-content\/uploads\/2025\/08\/casa_de_gobierno.jpg",1024,683,false],"2048x2048":["https:\/\/centronoticias.com.ar\/portal\/wp-content\/uploads\/2025\/08\/casa_de_gobierno.jpg",1024,683,false],"covernews-slider-full":["https:\/\/centronoticias.com.ar\/portal\/wp-content\/uploads\/2025\/08\/casa_de_gobierno.jpg",1024,683,false],"covernews-slider-center":["https:\/\/centronoticias.com.ar\/portal\/wp-content\/uploads\/2025\/08\/casa_de_gobierno-800x500.jpg",800,500,true],"covernews-featured":["https:\/\/centronoticias.com.ar\/portal\/wp-content\/uploads\/2025\/08\/casa_de_gobierno.jpg",1024,683,false],"covernews-medium":["https:\/\/centronoticias.com.ar\/portal\/wp-content\/uploads\/2025\/08\/casa_de_gobierno-540x340.jpg",540,340,true],"covernews-medium-square":["https:\/\/centronoticias.com.ar\/portal\/wp-content\/uploads\/2025\/08\/casa_de_gobierno-400x250.jpg",400,250,true]},"author_info":{"info":["Roberto Jourd\u00e1n"]},"category_info":"<a href=\"https:\/\/centronoticias.com.ar\/portal\/category\/provinciales\/\" rel=\"category tag\">Provinciales<\/a>","tag_info":"Provinciales","comment_count":"0","_links":{"self":[{"href":"https:\/\/centronoticias.com.ar\/portal\/wp-json\/wp\/v2\/posts\/8309","targetHints":{"allow":["GET"]}}],"collection":[{"href":"https:\/\/centronoticias.com.ar\/portal\/wp-json\/wp\/v2\/posts"}],"about":[{"href":"https:\/\/centronoticias.com.ar\/portal\/wp-json\/wp\/v2\/types\/post"}],"author":[{"embeddable":true,"href":"https:\/\/centronoticias.com.ar\/portal\/wp-json\/wp\/v2\/users\/3"}],"replies":[{"embeddable":true,"href":"https:\/\/centronoticias.com.ar\/portal\/wp-json\/wp\/v2\/comments?post=8309"}],"version-history":[{"count":1,"href":"https:\/\/centronoticias.com.ar\/portal\/wp-json\/wp\/v2\/posts\/8309\/revisions"}],"predecessor-version":[{"id":8310,"href":"https:\/\/centronoticias.com.ar\/portal\/wp-json\/wp\/v2\/posts\/8309\/revisions\/8310"}],"wp:featuredmedia":[{"embeddable":true,"href":"https:\/\/centronoticias.com.ar\/portal\/wp-json\/wp\/v2\/media\/4885"}],"wp:attachment":[{"href":"https:\/\/centronoticias.com.ar\/portal\/wp-json\/wp\/v2\/media?parent=8309"}],"wp:term":[{"taxonomy":"category","embeddable":true,"href":"https:\/\/centronoticias.com.ar\/portal\/wp-json\/wp\/v2\/categories?post=8309"},{"taxonomy":"post_tag","embeddable":true,"href":"https:\/\/centronoticias.com.ar\/portal\/wp-json\/wp\/v2\/tags?post=8309"}],"curies":[{"name":"wp","href":"https:\/\/api.w.org\/{rel}","templated":true}]}}