{"id":7568,"date":"2026-01-23T15:02:49","date_gmt":"2026-01-23T18:02:49","guid":{"rendered":"https:\/\/centronoticias.com.ar\/portal\/?p=7568"},"modified":"2026-01-24T15:08:01","modified_gmt":"2026-01-24T18:08:01","slug":"san-salvador-investigan-un-caso-de-autodeterminacion-ocurrido-en-la-madrugada-de-este-viernes","status":"publish","type":"post","link":"https:\/\/centronoticias.com.ar\/portal\/san-salvador-investigan-un-caso-de-autodeterminacion-ocurrido-en-la-madrugada-de-este-viernes\/","title":{"rendered":"San Salvador: Investigan un caso de autodeterminaci\u00f3n ocurrido en la madrugada de este viernes"},"content":{"rendered":"\n<p class=\"has-medium-font-size\">La comunidad de San Salvador se vio conmocionada en las primeras horas de hoy por un tr\u00e1gico suceso. Seg\u00fan el informe oficial brindado por la Jefatura Departamental, las autoridades policiales y judiciales se encuentran trabajando en un caso de autodeterminaci\u00f3n que tuvo lugar en una vivienda de la ciudad.<\/p>\n\n\n\n<h4 class=\"wp-block-heading has-medium-font-size\"><strong>Intervenci\u00f3n policial<\/strong><\/h4>\n\n\n\n<p class=\"has-medium-font-size\">El hecho fue reportado alrededor de las <strong>04:30 horas<\/strong>, tras un llamado recibido en la Sala del <strong>Comando Radioel\u00e9ctrico<\/strong>. En la comunicaci\u00f3n, un vecino alert\u00f3 sobre el hallazgo de su hijo, un hombre mayor de edad, quien se encontraba en el sector de la galer\u00eda de la vivienda sin signos vitales y con indicios de haberse quitado la vida.<\/p>\n\n\n\n<p class=\"has-medium-font-size\">Personal policial se desplaz\u00f3 de manera inmediata al domicilio indicado, donde se procedi\u00f3 a preservar la escena y confirmar la veracidad de lo informado.<\/p>\n\n\n\n<h4 class=\"wp-block-heading has-medium-font-size\"><strong>Actuaciones judiciales<\/strong><\/h4>\n\n\n\n<p class=\"has-medium-font-size\">Ante la gravedad de la situaci\u00f3n, se activ\u00f3 el protocolo correspondiente para este tipo de casos, dando intervenci\u00f3n a las siguientes \u00e1reas:<\/p>\n\n\n\n<ul class=\"wp-block-list\">\n<li class=\"has-medium-font-size\"><strong>Unidad Fiscal de San Salvador<\/strong>, que coordina las actuaciones legales.<\/li>\n\n\n\n<li class=\"has-medium-font-size\"><strong>M\u00e9dico Policial<\/strong>, para la constataci\u00f3n formal del deceso.<\/li>\n\n\n\n<li class=\"has-medium-font-size\"><strong>Secci\u00f3n Polic\u00eda Cient\u00edfica<\/strong>, para la realizaci\u00f3n de las pericias de rigor en el lugar.<\/li>\n<\/ul>\n\n\n\n<p class=\"has-medium-font-size\">Por disposici\u00f3n de la justicia, el cuerpo del fallecido fue derivado a la ciudad de <strong>Concordia<\/strong>, donde se le practicar\u00e1 la autopsia m\u00e9dico-legal para completar el procedimiento administrativo y judicial.<\/p>\n","protected":false},"excerpt":{"rendered":"<p>La comunidad de San Salvador se vio conmocionada en las primeras horas de hoy por&#8230;<\/p>\n","protected":false},"author":3,"featured_media":7569,"comment_status":"closed","ping_status":"open","sticky":false,"template":"","format":"standard","meta":{"footnotes":""},"categories":[10],"tags":[],"class_list":["post-7568","post","type-post","status-publish","format-standard","has-post-thumbnail","hentry","category-pol-0"],"featured_image_urls":{"full":["https:\/\/centronoticias.com.ar\/portal\/wp-content\/uploads\/2026\/01\/autodeterminacion.jpeg",1600,1200,false],"thumbnail":["https:\/\/centronoticias.com.ar\/portal\/wp-content\/uploads\/2026\/01\/autodeterminacion-150x150.jpeg",150,150,true],"medium":["https:\/\/centronoticias.com.ar\/portal\/wp-content\/uploads\/2026\/01\/autodeterminacion-300x225.jpeg",300,225,true],"medium_large":["https:\/\/centronoticias.com.ar\/portal\/wp-content\/uploads\/2026\/01\/autodeterminacion-768x576.jpeg",640,480,true],"large":["https:\/\/centronoticias.com.ar\/portal\/wp-content\/uploads\/2026\/01\/autodeterminacion-1024x768.jpeg",640,480,true],"1536x1536":["https:\/\/centronoticias.com.ar\/portal\/wp-content\/uploads\/2026\/01\/autodeterminacion-1536x1152.jpeg",1536,1152,true],"2048x2048":["https:\/\/centronoticias.com.ar\/portal\/wp-content\/uploads\/2026\/01\/autodeterminacion.jpeg",1600,1200,false],"covernews-slider-full":["https:\/\/centronoticias.com.ar\/portal\/wp-content\/uploads\/2026\/01\/autodeterminacion-1115x715.jpeg",1115,715,true],"covernews-slider-center":["https:\/\/centronoticias.com.ar\/portal\/wp-content\/uploads\/2026\/01\/autodeterminacion-800x500.jpeg",800,500,true],"covernews-featured":["https:\/\/centronoticias.com.ar\/portal\/wp-content\/uploads\/2026\/01\/autodeterminacion-1024x768.jpeg",1024,768,true],"covernews-medium":["https:\/\/centronoticias.com.ar\/portal\/wp-content\/uploads\/2026\/01\/autodeterminacion-540x340.jpeg",540,340,true],"covernews-medium-square":["https:\/\/centronoticias.com.ar\/portal\/wp-content\/uploads\/2026\/01\/autodeterminacion-400x250.jpeg",400,250,true]},"author_info":{"info":["Roberto Jourd\u00e1n"]},"category_info":"<a href=\"https:\/\/centronoticias.com.ar\/portal\/category\/pol-0\/\" rel=\"category tag\">Policiales<\/a>","tag_info":"Policiales","comment_count":"0","_links":{"self":[{"href":"https:\/\/centronoticias.com.ar\/portal\/wp-json\/wp\/v2\/posts\/7568","targetHints":{"allow":["GET"]}}],"collection":[{"href":"https:\/\/centronoticias.com.ar\/portal\/wp-json\/wp\/v2\/posts"}],"about":[{"href":"https:\/\/centronoticias.com.ar\/portal\/wp-json\/wp\/v2\/types\/post"}],"author":[{"embeddable":true,"href":"https:\/\/centronoticias.com.ar\/portal\/wp-json\/wp\/v2\/users\/3"}],"replies":[{"embeddable":true,"href":"https:\/\/centronoticias.com.ar\/portal\/wp-json\/wp\/v2\/comments?post=7568"}],"version-history":[{"count":1,"href":"https:\/\/centronoticias.com.ar\/portal\/wp-json\/wp\/v2\/posts\/7568\/revisions"}],"predecessor-version":[{"id":7570,"href":"https:\/\/centronoticias.com.ar\/portal\/wp-json\/wp\/v2\/posts\/7568\/revisions\/7570"}],"wp:featuredmedia":[{"embeddable":true,"href":"https:\/\/centronoticias.com.ar\/portal\/wp-json\/wp\/v2\/media\/7569"}],"wp:attachment":[{"href":"https:\/\/centronoticias.com.ar\/portal\/wp-json\/wp\/v2\/media?parent=7568"}],"wp:term":[{"taxonomy":"category","embeddable":true,"href":"https:\/\/centronoticias.com.ar\/portal\/wp-json\/wp\/v2\/categories?post=7568"},{"taxonomy":"post_tag","embeddable":true,"href":"https:\/\/centronoticias.com.ar\/portal\/wp-json\/wp\/v2\/tags?post=7568"}],"curies":[{"name":"wp","href":"https:\/\/api.w.org\/{rel}","templated":true}]}}