{"id":7556,"date":"2026-01-23T12:33:29","date_gmt":"2026-01-23T15:33:29","guid":{"rendered":"https:\/\/centronoticias.com.ar\/portal\/?p=7556"},"modified":"2026-01-24T12:35:39","modified_gmt":"2026-01-24T15:35:39","slug":"frigerio-recibio-a-santilli-y-ratifico-el-acompanamiento-de-entre-rios-a-las-reformas-que-impulsa-nacion","status":"publish","type":"post","link":"https:\/\/centronoticias.com.ar\/portal\/frigerio-recibio-a-santilli-y-ratifico-el-acompanamiento-de-entre-rios-a-las-reformas-que-impulsa-nacion\/","title":{"rendered":"Frigerio recibi\u00f3 a Santilli y ratific\u00f3 el acompa\u00f1amiento de Entre R\u00edos a las reformas que impulsa Naci\u00f3n"},"content":{"rendered":"\n<p class=\"has-medium-font-size\"><strong>El gobernador Rogelio Frigerio recibi\u00f3 este jueves en Casa de Gobierno al ministro del Interior de la Naci\u00f3n, Diego Santilli, con quien mantuvo una reuni\u00f3n de trabajo en el marco de la agenda de articulaci\u00f3n permanente que la provincia sostiene con el Gobierno nacional.<\/strong><\/p>\n\n\n\n<p class=\"has-medium-font-size\">Del encuentro participaron tambi\u00e9n el secretario general de la Gobernaci\u00f3n, Mauricio Colello, y el viceministro del Interior, Gustavo Coria. Posteriormente, las autoridades ofrecieron una conferencia de prensa.<\/p>\n\n\n\n<p class=\"has-medium-font-size\">Frigerio destac\u00f3 la importancia de seguir profundizando el trabajo conjunto con Naci\u00f3n y ratific\u00f3 el acompa\u00f1amiento de Entre R\u00edos a las transformaciones que se est\u00e1n impulsando a nivel nacional. &#8220;Estuvimos trabajando y punteando distintos temas de la provincia, cuestiones pendientes con el Gobierno nacional, y tambi\u00e9n aquellos vinculados a las reformas que la Argentina necesita y que nuestra provincia viene acompa\u00f1ando desde el primer momento&#8221;, se\u00f1al\u00f3.<\/p>\n\n\n\n<p class=\"has-medium-font-size\">En ese sentido, el mandatario expres\u00f3 el apoyo del gobierno entrerriano al proyecto de modernizaci\u00f3n laboral que impulsa el Ejecutivo nacional, y subray\u00f3 que se trata de una iniciativa orientada a ampliar derechos y generar empleo formal. &#8220;Venimos sembrando esta relaci\u00f3n con convicci\u00f3n, con la idea de que a la Argentina le tiene que ir bien para que tambi\u00e9n le vaya bien a Entre R\u00edos, independientemente de cualquier especulaci\u00f3n personal o electoral&#8221;, remarc\u00f3.<\/p>\n\n\n\n<p class=\"has-medium-font-size\">Por su parte, Santilli resalt\u00f3 la &#8220;alt\u00edsima valoraci\u00f3n por parte del Gobierno nacional sobre la figura del gobernador Rogelio Frigerio&#8221; y destac\u00f3 el trabajo que viene desarrollando el gobernador &#8220;en la provincia, pero tambi\u00e9n para con la relaci\u00f3n con el Presidente&#8221;, quien &#8220;lo destaca como uno de los gobernadores que, a una provincia con much\u00edsimos problemas, la est\u00e1 sacando adelante&#8221;, afirm\u00f3.<\/p>\n\n\n\n<p class=\"has-medium-font-size\">Santilli valor\u00f3 el respaldo del gobernador y destac\u00f3 el trabajo que viene realizando la gesti\u00f3n provincial. &#8220;El acompa\u00f1amiento de Entre R\u00edos a las reformas es muy importante para el pa\u00eds y para los argentinos&#8221;, afirm\u00f3, y se\u00f1al\u00f3 que se lleva una agenda de trabajo amplia con distintos temas que seguir\u00e1n siendo abordados en conjunto.<\/p>\n\n\n\n<p class=\"has-medium-font-size\">Durante el encuentro se abordaron adem\u00e1s distintos temas de inter\u00e9s para la provincia. Entre ellos, la situaci\u00f3n del Palacio San Jos\u00e9, donde el pr\u00f3ximo 3 de febrero se realizar\u00e1n los actos conmemorativos de la Batalla de Caseros. Al respecto, Frigerio expres\u00f3 su expectativa de avanzar en la resoluci\u00f3n administrativa que permita un trabajo conjunto entre Naci\u00f3n y provincia para poner en valor el monumento hist\u00f3rico.<\/p>\n\n\n\n<p class=\"has-medium-font-size\">Asimismo, se analizaron avances vinculados a la transferencia a la provincia de terrenos nacionales ubicados en la zona del Hospital De la Baxada, en la ciudad de Paran\u00e1, en el marco de un esquema de compensaci\u00f3n de deudas, con el objetivo de impulsar un plan habitacional.<\/p>\n\n\n\n<p class=\"has-medium-font-size\">Tambi\u00e9n se repasaron temas relacionados con tierras del puerto de Paran\u00e1, traspasos ferroviarios y \u00e1reas metropolitanas.<\/p>\n\n\n\n<p class=\"has-medium-font-size\">En materia de infraestructura, el gobernador plante\u00f3 la necesidad de intervenir la ruta nacional 127 por razones de seguridad vial, mientras que se abordaron adem\u00e1s cuestiones vinculadas a la obra p\u00fablica y a concesiones viales estrat\u00e9gicas para la provincia.<\/p>\n","protected":false},"excerpt":{"rendered":"<p>El gobernador Rogelio Frigerio recibi\u00f3 este jueves en Casa de Gobierno al ministro del Interior&#8230;<\/p>\n","protected":false},"author":3,"featured_media":7557,"comment_status":"closed","ping_status":"open","sticky":false,"template":"","format":"standard","meta":{"footnotes":""},"categories":[21],"tags":[],"class_list":["post-7556","post","type-post","status-publish","format-standard","has-post-thumbnail","hentry","category-provinciales"],"featured_image_urls":{"full":["https:\/\/centronoticias.com.ar\/portal\/wp-content\/uploads\/2026\/01\/Frigerio-Santilli.jpg",1024,683,false],"thumbnail":["https:\/\/centronoticias.com.ar\/portal\/wp-content\/uploads\/2026\/01\/Frigerio-Santilli-150x150.jpg",150,150,true],"medium":["https:\/\/centronoticias.com.ar\/portal\/wp-content\/uploads\/2026\/01\/Frigerio-Santilli-300x200.jpg",300,200,true],"medium_large":["https:\/\/centronoticias.com.ar\/portal\/wp-content\/uploads\/2026\/01\/Frigerio-Santilli-768x512.jpg",640,427,true],"large":["https:\/\/centronoticias.com.ar\/portal\/wp-content\/uploads\/2026\/01\/Frigerio-Santilli.jpg",640,427,false],"1536x1536":["https:\/\/centronoticias.com.ar\/portal\/wp-content\/uploads\/2026\/01\/Frigerio-Santilli.jpg",1024,683,false],"2048x2048":["https:\/\/centronoticias.com.ar\/portal\/wp-content\/uploads\/2026\/01\/Frigerio-Santilli.jpg",1024,683,false],"covernews-slider-full":["https:\/\/centronoticias.com.ar\/portal\/wp-content\/uploads\/2026\/01\/Frigerio-Santilli.jpg",1024,683,false],"covernews-slider-center":["https:\/\/centronoticias.com.ar\/portal\/wp-content\/uploads\/2026\/01\/Frigerio-Santilli-800x500.jpg",800,500,true],"covernews-featured":["https:\/\/centronoticias.com.ar\/portal\/wp-content\/uploads\/2026\/01\/Frigerio-Santilli.jpg",1024,683,false],"covernews-medium":["https:\/\/centronoticias.com.ar\/portal\/wp-content\/uploads\/2026\/01\/Frigerio-Santilli-540x340.jpg",540,340,true],"covernews-medium-square":["https:\/\/centronoticias.com.ar\/portal\/wp-content\/uploads\/2026\/01\/Frigerio-Santilli-400x250.jpg",400,250,true]},"author_info":{"info":["Roberto Jourd\u00e1n"]},"category_info":"<a href=\"https:\/\/centronoticias.com.ar\/portal\/category\/provinciales\/\" rel=\"category tag\">Provinciales<\/a>","tag_info":"Provinciales","comment_count":"0","_links":{"self":[{"href":"https:\/\/centronoticias.com.ar\/portal\/wp-json\/wp\/v2\/posts\/7556","targetHints":{"allow":["GET"]}}],"collection":[{"href":"https:\/\/centronoticias.com.ar\/portal\/wp-json\/wp\/v2\/posts"}],"about":[{"href":"https:\/\/centronoticias.com.ar\/portal\/wp-json\/wp\/v2\/types\/post"}],"author":[{"embeddable":true,"href":"https:\/\/centronoticias.com.ar\/portal\/wp-json\/wp\/v2\/users\/3"}],"replies":[{"embeddable":true,"href":"https:\/\/centronoticias.com.ar\/portal\/wp-json\/wp\/v2\/comments?post=7556"}],"version-history":[{"count":1,"href":"https:\/\/centronoticias.com.ar\/portal\/wp-json\/wp\/v2\/posts\/7556\/revisions"}],"predecessor-version":[{"id":7558,"href":"https:\/\/centronoticias.com.ar\/portal\/wp-json\/wp\/v2\/posts\/7556\/revisions\/7558"}],"wp:featuredmedia":[{"embeddable":true,"href":"https:\/\/centronoticias.com.ar\/portal\/wp-json\/wp\/v2\/media\/7557"}],"wp:attachment":[{"href":"https:\/\/centronoticias.com.ar\/portal\/wp-json\/wp\/v2\/media?parent=7556"}],"wp:term":[{"taxonomy":"category","embeddable":true,"href":"https:\/\/centronoticias.com.ar\/portal\/wp-json\/wp\/v2\/categories?post=7556"},{"taxonomy":"post_tag","embeddable":true,"href":"https:\/\/centronoticias.com.ar\/portal\/wp-json\/wp\/v2\/tags?post=7556"}],"curies":[{"name":"wp","href":"https:\/\/api.w.org\/{rel}","templated":true}]}}