{"id":7202,"date":"2025-12-22T14:13:03","date_gmt":"2025-12-22T17:13:03","guid":{"rendered":"https:\/\/centronoticias.com.ar\/portal\/?p=7202"},"modified":"2025-12-22T14:13:05","modified_gmt":"2025-12-22T17:13:05","slug":"se-repararon-instalaciones-sanitarias-en-jardin-de-infantes-de-san-salvador","status":"publish","type":"post","link":"https:\/\/centronoticias.com.ar\/portal\/se-repararon-instalaciones-sanitarias-en-jardin-de-infantes-de-san-salvador\/","title":{"rendered":"Se repararon instalaciones sanitarias en jard\u00edn de infantes de San Salvador"},"content":{"rendered":"\n<p class=\"has-medium-font-size\">El Gobierno de Entre R\u00edos ejecut\u00f3 una intervenci\u00f3n de emergencia en la Unidad Educativa de Nivel Inicial La Casa del Hornero de San Salvador, con una inversi\u00f3n proveniente del erario provincial de 21 millones de pesos. Los trabajos comprendieron una soluci\u00f3n a problemas de obstrucci\u00f3n de desag\u00fces y filtraciones que afectaban el normal funcionamiento del edificio.<\/p>\n\n\n\n<p class=\"has-medium-font-size\">Los trabajos se realizaron a trav\u00e9s del Ministerio de Planeamiento, Infraestructura y Servicios.El establecimiento presentaba obstrucciones en la red cloacal y dificultades en la descarga de sanitarios. Estas fallas tambi\u00e9n hab\u00edan generado filtraciones en distintos sectores, afectando aulas y espacios de circulaci\u00f3n.<\/p>\n\n\n\n<p class=\"has-medium-font-size\">El titular de esa cartera provincial, Hern\u00e1n Jacob, explic\u00f3 que &#8220;este tipo de intervenciones de emergencia son fundamentales, ya que permiten resolver problemas que comprometen el normal funcionamiento de las actividades escolares. Nuestro objetivo es garantizar condiciones seguras tanto para los gurises que asisten al jard\u00edn como para el personal que trabaja en el lugar&#8221;.<\/p>\n\n\n\n<p class=\"has-medium-font-size\">Entre los trabajos realizados se concret\u00f3 la anulaci\u00f3n del tramo de ca\u00f1er\u00eda donde se detect\u00f3 la obstrucci\u00f3n principal y, para evitar demoliciones internas que afectar\u00edan a\u00fan m\u00e1s la actividad escolar, se realiz\u00f3 un nuevo recorrido de la ca\u00f1er\u00eda cloacal por el exterior del edificio, atravesando el patio que conecta la escuela N\u00ba 4 Bicentenario de la Patria y el jard\u00edn, ya que ambas instituciones fueron afectadas por la rotura del conducto principal. La obra contempl\u00f3 una inversi\u00f3n provincial de 21.109.119 pesos y estuvo a cargo de la empresa Covi S.A.S.<\/p>\n\n\n\n<p class=\"has-medium-font-size\">Por \u00faltimo, se dispuso la ejecuci\u00f3n de salidas de desag\u00fce cloacal independientes para ambos establecimientos, lo que permitir\u00e1 optimizar el funcionamiento del sistema y prevenir futuras interferencias. Asimismo, se realiz\u00f3 el recambio de placas de cielorraso en aulas y galer\u00edas, junto con tareas de sellado y reparaci\u00f3n en la cubierta del techo, a fin de mejorar las condiciones edilicias generales.<\/p>\n","protected":false},"excerpt":{"rendered":"<p>El Gobierno de Entre R\u00edos ejecut\u00f3 una intervenci\u00f3n de emergencia en la Unidad Educativa de&#8230;<\/p>\n","protected":false},"author":3,"featured_media":7203,"comment_status":"closed","ping_status":"open","sticky":false,"template":"","format":"standard","meta":{"footnotes":""},"categories":[36,21],"tags":[],"class_list":["post-7202","post","type-post","status-publish","format-standard","has-post-thumbnail","hentry","category-educacion","category-provinciales"],"featured_image_urls":{"full":["https:\/\/centronoticias.com.ar\/portal\/wp-content\/uploads\/2025\/12\/escuela-Nivel-Inicial-La-Casa-del-Hornero-de-San-Salvador.jpg",1024,683,false],"thumbnail":["https:\/\/centronoticias.com.ar\/portal\/wp-content\/uploads\/2025\/12\/escuela-Nivel-Inicial-La-Casa-del-Hornero-de-San-Salvador-150x150.jpg",150,150,true],"medium":["https:\/\/centronoticias.com.ar\/portal\/wp-content\/uploads\/2025\/12\/escuela-Nivel-Inicial-La-Casa-del-Hornero-de-San-Salvador-300x200.jpg",300,200,true],"medium_large":["https:\/\/centronoticias.com.ar\/portal\/wp-content\/uploads\/2025\/12\/escuela-Nivel-Inicial-La-Casa-del-Hornero-de-San-Salvador-768x512.jpg",640,427,true],"large":["https:\/\/centronoticias.com.ar\/portal\/wp-content\/uploads\/2025\/12\/escuela-Nivel-Inicial-La-Casa-del-Hornero-de-San-Salvador.jpg",640,427,false],"1536x1536":["https:\/\/centronoticias.com.ar\/portal\/wp-content\/uploads\/2025\/12\/escuela-Nivel-Inicial-La-Casa-del-Hornero-de-San-Salvador.jpg",1024,683,false],"2048x2048":["https:\/\/centronoticias.com.ar\/portal\/wp-content\/uploads\/2025\/12\/escuela-Nivel-Inicial-La-Casa-del-Hornero-de-San-Salvador.jpg",1024,683,false],"covernews-slider-full":["https:\/\/centronoticias.com.ar\/portal\/wp-content\/uploads\/2025\/12\/escuela-Nivel-Inicial-La-Casa-del-Hornero-de-San-Salvador.jpg",1024,683,false],"covernews-slider-center":["https:\/\/centronoticias.com.ar\/portal\/wp-content\/uploads\/2025\/12\/escuela-Nivel-Inicial-La-Casa-del-Hornero-de-San-Salvador-800x500.jpg",800,500,true],"covernews-featured":["https:\/\/centronoticias.com.ar\/portal\/wp-content\/uploads\/2025\/12\/escuela-Nivel-Inicial-La-Casa-del-Hornero-de-San-Salvador.jpg",1024,683,false],"covernews-medium":["https:\/\/centronoticias.com.ar\/portal\/wp-content\/uploads\/2025\/12\/escuela-Nivel-Inicial-La-Casa-del-Hornero-de-San-Salvador-540x340.jpg",540,340,true],"covernews-medium-square":["https:\/\/centronoticias.com.ar\/portal\/wp-content\/uploads\/2025\/12\/escuela-Nivel-Inicial-La-Casa-del-Hornero-de-San-Salvador-400x250.jpg",400,250,true]},"author_info":{"info":["Roberto Jourd\u00e1n"]},"category_info":"<a href=\"https:\/\/centronoticias.com.ar\/portal\/category\/educacion\/\" rel=\"category tag\">Educaci\u00f3n<\/a> <a href=\"https:\/\/centronoticias.com.ar\/portal\/category\/provinciales\/\" rel=\"category tag\">Provinciales<\/a>","tag_info":"Provinciales","comment_count":"0","_links":{"self":[{"href":"https:\/\/centronoticias.com.ar\/portal\/wp-json\/wp\/v2\/posts\/7202","targetHints":{"allow":["GET"]}}],"collection":[{"href":"https:\/\/centronoticias.com.ar\/portal\/wp-json\/wp\/v2\/posts"}],"about":[{"href":"https:\/\/centronoticias.com.ar\/portal\/wp-json\/wp\/v2\/types\/post"}],"author":[{"embeddable":true,"href":"https:\/\/centronoticias.com.ar\/portal\/wp-json\/wp\/v2\/users\/3"}],"replies":[{"embeddable":true,"href":"https:\/\/centronoticias.com.ar\/portal\/wp-json\/wp\/v2\/comments?post=7202"}],"version-history":[{"count":1,"href":"https:\/\/centronoticias.com.ar\/portal\/wp-json\/wp\/v2\/posts\/7202\/revisions"}],"predecessor-version":[{"id":7204,"href":"https:\/\/centronoticias.com.ar\/portal\/wp-json\/wp\/v2\/posts\/7202\/revisions\/7204"}],"wp:featuredmedia":[{"embeddable":true,"href":"https:\/\/centronoticias.com.ar\/portal\/wp-json\/wp\/v2\/media\/7203"}],"wp:attachment":[{"href":"https:\/\/centronoticias.com.ar\/portal\/wp-json\/wp\/v2\/media?parent=7202"}],"wp:term":[{"taxonomy":"category","embeddable":true,"href":"https:\/\/centronoticias.com.ar\/portal\/wp-json\/wp\/v2\/categories?post=7202"},{"taxonomy":"post_tag","embeddable":true,"href":"https:\/\/centronoticias.com.ar\/portal\/wp-json\/wp\/v2\/tags?post=7202"}],"curies":[{"name":"wp","href":"https:\/\/api.w.org\/{rel}","templated":true}]}}