{"id":7154,"date":"2025-12-19T12:36:58","date_gmt":"2025-12-19T15:36:58","guid":{"rendered":"https:\/\/centronoticias.com.ar\/portal\/?p=7154"},"modified":"2025-12-19T12:36:59","modified_gmt":"2025-12-19T15:36:59","slug":"san-salvador-refuerza-la-prevencion-contra-el-dengue-implementan-sensores-de-monitoreo-de-mosquitos-en-toda-la-ciudad","status":"publish","type":"post","link":"https:\/\/centronoticias.com.ar\/portal\/san-salvador-refuerza-la-prevencion-contra-el-dengue-implementan-sensores-de-monitoreo-de-mosquitos-en-toda-la-ciudad\/","title":{"rendered":"San Salvador refuerza la prevenci\u00f3n contra el dengue: implementan sensores de monitoreo de mosquitos en toda la ciudad"},"content":{"rendered":"\n<p class=\"has-medium-font-size\">En el marco de las pol\u00edticas de salud p\u00fablica y prevenci\u00f3n de enfermedades vectoriales, la Municipalidad de San Salvador ha puesto en marcha un avanzado sistema de vigilancia entomol\u00f3gica. A trav\u00e9s del Departamento de Inspecci\u00f3n General, se inici\u00f3 la colocaci\u00f3n de <strong>sensores de oviposici\u00f3n (ovitrampas)<\/strong> en diversos barrios y zonas estrat\u00e9gicas, con el fin de monitorear la actividad del mosquito <em>Aedes aegypti<\/em>, principal vector del dengue, zika y chikungunya.<\/p>\n\n\n\n<h4 class=\"wp-block-heading has-medium-font-size\"><strong>Alianza estrat\u00e9gica con el CONICET y Zoonosis<\/strong><\/h4>\n\n\n\n<p class=\"has-medium-font-size\">La implementaci\u00f3n de este programa es el resultado de un trabajo de articulaci\u00f3n t\u00e9cnica. Durante los primeros d\u00edas de noviembre, el personal de Inspecci\u00f3n General y Gesti\u00f3n Ambiental particip\u00f3 de una capacitaci\u00f3n especializada donde se formaliz\u00f3 un convenio de colaboraci\u00f3n con el <strong>CONICET<\/strong> y la <strong>Direcci\u00f3n de Zoonosis de Entre R\u00edos<\/strong>.<\/p>\n\n\n\n<p class=\"has-medium-font-size\">Este acuerdo permite a la ciudad adoptar un m\u00e9todo cient\u00edfico de detecci\u00f3n temprana. Las ovitrampas funcionan como herramientas de recolecci\u00f3n de datos que permiten identificar con precisi\u00f3n la presencia del mosquito y su distribuci\u00f3n geogr\u00e1fica en los distintos sectores del ejido urbano.<\/p>\n\n\n\n<h4 class=\"wp-block-heading has-medium-font-size\"><strong>Acciones basadas en datos precisos<\/strong><\/h4>\n\n\n\n<p class=\"has-medium-font-size\">La gran ventaja de este sistema es la capacidad de <strong>georreferenciar la informaci\u00f3n<\/strong>. Con los resultados obtenidos del monitoreo, el municipio podr\u00e1 planificar de manera m\u00e1s eficiente sus operativos de campo.<\/p>\n\n\n\n<p class=\"has-medium-font-size\">&#8220;La informaci\u00f3n recolectada ser\u00e1 fundamental para optimizar los recursos&#8221;, explicaron desde el \u00e1rea de Gesti\u00f3n Ambiental. Esto permitir\u00e1 que las tareas de <strong>descacharrizado, fumigaci\u00f3n controlada o bloqueos sanitarios<\/strong> se realicen de forma dirigida en aquellas zonas donde se detecte una mayor densidad de presencia del vector, mejorando as\u00ed la capacidad de respuesta ante posibles focos.<\/p>\n\n\n\n<h4 class=\"wp-block-heading has-medium-font-size\"><strong>El compromiso de la comunidad<\/strong><\/h4>\n\n\n\n<p class=\"has-medium-font-size\">Si bien el monitoreo t\u00e9cnico es un paso crucial, desde la Municipalidad recordaron que estas acciones deben complementarse con el compromiso vecinal en el hogar. La eliminaci\u00f3n de recipientes que acumulen agua sigue siendo la medida m\u00e1s efectiva para evitar que el <em>Aedes aegypti<\/em> encuentre lugares donde reproducirse.<\/p>\n","protected":false},"excerpt":{"rendered":"<p>En el marco de las pol\u00edticas de salud p\u00fablica y prevenci\u00f3n de enfermedades vectoriales, la&#8230;<\/p>\n","protected":false},"author":3,"featured_media":7155,"comment_status":"closed","ping_status":"open","sticky":false,"template":"","format":"standard","meta":{"footnotes":""},"categories":[31],"tags":[],"class_list":["post-7154","post","type-post","status-publish","format-standard","has-post-thumbnail","hentry","category-locales"],"featured_image_urls":{"full":["https:\/\/centronoticias.com.ar\/portal\/wp-content\/uploads\/2025\/12\/campana-dengue.jpeg",1280,854,false],"thumbnail":["https:\/\/centronoticias.com.ar\/portal\/wp-content\/uploads\/2025\/12\/campana-dengue-150x150.jpeg",150,150,true],"medium":["https:\/\/centronoticias.com.ar\/portal\/wp-content\/uploads\/2025\/12\/campana-dengue-300x200.jpeg",300,200,true],"medium_large":["https:\/\/centronoticias.com.ar\/portal\/wp-content\/uploads\/2025\/12\/campana-dengue-768x512.jpeg",640,427,true],"large":["https:\/\/centronoticias.com.ar\/portal\/wp-content\/uploads\/2025\/12\/campana-dengue-1024x683.jpeg",640,427,true],"1536x1536":["https:\/\/centronoticias.com.ar\/portal\/wp-content\/uploads\/2025\/12\/campana-dengue.jpeg",1280,854,false],"2048x2048":["https:\/\/centronoticias.com.ar\/portal\/wp-content\/uploads\/2025\/12\/campana-dengue.jpeg",1280,854,false],"covernews-slider-full":["https:\/\/centronoticias.com.ar\/portal\/wp-content\/uploads\/2025\/12\/campana-dengue-1115x715.jpeg",1115,715,true],"covernews-slider-center":["https:\/\/centronoticias.com.ar\/portal\/wp-content\/uploads\/2025\/12\/campana-dengue-800x500.jpeg",800,500,true],"covernews-featured":["https:\/\/centronoticias.com.ar\/portal\/wp-content\/uploads\/2025\/12\/campana-dengue-1024x683.jpeg",1024,683,true],"covernews-medium":["https:\/\/centronoticias.com.ar\/portal\/wp-content\/uploads\/2025\/12\/campana-dengue-540x340.jpeg",540,340,true],"covernews-medium-square":["https:\/\/centronoticias.com.ar\/portal\/wp-content\/uploads\/2025\/12\/campana-dengue-400x250.jpeg",400,250,true]},"author_info":{"info":["Roberto Jourd\u00e1n"]},"category_info":"<a href=\"https:\/\/centronoticias.com.ar\/portal\/category\/locales\/\" rel=\"category tag\">San Salvador<\/a>","tag_info":"San Salvador","comment_count":"0","_links":{"self":[{"href":"https:\/\/centronoticias.com.ar\/portal\/wp-json\/wp\/v2\/posts\/7154","targetHints":{"allow":["GET"]}}],"collection":[{"href":"https:\/\/centronoticias.com.ar\/portal\/wp-json\/wp\/v2\/posts"}],"about":[{"href":"https:\/\/centronoticias.com.ar\/portal\/wp-json\/wp\/v2\/types\/post"}],"author":[{"embeddable":true,"href":"https:\/\/centronoticias.com.ar\/portal\/wp-json\/wp\/v2\/users\/3"}],"replies":[{"embeddable":true,"href":"https:\/\/centronoticias.com.ar\/portal\/wp-json\/wp\/v2\/comments?post=7154"}],"version-history":[{"count":1,"href":"https:\/\/centronoticias.com.ar\/portal\/wp-json\/wp\/v2\/posts\/7154\/revisions"}],"predecessor-version":[{"id":7156,"href":"https:\/\/centronoticias.com.ar\/portal\/wp-json\/wp\/v2\/posts\/7154\/revisions\/7156"}],"wp:featuredmedia":[{"embeddable":true,"href":"https:\/\/centronoticias.com.ar\/portal\/wp-json\/wp\/v2\/media\/7155"}],"wp:attachment":[{"href":"https:\/\/centronoticias.com.ar\/portal\/wp-json\/wp\/v2\/media?parent=7154"}],"wp:term":[{"taxonomy":"category","embeddable":true,"href":"https:\/\/centronoticias.com.ar\/portal\/wp-json\/wp\/v2\/categories?post=7154"},{"taxonomy":"post_tag","embeddable":true,"href":"https:\/\/centronoticias.com.ar\/portal\/wp-json\/wp\/v2\/tags?post=7154"}],"curies":[{"name":"wp","href":"https:\/\/api.w.org\/{rel}","templated":true}]}}