{"id":7146,"date":"2025-12-19T08:04:27","date_gmt":"2025-12-19T11:04:27","guid":{"rendered":"https:\/\/centronoticias.com.ar\/portal\/?p=7146"},"modified":"2025-12-19T09:15:25","modified_gmt":"2025-12-19T12:15:25","slug":"agmer-san-salvador-renovo-autoridades-roxana-moix-continua-al-frente-de-la-seccional","status":"publish","type":"post","link":"https:\/\/centronoticias.com.ar\/portal\/agmer-san-salvador-renovo-autoridades-roxana-moix-continua-al-frente-de-la-seccional\/","title":{"rendered":"AGMER San Salvador renov\u00f3 autoridades: Roxana Moix contin\u00faa al frente de la Seccional"},"content":{"rendered":"\n<p class=\"has-medium-font-size\">En un clima de unidad y compromiso gremial, el pasado jueves 18 de diciembre se llev\u00f3 a cabo el <strong>Acto de Asunci\u00f3n de la Comisi\u00f3n Directiva Departamental de AGMER San Salvador<\/strong>. La ceremonia, que formaliz\u00f3 la continuidad de la conducci\u00f3n actual y la incorporaci\u00f3n de nuevos integrantes, tuvo lugar a las 19:30 horas en el SUM de la seccional, ubicado en calle Primera Junta 448.<\/p>\n\n\n\n<h4 class=\"wp-block-heading has-medium-font-size\"><strong>Continuidad y nuevos desaf\u00edos<\/strong><\/h4>\n\n\n\n<p class=\"has-medium-font-size\">Durante el acto, se oficializ\u00f3 el inicio de un nuevo mandato para <strong>Roxana Moix<\/strong>, quien continuar\u00e1 desempe\u00f1\u00e1ndose como <strong>Secretaria General<\/strong> de la seccional San Salvador por un periodo m\u00e1s. En esta nueva etapa, Moix estar\u00e1 acompa\u00f1ada por <strong>Sandra Duarte<\/strong>, quien asumi\u00f3 sus funciones como <strong>Secretaria Adjunta<\/strong>.<\/p>\n\n\n\n<p class=\"has-medium-font-size\">Bajo la premisa de &#8220;un nuevo comienzo que nos encuentra unidos&#8221;, las autoridades reafirmaron su compromiso con la defensa de los derechos de los trabajadores de la educaci\u00f3n y el fortalecimiento de la organizaci\u00f3n gremial en un contexto que demanda unidad para sostener la educaci\u00f3n p\u00fablica.<\/p>\n\n\n\n<h4 class=\"wp-block-heading has-medium-font-size\"><strong>Voces y reconocimientos<\/strong><\/h4>\n\n\n\n<p class=\"has-medium-font-size\">La jornada cont\u00f3 con las palabras de las autoridades locales, <strong>Roxana Moix y Sandra Duarte<\/strong>, quienes destacaron los logros alcanzados y los objetivos trazados para este nuevo periodo. Asimismo, particip\u00f3 del evento <strong>Mario Bernasconi<\/strong>, integrante de la Comisi\u00f3n Directiva Central, quien brind\u00f3 un mensaje de apoyo y resalt\u00f3 la importancia de la construcci\u00f3n colectiva a nivel provincial.<\/p>\n\n\n\n<p class=\"has-medium-font-size\">Uno de los momentos m\u00e1s emotivos de la tarde fue el <strong>reconocimiento especial a Ana Delaloye<\/strong>. La dirigente, de destacada trayectoria en la lucha docente y referente hist\u00f3rica del sindicato en el departamento, recibi\u00f3 el afecto y agradecimiento de sus pares tras haberse acogido recientemente a los beneficios de la jubilaci\u00f3n.<\/p>\n\n\n\n<h4 class=\"wp-block-heading has-medium-font-size\"><strong>Fortalecimiento institucional<\/strong><\/h4>\n\n\n\n<p class=\"has-medium-font-size\">El acto no solo represent\u00f3 una formalidad administrativa, sino un espacio de encuentro para los afiliados, quienes celebraron la consolidaci\u00f3n de un equipo de trabajo que apuesta a seguir invirtiendo en formaci\u00f3n y en la mejora de las condiciones laborales de todos los docentes del departamento San Salvador.<\/p>\n\n\n\n<p>Nueva Comisi\u00f3n Directiva Departamental San Salvador:<\/p>\n\n\n\n<figure class=\"wp-block-table\"><table class=\"has-fixed-layout\"><tbody><tr><td><strong>SECRETAR\u00cdA<\/strong><\/td><td><strong>APELLIDO Y NOMBRE<\/strong><\/td><\/tr><tr><td>Secretar\u00eda General<\/td><td>MOIX, Roxana Licia<\/td><\/tr><tr><td>Secretar\u00eda Adjunta<\/td><td>DUARTE, Sandra Mabel<\/td><\/tr><tr><td>Secretar\u00eda Gremial<\/td><td>PINTOS LEZCANO, Jorge W.<\/td><\/tr><tr><td>Secretar\u00eda Administrativa y de Actas<\/td><td>BEHERENS, Elsa Bel\u00e9n<\/td><\/tr><tr><td>Secretar\u00eda de Finanzas<\/td><td>ESQUIVEL, Olga Ester<\/td><\/tr><tr><td>Secretar\u00eda de Prensa<\/td><td>CREPPY, Silvia Noem\u00ed<\/td><\/tr><tr><td>Secretar\u00eda de Acci\u00f3n Social<\/td><td>ZAPATA, Gabriela Bel\u00e9n<\/td><\/tr><tr><td>Secretar\u00eda de Organizaci\u00f3n<\/td><td>JOANNAS, Griselda Mar\u00eda<\/td><\/tr><tr><td>Secretar\u00eda de Derechos Humanos y Cultura<\/td><td>UBEDA, Delia Carmen<\/td><\/tr><tr><td>Secretar\u00eda de Educaci\u00f3n<\/td><td>VILCHE, Claudia Carolina<\/td><\/tr><tr><td>Secretar\u00eda de Educaci\u00f3n Inicial y Primaria<\/td><td>TSCHOPP, Evangelina<\/td><\/tr><tr><td>Secretar\u00eda de Educaci\u00f3n Secundaria<\/td><td>BURGOS, Susana<\/td><\/tr><tr><td>Secretar\u00eda de Educaci\u00f3n Superior<\/td><td>GUIFFREY, Mar\u00eda Paz<\/td><\/tr><tr><td>Secretar\u00eda de Educaci\u00f3n Integral<\/td><td>BARBOZA, Andrea Micaela<\/td><\/tr><tr><td>Secretar\u00eda de Jubilados\/as<\/td><td>ARANDA, Mar\u00eda Teresita<\/td><\/tr><tr><td>Secretar\u00eda de la Mujer e Igualdad de G\u00e9neros<\/td><td>ESP\u00cdNDOLA, J\u00e9sica Antonela<\/td><\/tr><tr><td>Secretar\u00eda de Defensa de Bienes Naturales Comunes<\/td><td>SANTOS, Mar\u00eda Soledad<\/td><\/tr><tr><td>Secretar\u00eda de Condiciones Laborales<\/td><td>CARCACHE, Carina Mabel<\/td><\/tr><tr><td>Secretar\u00eda de Formaci\u00f3n Pedag\u00f3gica, Pol\u00edtica y Sindical<\/td><td>LITVINOFF, Debra<\/td><\/tr><tr><td>1\u00ba Suplente<\/td><td>GOMEZ, Roxana Gisela<\/td><\/tr><tr><td>2\u00ba Suplente<\/td><td>PEREYRA, Mariana Marcela<\/td><\/tr><tr><td>3\u00ba Suplente<\/td><td>LENCINA, Mariela Antonia<\/td><\/tr><tr><td>4\u00ba Suplente<\/td><td>DUARTE, Paola Leonor<\/td><\/tr><tr><td>5\u00ba Suplente<\/td><td>GOMEZ, Ana Patricia<\/td><\/tr><tr><td>6\u00ba Suplente<\/td><td>EMPARANZA, Delia Beatriz<\/td><\/tr><tr><td>7\u00ba Suplente<\/td><td>MOREN, Claudia Viviana<\/td><\/tr><tr><td>8\u00ba Suplente<\/td><td>AVALO, Daniela Bel\u00e9n<\/td><\/tr><tr><td>9\u00ba Suplente<\/td><td>BARD, Mar\u00eda Lorena<\/td><\/tr><tr><td>10\u00ba Suplente<\/td><td>ARLETTAZ, Cecilia Mabel<\/td><\/tr><\/tbody><\/table><\/figure>\n","protected":false},"excerpt":{"rendered":"<p>En un clima de unidad y compromiso gremial, el pasado jueves 18 de diciembre se&#8230;<\/p>\n","protected":false},"author":3,"featured_media":7147,"comment_status":"closed","ping_status":"open","sticky":false,"template":"","format":"standard","meta":{"footnotes":""},"categories":[36,31],"tags":[],"class_list":["post-7146","post","type-post","status-publish","format-standard","has-post-thumbnail","hentry","category-educacion","category-locales"],"featured_image_urls":{"full":["https:\/\/centronoticias.com.ar\/portal\/wp-content\/uploads\/2025\/12\/AGMER-asume-nueva-comision.jpeg",1600,901,false],"thumbnail":["https:\/\/centronoticias.com.ar\/portal\/wp-content\/uploads\/2025\/12\/AGMER-asume-nueva-comision-150x150.jpeg",150,150,true],"medium":["https:\/\/centronoticias.com.ar\/portal\/wp-content\/uploads\/2025\/12\/AGMER-asume-nueva-comision-300x169.jpeg",300,169,true],"medium_large":["https:\/\/centronoticias.com.ar\/portal\/wp-content\/uploads\/2025\/12\/AGMER-asume-nueva-comision-768x432.jpeg",640,360,true],"large":["https:\/\/centronoticias.com.ar\/portal\/wp-content\/uploads\/2025\/12\/AGMER-asume-nueva-comision-1024x577.jpeg",640,361,true],"1536x1536":["https:\/\/centronoticias.com.ar\/portal\/wp-content\/uploads\/2025\/12\/AGMER-asume-nueva-comision-1536x865.jpeg",1536,865,true],"2048x2048":["https:\/\/centronoticias.com.ar\/portal\/wp-content\/uploads\/2025\/12\/AGMER-asume-nueva-comision.jpeg",1600,901,false],"covernews-slider-full":["https:\/\/centronoticias.com.ar\/portal\/wp-content\/uploads\/2025\/12\/AGMER-asume-nueva-comision-1115x715.jpeg",1115,715,true],"covernews-slider-center":["https:\/\/centronoticias.com.ar\/portal\/wp-content\/uploads\/2025\/12\/AGMER-asume-nueva-comision-800x500.jpeg",800,500,true],"covernews-featured":["https:\/\/centronoticias.com.ar\/portal\/wp-content\/uploads\/2025\/12\/AGMER-asume-nueva-comision-1024x577.jpeg",1024,577,true],"covernews-medium":["https:\/\/centronoticias.com.ar\/portal\/wp-content\/uploads\/2025\/12\/AGMER-asume-nueva-comision-540x340.jpeg",540,340,true],"covernews-medium-square":["https:\/\/centronoticias.com.ar\/portal\/wp-content\/uploads\/2025\/12\/AGMER-asume-nueva-comision-400x250.jpeg",400,250,true]},"author_info":{"info":["Roberto Jourd\u00e1n"]},"category_info":"<a href=\"https:\/\/centronoticias.com.ar\/portal\/category\/educacion\/\" rel=\"category tag\">Educaci\u00f3n<\/a> <a href=\"https:\/\/centronoticias.com.ar\/portal\/category\/locales\/\" rel=\"category tag\">San Salvador<\/a>","tag_info":"San Salvador","comment_count":"0","_links":{"self":[{"href":"https:\/\/centronoticias.com.ar\/portal\/wp-json\/wp\/v2\/posts\/7146","targetHints":{"allow":["GET"]}}],"collection":[{"href":"https:\/\/centronoticias.com.ar\/portal\/wp-json\/wp\/v2\/posts"}],"about":[{"href":"https:\/\/centronoticias.com.ar\/portal\/wp-json\/wp\/v2\/types\/post"}],"author":[{"embeddable":true,"href":"https:\/\/centronoticias.com.ar\/portal\/wp-json\/wp\/v2\/users\/3"}],"replies":[{"embeddable":true,"href":"https:\/\/centronoticias.com.ar\/portal\/wp-json\/wp\/v2\/comments?post=7146"}],"version-history":[{"count":4,"href":"https:\/\/centronoticias.com.ar\/portal\/wp-json\/wp\/v2\/posts\/7146\/revisions"}],"predecessor-version":[{"id":7153,"href":"https:\/\/centronoticias.com.ar\/portal\/wp-json\/wp\/v2\/posts\/7146\/revisions\/7153"}],"wp:featuredmedia":[{"embeddable":true,"href":"https:\/\/centronoticias.com.ar\/portal\/wp-json\/wp\/v2\/media\/7147"}],"wp:attachment":[{"href":"https:\/\/centronoticias.com.ar\/portal\/wp-json\/wp\/v2\/media?parent=7146"}],"wp:term":[{"taxonomy":"category","embeddable":true,"href":"https:\/\/centronoticias.com.ar\/portal\/wp-json\/wp\/v2\/categories?post=7146"},{"taxonomy":"post_tag","embeddable":true,"href":"https:\/\/centronoticias.com.ar\/portal\/wp-json\/wp\/v2\/tags?post=7146"}],"curies":[{"name":"wp","href":"https:\/\/api.w.org\/{rel}","templated":true}]}}