{"id":7109,"date":"2025-12-15T20:36:43","date_gmt":"2025-12-15T23:36:43","guid":{"rendered":"https:\/\/centronoticias.com.ar\/portal\/?p=7109"},"modified":"2025-12-15T20:36:44","modified_gmt":"2025-12-15T23:36:44","slug":"cuenca-y-fregonese-iniciaron-el-proceso-de-transicion-en-el-cge","status":"publish","type":"post","link":"https:\/\/centronoticias.com.ar\/portal\/cuenca-y-fregonese-iniciaron-el-proceso-de-transicion-en-el-cge\/","title":{"rendered":"Cuenca y Fregonese iniciaron el proceso de transici\u00f3n en el CGE"},"content":{"rendered":"\n<p class=\"has-medium-font-size\"><strong>El nuevo presidente del Consejo General de Educaci\u00f3n (CGE), Carlos Cuenca, mantuvo este lunes un encuentro de trabajo con la presidente saliente del organismo, Alicia Fregonese, en el marco del inicio formal del proceso de transici\u00f3n institucional.<\/strong><\/p>\n\n\n\n<p class=\"has-medium-font-size\">La reuni\u00f3n permiti\u00f3 comenzar a ordenar el traspaso de gesti\u00f3n, compartir el estado de las pol\u00edticas educativas en marcha y proyectar una agenda de trabajo que combine la continuidad de las l\u00edneas que dieron resultados durante los dos \u00faltimos a\u00f1os del gobierno provincial encabezado por el gobernador Rogelio Frigerio, con una nueva etapa orientada al fortalecimiento y mejora del sistema educativo entrerriano.<\/p>\n\n\n\n<p class=\"has-medium-font-size\">En ese marco, Cuenca valor\u00f3 el trabajo desarrollado por Fregonese y destac\u00f3 la decisi\u00f3n pol\u00edtica del gobernador de ubicar a la educaci\u00f3n como una prioridad central de la gesti\u00f3n. &#8220;Venimos de dos a\u00f1os de una gesti\u00f3n que impuls\u00f3 pol\u00edticas educativas muy fuertes, con una clara decisi\u00f3n pol\u00edtica del gobernador Rogelio Frigerio de poner a la educaci\u00f3n en el centro de la escena. Muchas de esas l\u00edneas se van a sostener y profundizar, y en otras vamos a trabajar intensamente para generar el cambio que se crea necesario, siempre con el objetivo de mejorar la calidad educativa en la provincia. Nuestra gu\u00eda es el di\u00e1logo, el consenso y la responsabilidad&#8221;.<\/p>\n\n\n\n<p class=\"has-medium-font-size\">En ese sentido, el nuevo titular del CGE remarc\u00f3 que asume la conducci\u00f3n del organismo &#8220;con un compromiso profundo con cada estudiante, cada docente y cada familia entrerriana&#8221;, y expres\u00f3 su reconocimiento &#8220;al trabajo incansable de las y los trabajadores de la educaci\u00f3n. Su esfuerzo cotidiano sostiene el derecho a aprender de miles de gurises&#8221;.<\/p>\n\n\n\n<p class=\"has-medium-font-size\">Asimismo, Cuenca se\u00f1al\u00f3 que la relaci\u00f3n con los sindicatos docentes ser\u00e1 un eje central de su gesti\u00f3n. &#8220;Nuestra gesti\u00f3n tendr\u00e1 una agenda de trabajo fuerte y conjunta, con di\u00e1logo genuino, permanente y transparente. Vamos a sostener y profundizar un v\u00ednculo cercano con los sindicatos docentes&#8221;.<\/p>\n\n\n\n<p class=\"has-medium-font-size\">Por su parte, Fregonese, quien asumi\u00f3 el pasado 10 de diciembre como diputada nacional por la provincia de Entre R\u00edos, subray\u00f3 la importancia de la articulaci\u00f3n entre la gesti\u00f3n provincial y el trabajo legislativo a nivel nacional. &#8220;Desde el Congreso de la Naci\u00f3n voy a seguir acompa\u00f1ando y gestionando todo lo que sea necesario para la educaci\u00f3n entrerriana. El trabajo articulado con el CGE ser\u00e1 clave para defender los intereses de la provincia y fortalecer las pol\u00edticas educativas que ya est\u00e1n en marcha&#8221;.<\/p>\n\n\n\n<p class=\"has-medium-font-size\">Finalmente, ambos coincidieron en la importancia de una transici\u00f3n ordenada y del trabajo coordinado entre las distintas \u00e1reas del Estado, entendiendo a la educaci\u00f3n como una pol\u00edtica p\u00fablica estrat\u00e9gica para el desarrollo de Entre R\u00edos.<\/p>\n","protected":false},"excerpt":{"rendered":"<p>El nuevo presidente del Consejo General de Educaci\u00f3n (CGE), Carlos Cuenca, mantuvo este lunes un&#8230;<\/p>\n","protected":false},"author":3,"featured_media":7110,"comment_status":"closed","ping_status":"open","sticky":false,"template":"","format":"standard","meta":{"footnotes":""},"categories":[36],"tags":[],"class_list":["post-7109","post","type-post","status-publish","format-standard","has-post-thumbnail","hentry","category-educacion"],"featured_image_urls":{"full":["https:\/\/centronoticias.com.ar\/portal\/wp-content\/uploads\/2025\/12\/Cuenca-Fregonese.jpg",1024,682,false],"thumbnail":["https:\/\/centronoticias.com.ar\/portal\/wp-content\/uploads\/2025\/12\/Cuenca-Fregonese-150x150.jpg",150,150,true],"medium":["https:\/\/centronoticias.com.ar\/portal\/wp-content\/uploads\/2025\/12\/Cuenca-Fregonese-300x200.jpg",300,200,true],"medium_large":["https:\/\/centronoticias.com.ar\/portal\/wp-content\/uploads\/2025\/12\/Cuenca-Fregonese-768x512.jpg",640,427,true],"large":["https:\/\/centronoticias.com.ar\/portal\/wp-content\/uploads\/2025\/12\/Cuenca-Fregonese.jpg",640,426,false],"1536x1536":["https:\/\/centronoticias.com.ar\/portal\/wp-content\/uploads\/2025\/12\/Cuenca-Fregonese.jpg",1024,682,false],"2048x2048":["https:\/\/centronoticias.com.ar\/portal\/wp-content\/uploads\/2025\/12\/Cuenca-Fregonese.jpg",1024,682,false],"covernews-slider-full":["https:\/\/centronoticias.com.ar\/portal\/wp-content\/uploads\/2025\/12\/Cuenca-Fregonese.jpg",1024,682,false],"covernews-slider-center":["https:\/\/centronoticias.com.ar\/portal\/wp-content\/uploads\/2025\/12\/Cuenca-Fregonese-800x500.jpg",800,500,true],"covernews-featured":["https:\/\/centronoticias.com.ar\/portal\/wp-content\/uploads\/2025\/12\/Cuenca-Fregonese.jpg",1024,682,false],"covernews-medium":["https:\/\/centronoticias.com.ar\/portal\/wp-content\/uploads\/2025\/12\/Cuenca-Fregonese-540x340.jpg",540,340,true],"covernews-medium-square":["https:\/\/centronoticias.com.ar\/portal\/wp-content\/uploads\/2025\/12\/Cuenca-Fregonese-400x250.jpg",400,250,true]},"author_info":{"info":["Roberto Jourd\u00e1n"]},"category_info":"<a href=\"https:\/\/centronoticias.com.ar\/portal\/category\/educacion\/\" rel=\"category tag\">Educaci\u00f3n<\/a>","tag_info":"Educaci\u00f3n","comment_count":"0","_links":{"self":[{"href":"https:\/\/centronoticias.com.ar\/portal\/wp-json\/wp\/v2\/posts\/7109","targetHints":{"allow":["GET"]}}],"collection":[{"href":"https:\/\/centronoticias.com.ar\/portal\/wp-json\/wp\/v2\/posts"}],"about":[{"href":"https:\/\/centronoticias.com.ar\/portal\/wp-json\/wp\/v2\/types\/post"}],"author":[{"embeddable":true,"href":"https:\/\/centronoticias.com.ar\/portal\/wp-json\/wp\/v2\/users\/3"}],"replies":[{"embeddable":true,"href":"https:\/\/centronoticias.com.ar\/portal\/wp-json\/wp\/v2\/comments?post=7109"}],"version-history":[{"count":1,"href":"https:\/\/centronoticias.com.ar\/portal\/wp-json\/wp\/v2\/posts\/7109\/revisions"}],"predecessor-version":[{"id":7111,"href":"https:\/\/centronoticias.com.ar\/portal\/wp-json\/wp\/v2\/posts\/7109\/revisions\/7111"}],"wp:featuredmedia":[{"embeddable":true,"href":"https:\/\/centronoticias.com.ar\/portal\/wp-json\/wp\/v2\/media\/7110"}],"wp:attachment":[{"href":"https:\/\/centronoticias.com.ar\/portal\/wp-json\/wp\/v2\/media?parent=7109"}],"wp:term":[{"taxonomy":"category","embeddable":true,"href":"https:\/\/centronoticias.com.ar\/portal\/wp-json\/wp\/v2\/categories?post=7109"},{"taxonomy":"post_tag","embeddable":true,"href":"https:\/\/centronoticias.com.ar\/portal\/wp-json\/wp\/v2\/tags?post=7109"}],"curies":[{"name":"wp","href":"https:\/\/api.w.org\/{rel}","templated":true}]}}