{"id":7089,"date":"2025-12-19T12:43:24","date_gmt":"2025-12-19T15:43:24","guid":{"rendered":"https:\/\/centronoticias.com.ar\/portal\/?p=7089"},"modified":"2025-12-19T12:45:16","modified_gmt":"2025-12-19T15:45:16","slug":"este-domingo-se-corre-la-prueba-atletica-aniversario-de-san-salvador","status":"publish","type":"post","link":"https:\/\/centronoticias.com.ar\/portal\/este-domingo-se-corre-la-prueba-atletica-aniversario-de-san-salvador\/","title":{"rendered":"Este domingo se corre la prueba atl\u00e9tica Aniversario de San Salvador"},"content":{"rendered":"\n<p class=\"has-medium-font-size\">Este domingo 21 de diciembre se corre el Marat\u00f3n 136\u00b0 Aniversario de San Salvador, la tradicional prueba atl\u00e9tica en festejo de un a\u00f1o m\u00e1s de nuestra ciudad <\/p>\n\n\n\n<p class=\"has-medium-font-size\">El evento es organizado y fiscalizado por la Agrupaci\u00f3n Atl\u00e9tica \u201cLa Pantera\u201d, con el apoyo del Departamento de Deportes, y cuenta con una distancia total de 8km.<\/p>\n\n\n\n<p class=\"has-medium-font-size\"> Los m\u00e1s chicos tambi\u00e9n tendr\u00e1n la posibilidad de competir y vivir una jornada de atletismo.<\/p>\n\n\n\n<p class=\"has-medium-font-size\">Largada infantiles: 18:30 hs<br>Largada mayores: 19:30 hs<br>Habr\u00e1 premios por categor\u00edas y premios del 1\u00b0 al 3\u00b0 puesto de la general.<\/p>\n\n\n\n<p class=\"has-medium-font-size\"><strong>Recorrido:<\/strong><br>Largada frente a la escuela N\u00b0 1 luego se toma por Urquiza hasta Don Feliciano y luego hasta 25 de Mayo llegando hasta el Escenario Mayor y girando sentido a Av. Col\u00f3n, hasta la rotonda de ingreso, volviendo por la Avenida hasta la Escuela N\u00b01. Ser\u00e1n 2 vueltas de este recorrido, completando as\u00ed los 8K. <\/p>\n\n\n\n<p class=\"has-medium-font-size\">Inscribite en el siguiente link: https:\/\/www.encarrera.com.ar <\/p>\n\n\n\n<p><\/p>\n\n\n\n<p><\/p>\n\n\n\n<p class=\"has-medium-font-size\"><\/p>\n","protected":false},"excerpt":{"rendered":"<p>Este domingo 21 de diciembre se corre el Marat\u00f3n 136\u00b0 Aniversario de San Salvador, la&#8230;<\/p>\n","protected":false},"author":3,"featured_media":7090,"comment_status":"closed","ping_status":"open","sticky":false,"template":"","format":"standard","meta":{"footnotes":""},"categories":[6],"tags":[],"class_list":["post-7089","post","type-post","status-publish","format-standard","has-post-thumbnail","hentry","category-dep-0"],"featured_image_urls":{"full":["https:\/\/centronoticias.com.ar\/portal\/wp-content\/uploads\/2025\/12\/maraton-aniversario.jpeg",1279,1280,false],"thumbnail":["https:\/\/centronoticias.com.ar\/portal\/wp-content\/uploads\/2025\/12\/maraton-aniversario-150x150.jpeg",150,150,true],"medium":["https:\/\/centronoticias.com.ar\/portal\/wp-content\/uploads\/2025\/12\/maraton-aniversario-300x300.jpeg",300,300,true],"medium_large":["https:\/\/centronoticias.com.ar\/portal\/wp-content\/uploads\/2025\/12\/maraton-aniversario-768x769.jpeg",640,641,true],"large":["https:\/\/centronoticias.com.ar\/portal\/wp-content\/uploads\/2025\/12\/maraton-aniversario-1024x1024.jpeg",640,640,true],"1536x1536":["https:\/\/centronoticias.com.ar\/portal\/wp-content\/uploads\/2025\/12\/maraton-aniversario.jpeg",1279,1280,false],"2048x2048":["https:\/\/centronoticias.com.ar\/portal\/wp-content\/uploads\/2025\/12\/maraton-aniversario.jpeg",1279,1280,false],"covernews-slider-full":["https:\/\/centronoticias.com.ar\/portal\/wp-content\/uploads\/2025\/12\/maraton-aniversario-1115x715.jpeg",1115,715,true],"covernews-slider-center":["https:\/\/centronoticias.com.ar\/portal\/wp-content\/uploads\/2025\/12\/maraton-aniversario-800x500.jpeg",800,500,true],"covernews-featured":["https:\/\/centronoticias.com.ar\/portal\/wp-content\/uploads\/2025\/12\/maraton-aniversario-1024x1025.jpeg",1024,1025,true],"covernews-medium":["https:\/\/centronoticias.com.ar\/portal\/wp-content\/uploads\/2025\/12\/maraton-aniversario-540x340.jpeg",540,340,true],"covernews-medium-square":["https:\/\/centronoticias.com.ar\/portal\/wp-content\/uploads\/2025\/12\/maraton-aniversario-400x250.jpeg",400,250,true]},"author_info":{"info":["Roberto Jourd\u00e1n"]},"category_info":"<a href=\"https:\/\/centronoticias.com.ar\/portal\/category\/dep-0\/\" rel=\"category tag\">Deportes<\/a>","tag_info":"Deportes","comment_count":"0","_links":{"self":[{"href":"https:\/\/centronoticias.com.ar\/portal\/wp-json\/wp\/v2\/posts\/7089","targetHints":{"allow":["GET"]}}],"collection":[{"href":"https:\/\/centronoticias.com.ar\/portal\/wp-json\/wp\/v2\/posts"}],"about":[{"href":"https:\/\/centronoticias.com.ar\/portal\/wp-json\/wp\/v2\/types\/post"}],"author":[{"embeddable":true,"href":"https:\/\/centronoticias.com.ar\/portal\/wp-json\/wp\/v2\/users\/3"}],"replies":[{"embeddable":true,"href":"https:\/\/centronoticias.com.ar\/portal\/wp-json\/wp\/v2\/comments?post=7089"}],"version-history":[{"count":3,"href":"https:\/\/centronoticias.com.ar\/portal\/wp-json\/wp\/v2\/posts\/7089\/revisions"}],"predecessor-version":[{"id":7158,"href":"https:\/\/centronoticias.com.ar\/portal\/wp-json\/wp\/v2\/posts\/7089\/revisions\/7158"}],"wp:featuredmedia":[{"embeddable":true,"href":"https:\/\/centronoticias.com.ar\/portal\/wp-json\/wp\/v2\/media\/7090"}],"wp:attachment":[{"href":"https:\/\/centronoticias.com.ar\/portal\/wp-json\/wp\/v2\/media?parent=7089"}],"wp:term":[{"taxonomy":"category","embeddable":true,"href":"https:\/\/centronoticias.com.ar\/portal\/wp-json\/wp\/v2\/categories?post=7089"},{"taxonomy":"post_tag","embeddable":true,"href":"https:\/\/centronoticias.com.ar\/portal\/wp-json\/wp\/v2\/tags?post=7089"}],"curies":[{"name":"wp","href":"https:\/\/api.w.org\/{rel}","templated":true}]}}