{"id":6984,"date":"2025-12-09T22:26:02","date_gmt":"2025-12-10T01:26:02","guid":{"rendered":"https:\/\/centronoticias.com.ar\/portal\/?p=6984"},"modified":"2025-12-13T11:10:55","modified_gmt":"2025-12-13T14:10:55","slug":"sueno-cumplido-atletas-de-san-salvador-conquistaron-el-cruce-saucony-en-la-patagonia","status":"publish","type":"post","link":"https:\/\/centronoticias.com.ar\/portal\/sueno-cumplido-atletas-de-san-salvador-conquistaron-el-cruce-saucony-en-la-patagonia\/","title":{"rendered":"\u00a1Sue\u00f1o Cumplido! Atletas de San Salvador conquistaron El Cruce Saucony en la Patagonia"},"content":{"rendered":"\n<p class=\"has-medium-font-size\">Los atletas Rub\u00e9n Su\u00e1rez y Sandra Escudero, oriundos de San Salvador, lograron con \u00e9xito su m\u00e1ximo objetivo deportivo: completar El Cruce Saucony 2025, una de las carreras de trail running m\u00e1s desafiantes del mundo, celebrada en Villa La Angostura, Neuqu\u00e9n.<\/p>\n\n\n\n<p class=\"has-medium-font-size\">La competencia, en su 23\u00aa edici\u00f3n, reuni\u00f3 a 8.000 corredores de 47 pa\u00edses que durante tres d\u00edas recorrieron los cerros Bayo y O\u2019Connor, e hicieron campamento en los lagos Espejo y Correntoso. Cada etapa implic\u00f3 correr 35 kil\u00f3metros con 1.700 metros de altimetr\u00eda diaria, acumulando casi 6.000 metros de desnivel total.<\/p>\n\n\n\n<h3 class=\"wp-block-heading\"><strong>Clasificaci\u00f3n Destacada y Gran Desempe\u00f1o<\/strong> <\/h3>\n\n\n\n<p class=\"has-medium-font-size\">Adem\u00e1s de lograr la meta juntos, los atletas de San Salvador obtuvieron una excelente clasificaci\u00f3n en sus respectivas categor\u00edas, demostrando el nivel de su preparaci\u00f3n:<\/p>\n\n\n\n<ul class=\"wp-block-list\">\n<li class=\"has-medium-font-size\"><strong>Sandra Escudero<\/strong> finaliz\u00f3 en la <strong>7\u00aa posici\u00f3n<\/strong> en la categor\u00eda Damas de 50 a 55 a\u00f1os.<\/li>\n\n\n\n<li class=\"has-medium-font-size\"><strong>Rub\u00e9n Su\u00e1rez<\/strong> tambi\u00e9n se ubic\u00f3 en el <strong>7\u00ba lugar<\/strong> en la categor\u00eda Caballeros de 55 a 59 a\u00f1os.<\/li>\n\n\n\n<li class=\"has-medium-font-size\">En la <strong>posici\u00f3n general<\/strong>, Rub\u00e9n Su\u00e1rez finaliz\u00f3 en el puesto 280.<\/li>\n<\/ul>\n\n\n\n<p class=\"has-medium-font-size\">Los atletas comentaron que su desempe\u00f1o fue notable, llegando incluso a ubicarse en el <strong>4\u00ba puesto en su categor\u00eda durante la Etapa 2<\/strong> de la carrera.<\/p>\n\n\n\n<p class=\"has-medium-font-size\"><strong>Cinco A\u00f1os de Preparaci\u00f3n y Log\u00edstica Propia<\/strong><br>La pareja de atletas comparti\u00f3 que este logro fue el resultado de un trabajo planificado durante cinco a\u00f1os. Dada la magnitud del evento \u2013que combina carrera, campamento, convivencia y traslados con deportistas de todo el mundo\u2013, la log\u00edstica fue estudiada al detalle.<\/p>\n\n\n\n<figure class=\"wp-block-image size-large\"><a href=\"https:\/\/centronoticias.com.ar\/portal\/wp-content\/uploads\/2025\/12\/Suarez-Escudero-patagonia-2.jpeg\"><img decoding=\"async\" width=\"684\" height=\"1024\" src=\"https:\/\/centronoticias.com.ar\/portal\/wp-content\/uploads\/2025\/12\/Suarez-Escudero-patagonia-2-684x1024.jpeg\" alt=\"\" class=\"wp-image-6986\" srcset=\"https:\/\/centronoticias.com.ar\/portal\/wp-content\/uploads\/2025\/12\/Suarez-Escudero-patagonia-2-684x1024.jpeg 684w, https:\/\/centronoticias.com.ar\/portal\/wp-content\/uploads\/2025\/12\/Suarez-Escudero-patagonia-2-200x300.jpeg 200w, https:\/\/centronoticias.com.ar\/portal\/wp-content\/uploads\/2025\/12\/Suarez-Escudero-patagonia-2-768x1149.jpeg 768w, https:\/\/centronoticias.com.ar\/portal\/wp-content\/uploads\/2025\/12\/Suarez-Escudero-patagonia-2-1026x1536.jpeg 1026w, https:\/\/centronoticias.com.ar\/portal\/wp-content\/uploads\/2025\/12\/Suarez-Escudero-patagonia-2-1024x1533.jpeg 1024w, https:\/\/centronoticias.com.ar\/portal\/wp-content\/uploads\/2025\/12\/Suarez-Escudero-patagonia-2.jpeg 1069w\" sizes=\"(max-width: 684px) 100vw, 684px\" \/><\/a><\/figure>\n\n\n\n<p class=\"has-medium-font-size\">\u201cNo creo que podamos vivir algo igual. Estudiamos todo: viaje, ropa, zapatillas, hidrataci\u00f3n, comida, el ritmo que ten\u00edamos que llevar y la recuperaci\u00f3n de cada d\u00eda,\u201d coment\u00f3 a Centro Noticias Rub\u00e9n Su\u00e1rez.<\/p>\n\n\n\n<p class=\"has-medium-font-size\">Ambos atletas tomaron la decisi\u00f3n de largar y llegar juntos para compartir la experiencia. Un detalle que enaltece su logro es que su planificaci\u00f3n fue completamente aut\u00f3noma, sin entrenador, bas\u00e1ndose \u00fanicamente en su experiencia previa.<\/p>\n\n\n\n<p class=\"has-medium-font-size\"><strong>El Secreto del Llano: Entrenamiento Extremo<\/strong><br>Su\u00e1rez y Escudero acumularon una vasta experiencia en el trail provincial y regional, incluyendo m\u00e1s de 100 carreras en Entre R\u00edos, Misiones y Corrientes. Su preparaci\u00f3n m\u00e1s intensa incluy\u00f3:<\/p>\n\n\n\n<p class=\"has-medium-font-size\">Ascensos al Champaqu\u00ed (C\u00f3rdoba), a m\u00e1s de 3.000 metros de altimetr\u00eda.<\/p>\n\n\n\n<p class=\"has-medium-font-size\">Recorridos de 40 kil\u00f3metros en los Esteros del Iber\u00e1, lidiando con pantanos.<\/p>\n\n\n\n<p class=\"has-medium-font-size\">El gran desaf\u00edo fue adaptar su entrenamiento en el llano de Entre R\u00edos a la alta monta\u00f1a. \u201cEncaramos semejante desaf\u00edo entrenando en las subidas y bajadas de la Autov\u00eda, en la entrada a General Campos, yendo y volviendo desde San Salvador durante un a\u00f1o,\u201d explicaron.<\/p>\n\n\n\n<p class=\"has-medium-font-size\"><strong>La Recompensa de la Meta<\/strong><br>El entrenamiento les ense\u00f1\u00f3 la clave del \u00e9xito en estas carreras: \u201cSaber manejar la cabeza cuando te dice \u2018Basta, no quiero sufrir m\u00e1s\u2019, pero ten\u00e9s que seguir, no hay vuelta atr\u00e1s.\u201d<\/p>\n\n\n\n<p class=\"has-medium-font-size\">La emoci\u00f3n al cruzar el arco de llegada, despu\u00e9s de tres d\u00edas de esfuerzo extremo, fue el premio a la dedicaci\u00f3n. \u201cExperimentar esa emoci\u00f3n hasta las l\u00e1grimas que te brota de repente, solo el que est\u00e1 ah\u00ed sabe y lo siente,\u201d concluy\u00f3 Su\u00e1rez.<\/p>\n\n\n\n<p class=\"has-medium-font-size\">Rub\u00e9n Su\u00e1rez y Sandra Escudero expresaron su profundo orgullo por haber representado a San Salvador en este desaf\u00edo internacional, trayendo consigo &#8220;un aprendizaje extra que no tiene precio y el coraz\u00f3n lleno de alegr\u00eda&#8221;.<\/p>\n","protected":false},"excerpt":{"rendered":"<p>Los atletas Rub\u00e9n Su\u00e1rez y Sandra Escudero, oriundos de San Salvador, lograron con \u00e9xito su&#8230;<\/p>\n","protected":false},"author":3,"featured_media":6987,"comment_status":"closed","ping_status":"open","sticky":false,"template":"","format":"standard","meta":{"footnotes":""},"categories":[6],"tags":[],"class_list":["post-6984","post","type-post","status-publish","format-standard","has-post-thumbnail","hentry","category-dep-0"],"featured_image_urls":{"full":["https:\/\/centronoticias.com.ar\/portal\/wp-content\/uploads\/2025\/12\/Suarez-Escudero-patagonia.jpeg",1504,1000,false],"thumbnail":["https:\/\/centronoticias.com.ar\/portal\/wp-content\/uploads\/2025\/12\/Suarez-Escudero-patagonia-150x150.jpeg",150,150,true],"medium":["https:\/\/centronoticias.com.ar\/portal\/wp-content\/uploads\/2025\/12\/Suarez-Escudero-patagonia-300x199.jpeg",300,199,true],"medium_large":["https:\/\/centronoticias.com.ar\/portal\/wp-content\/uploads\/2025\/12\/Suarez-Escudero-patagonia-768x511.jpeg",640,426,true],"large":["https:\/\/centronoticias.com.ar\/portal\/wp-content\/uploads\/2025\/12\/Suarez-Escudero-patagonia-1024x681.jpeg",640,426,true],"1536x1536":["https:\/\/centronoticias.com.ar\/portal\/wp-content\/uploads\/2025\/12\/Suarez-Escudero-patagonia.jpeg",1504,1000,false],"2048x2048":["https:\/\/centronoticias.com.ar\/portal\/wp-content\/uploads\/2025\/12\/Suarez-Escudero-patagonia.jpeg",1504,1000,false],"covernews-slider-full":["https:\/\/centronoticias.com.ar\/portal\/wp-content\/uploads\/2025\/12\/Suarez-Escudero-patagonia-1115x715.jpeg",1115,715,true],"covernews-slider-center":["https:\/\/centronoticias.com.ar\/portal\/wp-content\/uploads\/2025\/12\/Suarez-Escudero-patagonia-800x500.jpeg",800,500,true],"covernews-featured":["https:\/\/centronoticias.com.ar\/portal\/wp-content\/uploads\/2025\/12\/Suarez-Escudero-patagonia-1024x681.jpeg",1024,681,true],"covernews-medium":["https:\/\/centronoticias.com.ar\/portal\/wp-content\/uploads\/2025\/12\/Suarez-Escudero-patagonia-540x340.jpeg",540,340,true],"covernews-medium-square":["https:\/\/centronoticias.com.ar\/portal\/wp-content\/uploads\/2025\/12\/Suarez-Escudero-patagonia-400x250.jpeg",400,250,true]},"author_info":{"info":["Roberto Jourd\u00e1n"]},"category_info":"<a href=\"https:\/\/centronoticias.com.ar\/portal\/category\/dep-0\/\" rel=\"category tag\">Deportes<\/a>","tag_info":"Deportes","comment_count":"0","_links":{"self":[{"href":"https:\/\/centronoticias.com.ar\/portal\/wp-json\/wp\/v2\/posts\/6984","targetHints":{"allow":["GET"]}}],"collection":[{"href":"https:\/\/centronoticias.com.ar\/portal\/wp-json\/wp\/v2\/posts"}],"about":[{"href":"https:\/\/centronoticias.com.ar\/portal\/wp-json\/wp\/v2\/types\/post"}],"author":[{"embeddable":true,"href":"https:\/\/centronoticias.com.ar\/portal\/wp-json\/wp\/v2\/users\/3"}],"replies":[{"embeddable":true,"href":"https:\/\/centronoticias.com.ar\/portal\/wp-json\/wp\/v2\/comments?post=6984"}],"version-history":[{"count":8,"href":"https:\/\/centronoticias.com.ar\/portal\/wp-json\/wp\/v2\/posts\/6984\/revisions"}],"predecessor-version":[{"id":7057,"href":"https:\/\/centronoticias.com.ar\/portal\/wp-json\/wp\/v2\/posts\/6984\/revisions\/7057"}],"wp:featuredmedia":[{"embeddable":true,"href":"https:\/\/centronoticias.com.ar\/portal\/wp-json\/wp\/v2\/media\/6987"}],"wp:attachment":[{"href":"https:\/\/centronoticias.com.ar\/portal\/wp-json\/wp\/v2\/media?parent=6984"}],"wp:term":[{"taxonomy":"category","embeddable":true,"href":"https:\/\/centronoticias.com.ar\/portal\/wp-json\/wp\/v2\/categories?post=6984"},{"taxonomy":"post_tag","embeddable":true,"href":"https:\/\/centronoticias.com.ar\/portal\/wp-json\/wp\/v2\/tags?post=6984"}],"curies":[{"name":"wp","href":"https:\/\/api.w.org\/{rel}","templated":true}]}}