{"id":6981,"date":"2025-12-09T12:48:50","date_gmt":"2025-12-09T15:48:50","guid":{"rendered":"https:\/\/centronoticias.com.ar\/portal\/?p=6981"},"modified":"2025-12-09T12:48:51","modified_gmt":"2025-12-09T15:48:51","slug":"frigerio-celebro-la-baja-de-retenciones-y-afirmo-que-la-argentina-esta-en-la-direccion-correcta","status":"publish","type":"post","link":"https:\/\/centronoticias.com.ar\/portal\/frigerio-celebro-la-baja-de-retenciones-y-afirmo-que-la-argentina-esta-en-la-direccion-correcta\/","title":{"rendered":"Frigerio celebr\u00f3 la baja de retenciones y afirm\u00f3 que &#8220;la Argentina est\u00e1 en la direcci\u00f3n correcta&#8221;"},"content":{"rendered":"\n<p class=\"has-medium-font-size\"><strong>El gobernador Rogelio Frigerio destac\u00f3 hoy la decisi\u00f3n del gobierno nacional de reducir nuevamente las retenciones, al considerar que &#8220;es un paso m\u00e1s en el rumbo correcto para aliviar la carga sobre quienes producen, mejorar la competitividad y darle aire a nuestras econom\u00edas regionales&#8221;.<\/strong><\/p>\n\n\n\n<p class=\"has-medium-font-size\">&#8220;Celebro la decisi\u00f3n del gobierno nacional de volver a bajar las retenciones. Es un paso m\u00e1s en el rumbo correcto: aliviar la carga sobre quienes producen, mejorar la competitividad y darle aire a nuestras econom\u00edas regionales&#8221;, se\u00f1al\u00f3 el mandatario entrerriano en su cuenta de X.<\/p>\n\n\n\n<p class=\"has-medium-font-size\">Frigerio remarc\u00f3 que para provincias productivas como Entre R\u00edos la medida tiene un impacto directo en la inversi\u00f3n y en la generaci\u00f3n de empleo genuino. &#8220;Para provincias productivas como la nuestra, cada punto menos se traduce en m\u00e1s inversi\u00f3n, m\u00e1s actividad y m\u00e1s empleo privado&#8221;, afirm\u00f3.<\/p>\n\n\n\n<p class=\"has-medium-font-size\">Al mismo tiempo, sostuvo que la reducci\u00f3n es solo un avance dentro de un camino que debe profundizarse: &#8220;Y aunque este es un avance importante, la Argentina tiene que seguir en esta direcci\u00f3n hasta poder eliminarlas definitivamente&#8221;.<\/p>\n\n\n\n<p class=\"has-medium-font-size\">Finalmente, el gobernador reiter\u00f3 que Entre R\u00edos acompa\u00f1ar\u00e1 cada decisi\u00f3n que contribuya a dinamizar el campo y fortalecer las econom\u00edas regionales: &#8220;Desde Entre R\u00edos vamos a acompa\u00f1ar cada medida que potencie al campo y a las econom\u00edas regionales. Estamos en la direcci\u00f3n correcta&#8221;.<\/p>\n","protected":false},"excerpt":{"rendered":"<p>El gobernador Rogelio Frigerio destac\u00f3 hoy la decisi\u00f3n del gobierno nacional de reducir nuevamente las&#8230;<\/p>\n","protected":false},"author":3,"featured_media":6983,"comment_status":"closed","ping_status":"open","sticky":false,"template":"","format":"standard","meta":{"footnotes":""},"categories":[21],"tags":[],"class_list":["post-6981","post","type-post","status-publish","format-standard","has-post-thumbnail","hentry","category-provinciales"],"featured_image_urls":{"full":["https:\/\/centronoticias.com.ar\/portal\/wp-content\/uploads\/2025\/12\/Frigerio-Medios.jpg",1024,683,false],"thumbnail":["https:\/\/centronoticias.com.ar\/portal\/wp-content\/uploads\/2025\/12\/Frigerio-Medios-150x150.jpg",150,150,true],"medium":["https:\/\/centronoticias.com.ar\/portal\/wp-content\/uploads\/2025\/12\/Frigerio-Medios-300x200.jpg",300,200,true],"medium_large":["https:\/\/centronoticias.com.ar\/portal\/wp-content\/uploads\/2025\/12\/Frigerio-Medios-768x512.jpg",640,427,true],"large":["https:\/\/centronoticias.com.ar\/portal\/wp-content\/uploads\/2025\/12\/Frigerio-Medios.jpg",640,427,false],"1536x1536":["https:\/\/centronoticias.com.ar\/portal\/wp-content\/uploads\/2025\/12\/Frigerio-Medios.jpg",1024,683,false],"2048x2048":["https:\/\/centronoticias.com.ar\/portal\/wp-content\/uploads\/2025\/12\/Frigerio-Medios.jpg",1024,683,false],"covernews-slider-full":["https:\/\/centronoticias.com.ar\/portal\/wp-content\/uploads\/2025\/12\/Frigerio-Medios.jpg",1024,683,false],"covernews-slider-center":["https:\/\/centronoticias.com.ar\/portal\/wp-content\/uploads\/2025\/12\/Frigerio-Medios-800x500.jpg",800,500,true],"covernews-featured":["https:\/\/centronoticias.com.ar\/portal\/wp-content\/uploads\/2025\/12\/Frigerio-Medios.jpg",1024,683,false],"covernews-medium":["https:\/\/centronoticias.com.ar\/portal\/wp-content\/uploads\/2025\/12\/Frigerio-Medios-540x340.jpg",540,340,true],"covernews-medium-square":["https:\/\/centronoticias.com.ar\/portal\/wp-content\/uploads\/2025\/12\/Frigerio-Medios-400x250.jpg",400,250,true]},"author_info":{"info":["Roberto Jourd\u00e1n"]},"category_info":"<a href=\"https:\/\/centronoticias.com.ar\/portal\/category\/provinciales\/\" rel=\"category tag\">Provinciales<\/a>","tag_info":"Provinciales","comment_count":"0","_links":{"self":[{"href":"https:\/\/centronoticias.com.ar\/portal\/wp-json\/wp\/v2\/posts\/6981","targetHints":{"allow":["GET"]}}],"collection":[{"href":"https:\/\/centronoticias.com.ar\/portal\/wp-json\/wp\/v2\/posts"}],"about":[{"href":"https:\/\/centronoticias.com.ar\/portal\/wp-json\/wp\/v2\/types\/post"}],"author":[{"embeddable":true,"href":"https:\/\/centronoticias.com.ar\/portal\/wp-json\/wp\/v2\/users\/3"}],"replies":[{"embeddable":true,"href":"https:\/\/centronoticias.com.ar\/portal\/wp-json\/wp\/v2\/comments?post=6981"}],"version-history":[{"count":1,"href":"https:\/\/centronoticias.com.ar\/portal\/wp-json\/wp\/v2\/posts\/6981\/revisions"}],"predecessor-version":[{"id":6982,"href":"https:\/\/centronoticias.com.ar\/portal\/wp-json\/wp\/v2\/posts\/6981\/revisions\/6982"}],"wp:featuredmedia":[{"embeddable":true,"href":"https:\/\/centronoticias.com.ar\/portal\/wp-json\/wp\/v2\/media\/6983"}],"wp:attachment":[{"href":"https:\/\/centronoticias.com.ar\/portal\/wp-json\/wp\/v2\/media?parent=6981"}],"wp:term":[{"taxonomy":"category","embeddable":true,"href":"https:\/\/centronoticias.com.ar\/portal\/wp-json\/wp\/v2\/categories?post=6981"},{"taxonomy":"post_tag","embeddable":true,"href":"https:\/\/centronoticias.com.ar\/portal\/wp-json\/wp\/v2\/tags?post=6981"}],"curies":[{"name":"wp","href":"https:\/\/api.w.org\/{rel}","templated":true}]}}