{"id":6976,"date":"2025-12-08T23:48:48","date_gmt":"2025-12-09T02:48:48","guid":{"rendered":"https:\/\/centronoticias.com.ar\/portal\/?p=6976"},"modified":"2025-12-08T23:48:50","modified_gmt":"2025-12-09T02:48:50","slug":"con-la-incorporacion-de-la-boleta-unica-papel-se-desarrollaran-las-elecciones-de-representantes-docentes-en-el-cge","status":"publish","type":"post","link":"https:\/\/centronoticias.com.ar\/portal\/con-la-incorporacion-de-la-boleta-unica-papel-se-desarrollaran-las-elecciones-de-representantes-docentes-en-el-cge\/","title":{"rendered":"Con la incorporaci\u00f3n de la Boleta \u00danica Papel se desarrollar\u00e1n las elecciones de representantes docentes en el CGE"},"content":{"rendered":"\n<p class=\"has-medium-font-size\"><strong>La comunidad docente elegir\u00e1 este 11 de diciembre a sus representantes ante el Consejo General de Educaci\u00f3n: Vocal, Jurado de Concursos y Tribunal de Calificaciones y Disciplina. La participaci\u00f3n ser\u00e1 obligatoria y se utilizar\u00e1 por primera vez el sistema de BUP.<\/strong><\/p>\n\n\n\n<p class=\"has-medium-font-size\">El Consejo General de Educaci\u00f3n inform\u00f3 que el pr\u00f3ximo 11 de diciembre, entre las 8 y las 18 horas, se realizar\u00e1n las elecciones de representantes docentes, conforme el decreto N\u00ba 2831\/25. La jornada electoral convocar\u00e1 de manera obligatoria a todos los docentes activos de la provincia -titulares, interinos y quienes ocupen cargos vacantes- para elegir al vocal titular y suplente del CGE, as\u00ed como a los representantes docentes ante el jurado de concursos y el tribunal de calificaciones y disciplina.<\/p>\n\n\n\n<p class=\"has-medium-font-size\">Por primera vez en este tipo de comicios se emplear\u00e1 la Boleta \u00danica Papel (BUP), un instrumento que reunir\u00e1 todas las listas oficializadas y permitir\u00e1 seleccionar categor\u00edas individuales o la opci\u00f3n de lista completa.<\/p>\n\n\n\n<p class=\"has-medium-font-size\">La realizaci\u00f3n del proceso electoral estar\u00e1 a cargo del Tribunal Electoral dentro del CGE, que ha trabajado de manera articulada con la secretar\u00eda de Asuntos Pol\u00edticos del ministerio de Gobierno y Trabajo de la provincia, garantizando la correcta organizaci\u00f3n y fiscalizaci\u00f3n de la jornada.<\/p>\n\n\n\n<p class=\"has-medium-font-size\">Las autoridades de mesa y los fiscales deber\u00e1n presentarse desde las 7 horas para recibir el material electoral, habilitar las aulas, verificar acreditaciones y garantizar el normal funcionamiento del proceso. Solo podr\u00e1n votar quienes figuren en el padr\u00f3n correspondiente y presenten DNI tarjeta, Libreta C\u00edvica o Libreta de Enrolamiento.<\/p>\n\n\n\n<p class=\"has-medium-font-size\">Los electores recibir\u00e1n una BUP firmada por la autoridad de mesa, que deber\u00e1n completar dentro del box de votaci\u00f3n, sin dispositivos de grabaci\u00f3n de ning\u00fan tipo. En caso de error, podr\u00e1n solicitar el reemplazo de la boleta, que ser\u00e1 resguardada para su remisi\u00f3n al Tribunal Electoral. A las 18 horas se cerrar\u00e1 el ingreso al lugar de votaci\u00f3n.<\/p>\n\n\n\n<p class=\"has-medium-font-size\">Luego se realizar\u00e1 el escrutinio, para m\u00e1s tarde conocer a trav\u00e9s de la p\u00e1gina web del CGE (https:\/\/cge.entrerios.gov.ar\/) los resultados del acto eleccionario. Desde el organismo se insta a las instituciones educativas, autoridades de mesa, fiscales y electores a cumplir rigurosamente con las indicaciones oficiales para asegurar una jornada transparente y ordenada.<\/p>\n\n\n\n<p class=\"has-medium-font-size\">Para aquellas personas que quieran consultar el padr\u00f3n definitivo lo pueden hacer a trav\u00e9s del siguiente enlace: https:\/\/cge.entrerios.gov.ar\/padron-docente-2025\/ <\/p>\n","protected":false},"excerpt":{"rendered":"<p>La comunidad docente elegir\u00e1 este 11 de diciembre a sus representantes ante el Consejo General&#8230;<\/p>\n","protected":false},"author":3,"featured_media":6977,"comment_status":"closed","ping_status":"open","sticky":false,"template":"","format":"standard","meta":{"footnotes":""},"categories":[36,21],"tags":[],"class_list":["post-6976","post","type-post","status-publish","format-standard","has-post-thumbnail","hentry","category-educacion","category-provinciales"],"featured_image_urls":{"full":["https:\/\/centronoticias.com.ar\/portal\/wp-content\/uploads\/2025\/12\/elecciones-doc-cge.jpg",1920,1279,false],"thumbnail":["https:\/\/centronoticias.com.ar\/portal\/wp-content\/uploads\/2025\/12\/elecciones-doc-cge-150x150.jpg",150,150,true],"medium":["https:\/\/centronoticias.com.ar\/portal\/wp-content\/uploads\/2025\/12\/elecciones-doc-cge-300x200.jpg",300,200,true],"medium_large":["https:\/\/centronoticias.com.ar\/portal\/wp-content\/uploads\/2025\/12\/elecciones-doc-cge-768x512.jpg",640,427,true],"large":["https:\/\/centronoticias.com.ar\/portal\/wp-content\/uploads\/2025\/12\/elecciones-doc-cge-1024x682.jpg",640,426,true],"1536x1536":["https:\/\/centronoticias.com.ar\/portal\/wp-content\/uploads\/2025\/12\/elecciones-doc-cge-1536x1023.jpg",1536,1023,true],"2048x2048":["https:\/\/centronoticias.com.ar\/portal\/wp-content\/uploads\/2025\/12\/elecciones-doc-cge.jpg",1920,1279,false],"covernews-slider-full":["https:\/\/centronoticias.com.ar\/portal\/wp-content\/uploads\/2025\/12\/elecciones-doc-cge-1115x715.jpg",1115,715,true],"covernews-slider-center":["https:\/\/centronoticias.com.ar\/portal\/wp-content\/uploads\/2025\/12\/elecciones-doc-cge-800x500.jpg",800,500,true],"covernews-featured":["https:\/\/centronoticias.com.ar\/portal\/wp-content\/uploads\/2025\/12\/elecciones-doc-cge-1024x682.jpg",1024,682,true],"covernews-medium":["https:\/\/centronoticias.com.ar\/portal\/wp-content\/uploads\/2025\/12\/elecciones-doc-cge-540x340.jpg",540,340,true],"covernews-medium-square":["https:\/\/centronoticias.com.ar\/portal\/wp-content\/uploads\/2025\/12\/elecciones-doc-cge-400x250.jpg",400,250,true]},"author_info":{"info":["Roberto Jourd\u00e1n"]},"category_info":"<a href=\"https:\/\/centronoticias.com.ar\/portal\/category\/educacion\/\" rel=\"category tag\">Educaci\u00f3n<\/a> <a href=\"https:\/\/centronoticias.com.ar\/portal\/category\/provinciales\/\" rel=\"category tag\">Provinciales<\/a>","tag_info":"Provinciales","comment_count":"0","_links":{"self":[{"href":"https:\/\/centronoticias.com.ar\/portal\/wp-json\/wp\/v2\/posts\/6976","targetHints":{"allow":["GET"]}}],"collection":[{"href":"https:\/\/centronoticias.com.ar\/portal\/wp-json\/wp\/v2\/posts"}],"about":[{"href":"https:\/\/centronoticias.com.ar\/portal\/wp-json\/wp\/v2\/types\/post"}],"author":[{"embeddable":true,"href":"https:\/\/centronoticias.com.ar\/portal\/wp-json\/wp\/v2\/users\/3"}],"replies":[{"embeddable":true,"href":"https:\/\/centronoticias.com.ar\/portal\/wp-json\/wp\/v2\/comments?post=6976"}],"version-history":[{"count":1,"href":"https:\/\/centronoticias.com.ar\/portal\/wp-json\/wp\/v2\/posts\/6976\/revisions"}],"predecessor-version":[{"id":6978,"href":"https:\/\/centronoticias.com.ar\/portal\/wp-json\/wp\/v2\/posts\/6976\/revisions\/6978"}],"wp:featuredmedia":[{"embeddable":true,"href":"https:\/\/centronoticias.com.ar\/portal\/wp-json\/wp\/v2\/media\/6977"}],"wp:attachment":[{"href":"https:\/\/centronoticias.com.ar\/portal\/wp-json\/wp\/v2\/media?parent=6976"}],"wp:term":[{"taxonomy":"category","embeddable":true,"href":"https:\/\/centronoticias.com.ar\/portal\/wp-json\/wp\/v2\/categories?post=6976"},{"taxonomy":"post_tag","embeddable":true,"href":"https:\/\/centronoticias.com.ar\/portal\/wp-json\/wp\/v2\/tags?post=6976"}],"curies":[{"name":"wp","href":"https:\/\/api.w.org\/{rel}","templated":true}]}}