{"id":6938,"date":"2025-12-06T11:43:37","date_gmt":"2025-12-06T14:43:37","guid":{"rendered":"https:\/\/centronoticias.com.ar\/portal\/?p=6938"},"modified":"2025-12-06T11:43:38","modified_gmt":"2025-12-06T14:43:38","slug":"en-entre-rios-las-clases-comenzaran-el-2-de-marzo","status":"publish","type":"post","link":"https:\/\/centronoticias.com.ar\/portal\/en-entre-rios-las-clases-comenzaran-el-2-de-marzo\/","title":{"rendered":"En Entre R\u00edos las clases comenzar\u00e1n el 2 de marzo"},"content":{"rendered":"\n<p class=\"has-medium-font-size\"><strong>El Consejo General de Educaci\u00f3n (CGE) dio a conocer el cronograma escolar 2026 establecido mediante la Resoluci\u00f3n N\u00ba3686\/25, que fija las fechas clave para el funcionamiento del sistema educativo entrerriano en todos los niveles y modalidades.<\/strong><\/p>\n\n\n\n<p class=\"has-medium-font-size\">De acuerdo con lo dispuesto, el 11 de febrero se realizar\u00e1 la presentaci\u00f3n de los equipos de supervisi\u00f3n y equipos directivos de todos los niveles y modalidades. Un d\u00eda despu\u00e9s, el 12 de febrero, ser\u00e1 el turno de la presentaci\u00f3n de los equipos docentes, instancia que coincidir\u00e1 con el desarrollo de las Jornadas Regionales de Educaci\u00f3n.<\/p>\n\n\n\n<p class=\"has-medium-font-size\">El ciclo lectivo comenzar\u00e1 el 2 de marzo, con el inicio de clases en los niveles Inicial, Primario y Secundario, en todas sus modalidades y tipos de gesti\u00f3n. En tanto, el Nivel Superior dar\u00e1 apertura a su actividad acad\u00e9mica el 9 de marzo.<\/p>\n\n\n\n<p class=\"has-medium-font-size\">El receso de invierno se cumplir\u00e1 del 6 al 17 de julio, mientras que el 18 de diciembre se concretar\u00e1 la finalizaci\u00f3n del ciclo lectivo, con el correspondiente cierre diversificado de trayectorias escolares en los niveles Inicial, Primario y Secundario, en todas sus modalidades y tipos de gesti\u00f3n.<\/p>\n\n\n\n<p class=\"has-medium-font-size\">Con esta planificaci\u00f3n, el CGE garantiza previsibilidad y organizaci\u00f3n institucional para toda la comunidad educativa de la provincia.<\/p>\n","protected":false},"excerpt":{"rendered":"<p>El Consejo General de Educaci\u00f3n (CGE) dio a conocer el cronograma escolar 2026 establecido mediante&#8230;<\/p>\n","protected":false},"author":3,"featured_media":6939,"comment_status":"closed","ping_status":"open","sticky":false,"template":"","format":"standard","meta":{"footnotes":""},"categories":[36],"tags":[],"class_list":["post-6938","post","type-post","status-publish","format-standard","has-post-thumbnail","hentry","category-educacion"],"featured_image_urls":{"full":["https:\/\/centronoticias.com.ar\/portal\/wp-content\/uploads\/2025\/12\/CALENDARIO_escolar.jpg",1921,1281,false],"thumbnail":["https:\/\/centronoticias.com.ar\/portal\/wp-content\/uploads\/2025\/12\/CALENDARIO_escolar-150x150.jpg",150,150,true],"medium":["https:\/\/centronoticias.com.ar\/portal\/wp-content\/uploads\/2025\/12\/CALENDARIO_escolar-300x200.jpg",300,200,true],"medium_large":["https:\/\/centronoticias.com.ar\/portal\/wp-content\/uploads\/2025\/12\/CALENDARIO_escolar-768x512.jpg",640,427,true],"large":["https:\/\/centronoticias.com.ar\/portal\/wp-content\/uploads\/2025\/12\/CALENDARIO_escolar-1024x683.jpg",640,427,true],"1536x1536":["https:\/\/centronoticias.com.ar\/portal\/wp-content\/uploads\/2025\/12\/CALENDARIO_escolar-1536x1024.jpg",1536,1024,true],"2048x2048":["https:\/\/centronoticias.com.ar\/portal\/wp-content\/uploads\/2025\/12\/CALENDARIO_escolar.jpg",1921,1281,false],"covernews-slider-full":["https:\/\/centronoticias.com.ar\/portal\/wp-content\/uploads\/2025\/12\/CALENDARIO_escolar-1115x715.jpg",1115,715,true],"covernews-slider-center":["https:\/\/centronoticias.com.ar\/portal\/wp-content\/uploads\/2025\/12\/CALENDARIO_escolar-800x500.jpg",800,500,true],"covernews-featured":["https:\/\/centronoticias.com.ar\/portal\/wp-content\/uploads\/2025\/12\/CALENDARIO_escolar-1024x683.jpg",1024,683,true],"covernews-medium":["https:\/\/centronoticias.com.ar\/portal\/wp-content\/uploads\/2025\/12\/CALENDARIO_escolar-540x340.jpg",540,340,true],"covernews-medium-square":["https:\/\/centronoticias.com.ar\/portal\/wp-content\/uploads\/2025\/12\/CALENDARIO_escolar-400x250.jpg",400,250,true]},"author_info":{"info":["Roberto Jourd\u00e1n"]},"category_info":"<a href=\"https:\/\/centronoticias.com.ar\/portal\/category\/educacion\/\" rel=\"category tag\">Educaci\u00f3n<\/a>","tag_info":"Educaci\u00f3n","comment_count":"0","_links":{"self":[{"href":"https:\/\/centronoticias.com.ar\/portal\/wp-json\/wp\/v2\/posts\/6938","targetHints":{"allow":["GET"]}}],"collection":[{"href":"https:\/\/centronoticias.com.ar\/portal\/wp-json\/wp\/v2\/posts"}],"about":[{"href":"https:\/\/centronoticias.com.ar\/portal\/wp-json\/wp\/v2\/types\/post"}],"author":[{"embeddable":true,"href":"https:\/\/centronoticias.com.ar\/portal\/wp-json\/wp\/v2\/users\/3"}],"replies":[{"embeddable":true,"href":"https:\/\/centronoticias.com.ar\/portal\/wp-json\/wp\/v2\/comments?post=6938"}],"version-history":[{"count":1,"href":"https:\/\/centronoticias.com.ar\/portal\/wp-json\/wp\/v2\/posts\/6938\/revisions"}],"predecessor-version":[{"id":6940,"href":"https:\/\/centronoticias.com.ar\/portal\/wp-json\/wp\/v2\/posts\/6938\/revisions\/6940"}],"wp:featuredmedia":[{"embeddable":true,"href":"https:\/\/centronoticias.com.ar\/portal\/wp-json\/wp\/v2\/media\/6939"}],"wp:attachment":[{"href":"https:\/\/centronoticias.com.ar\/portal\/wp-json\/wp\/v2\/media?parent=6938"}],"wp:term":[{"taxonomy":"category","embeddable":true,"href":"https:\/\/centronoticias.com.ar\/portal\/wp-json\/wp\/v2\/categories?post=6938"},{"taxonomy":"post_tag","embeddable":true,"href":"https:\/\/centronoticias.com.ar\/portal\/wp-json\/wp\/v2\/tags?post=6938"}],"curies":[{"name":"wp","href":"https:\/\/api.w.org\/{rel}","templated":true}]}}