{"id":6889,"date":"2025-12-03T08:38:54","date_gmt":"2025-12-03T11:38:54","guid":{"rendered":"https:\/\/centronoticias.com.ar\/portal\/?p=6889"},"modified":"2025-12-03T08:44:22","modified_gmt":"2025-12-03T11:44:22","slug":"riesgo-inminente-en-la-escuela-n-1-de-san-salvador-urge-reparacion-de-techos-y-electricidad","status":"publish","type":"post","link":"https:\/\/centronoticias.com.ar\/portal\/riesgo-inminente-en-la-escuela-n-1-de-san-salvador-urge-reparacion-de-techos-y-electricidad\/","title":{"rendered":"Riesgo inminente en la Escuela N\u00b0 1 de San Salvador: urge reparaci\u00f3n de techos y electricidad"},"content":{"rendered":"\n<p class=\"has-medium-font-size\">La comunidad educativa de la <strong>Escuela N\u00b0 1 &#8220;Jos\u00e9 Mar\u00eda Texier&#8221;<\/strong> ha elevado un  pedido de auxilio al Gobierno de Entre R\u00edos, advirtiendo sobre una situaci\u00f3n de <strong>&#8220;riesgo inminente&#8221;<\/strong> que amenaza la seguridad de alumnos y personal. Padres, madres, tutores, personal docente y de servicio de la instituci\u00f3n de Av. Malar\u00edn 220 enviaron una nota formal, fechada el 2 de diciembre de 2025, al Ministro de Planeamiento, Infraestructura y Servicios de la provincia, solicitando su intervenci\u00f3n <strong>urgente<\/strong> para evitar una tragedia.<\/p>\n\n\n\n<p class=\"has-medium-font-size\">En el documento, la comunidad educativa subraya que la situaci\u00f3n reviste un <strong>&#8220;car\u00e1cter de riesgo inminente para la integridad f\u00edsica&#8221;<\/strong> de quienes transitan diariamente por el edificio, donde funcionan tres establecimientos educativos. La desesperaci\u00f3n se debe a la <strong>falta de respuestas efectivas<\/strong> a reclamos previos realizados a autoridades escolares y zonales.<\/p>\n\n\n\n<figure class=\"wp-block-image size-large is-resized\"><a href=\"https:\/\/centronoticias.com.ar\/portal\/wp-content\/uploads\/2025\/12\/Carta-esc-1.jpeg\"><img decoding=\"async\" width=\"576\" height=\"1024\" src=\"https:\/\/centronoticias.com.ar\/portal\/wp-content\/uploads\/2025\/12\/Carta-esc-1-576x1024.jpeg\" alt=\"\" class=\"wp-image-6894\" style=\"aspect-ratio:0.5625019074068422;width:562px;height:auto\" srcset=\"https:\/\/centronoticias.com.ar\/portal\/wp-content\/uploads\/2025\/12\/Carta-esc-1-576x1024.jpeg 576w, https:\/\/centronoticias.com.ar\/portal\/wp-content\/uploads\/2025\/12\/Carta-esc-1-169x300.jpeg 169w, https:\/\/centronoticias.com.ar\/portal\/wp-content\/uploads\/2025\/12\/Carta-esc-1-768x1365.jpeg 768w, https:\/\/centronoticias.com.ar\/portal\/wp-content\/uploads\/2025\/12\/Carta-esc-1-864x1536.jpeg 864w, https:\/\/centronoticias.com.ar\/portal\/wp-content\/uploads\/2025\/12\/Carta-esc-1.jpeg 900w\" sizes=\"(max-width: 576px) 100vw, 576px\" \/><\/a><\/figure>\n\n\n\n<h4 class=\"wp-block-heading has-medium-font-size\"><strong>Doble Amenaza: Filtraciones y un Sistema El\u00e9ctrico Obsoleto<\/strong><\/h4>\n\n\n\n<p class=\"has-medium-font-size\">Los problemas de infraestructura se centran en dos \u00e1reas cr\u00edticas que podr\u00edan desencadenar un accidente grave:<\/p>\n\n\n\n<ol start=\"1\" class=\"wp-block-list\">\n<li class=\"has-medium-font-size\"><strong>Filtraciones en Techos:<\/strong> La estructura presenta <strong>severas filtraciones de agua en diversas \u00e1reas<\/strong>, lo cual est\u00e1 causando da\u00f1os severos a la mamposter\u00eda y al mobiliario. La combinaci\u00f3n de filtraciones y da\u00f1os genera <strong>condiciones de humedad insalubres y graves riesgos el\u00e9ctricos<\/strong> en el interior del edificio.<\/li>\n\n\n\n<li class=\"has-medium-font-size\"><strong>Riesgo El\u00e9ctrico Latente:<\/strong> El punto m\u00e1s cr\u00edtico es la <strong>instalaci\u00f3n el\u00e9ctrica, calificada como obsoleta y deficiente<\/strong>. Se destaca la <strong>falta de un disyuntor diferencial<\/strong> que resguarde a las personas, lo que constituye una <strong>violaci\u00f3n a las normativas de seguridad el\u00e9ctrica vigentes<\/strong>. La infraestructura actual <strong>no soporta la carga<\/strong> y representa una &#8220;amenaza constante de descargas el\u00e9ctricas e incendios&#8221;.<\/li>\n<\/ol>\n\n\n\n<h4 class=\"wp-block-heading has-medium-font-size\"><strong>El Petitorio: Exigen Garant\u00edas de Seguridad<\/strong><\/h4>\n\n\n\n<p class=\"has-medium-font-size\">Ante este panorama, la nota incluye un petitorio de dos puntos que busca soluciones definitivas por parte del Ministerio, recordando que las escuelas pertenecen a la \u00f3rbita del Gobierno provincial:<\/p>\n\n\n\n<ul class=\"wp-block-list\">\n<li class=\"has-medium-font-size\"><strong>Obras de Restauraci\u00f3n:<\/strong> Solicitan que se arbitren los medios para la <strong>asignaci\u00f3n de recursos y la ejecuci\u00f3n inmediata de obras de reparaci\u00f3n de techos<\/strong> y la <strong>adecuaci\u00f3n completa del sistema el\u00e9ctrico<\/strong> a las normas de seguridad vigente.<\/li>\n\n\n\n<li class=\"has-medium-font-size\"><strong>Garant\u00edas de Seguridad:<\/strong> Exigen que se garantice la instalaci\u00f3n de todos los <strong>elementos de seguridad el\u00e9ctrica obligatorios<\/strong> (como <strong>disyuntores y puestas a tierra<\/strong>), haciendo hincapi\u00e9 en que esto debe realizarse <strong>&#8220;antes de que ocurra un accidente&#8221;<\/strong>.<\/li>\n<\/ul>\n\n\n\n<p class=\"has-medium-font-size\">La comunidad concluye la nota confiando en una &#8220;pronta y favorable respuesta que priorice la seguridad y el derecho a la educaci\u00f3n en un ambiente adecuado&#8221;, dejando un claro mensaje a las autoridades sobre la gravedad de la situaci\u00f3n y la posibilidad de una desgracia.<\/p>\n","protected":false},"excerpt":{"rendered":"<p>La comunidad educativa de la Escuela N\u00b0 1 &#8220;Jos\u00e9 Mar\u00eda Texier&#8221; ha elevado un pedido&#8230;<\/p>\n","protected":false},"author":3,"featured_media":6891,"comment_status":"closed","ping_status":"open","sticky":false,"template":"","format":"standard","meta":{"footnotes":""},"categories":[36],"tags":[],"class_list":["post-6889","post","type-post","status-publish","format-standard","has-post-thumbnail","hentry","category-educacion"],"featured_image_urls":{"full":["https:\/\/centronoticias.com.ar\/portal\/wp-content\/uploads\/2025\/12\/escuela-texier.jpg",1024,474,false],"thumbnail":["https:\/\/centronoticias.com.ar\/portal\/wp-content\/uploads\/2025\/12\/escuela-texier-150x150.jpg",150,150,true],"medium":["https:\/\/centronoticias.com.ar\/portal\/wp-content\/uploads\/2025\/12\/escuela-texier-300x139.jpg",300,139,true],"medium_large":["https:\/\/centronoticias.com.ar\/portal\/wp-content\/uploads\/2025\/12\/escuela-texier-768x356.jpg",640,297,true],"large":["https:\/\/centronoticias.com.ar\/portal\/wp-content\/uploads\/2025\/12\/escuela-texier.jpg",640,296,false],"1536x1536":["https:\/\/centronoticias.com.ar\/portal\/wp-content\/uploads\/2025\/12\/escuela-texier.jpg",1024,474,false],"2048x2048":["https:\/\/centronoticias.com.ar\/portal\/wp-content\/uploads\/2025\/12\/escuela-texier.jpg",1024,474,false],"covernews-slider-full":["https:\/\/centronoticias.com.ar\/portal\/wp-content\/uploads\/2025\/12\/escuela-texier.jpg",1024,474,false],"covernews-slider-center":["https:\/\/centronoticias.com.ar\/portal\/wp-content\/uploads\/2025\/12\/escuela-texier-800x474.jpg",800,474,true],"covernews-featured":["https:\/\/centronoticias.com.ar\/portal\/wp-content\/uploads\/2025\/12\/escuela-texier.jpg",1024,474,false],"covernews-medium":["https:\/\/centronoticias.com.ar\/portal\/wp-content\/uploads\/2025\/12\/escuela-texier-540x340.jpg",540,340,true],"covernews-medium-square":["https:\/\/centronoticias.com.ar\/portal\/wp-content\/uploads\/2025\/12\/escuela-texier-400x250.jpg",400,250,true]},"author_info":{"info":["Roberto Jourd\u00e1n"]},"category_info":"<a href=\"https:\/\/centronoticias.com.ar\/portal\/category\/educacion\/\" rel=\"category tag\">Educaci\u00f3n<\/a>","tag_info":"Educaci\u00f3n","comment_count":"0","_links":{"self":[{"href":"https:\/\/centronoticias.com.ar\/portal\/wp-json\/wp\/v2\/posts\/6889","targetHints":{"allow":["GET"]}}],"collection":[{"href":"https:\/\/centronoticias.com.ar\/portal\/wp-json\/wp\/v2\/posts"}],"about":[{"href":"https:\/\/centronoticias.com.ar\/portal\/wp-json\/wp\/v2\/types\/post"}],"author":[{"embeddable":true,"href":"https:\/\/centronoticias.com.ar\/portal\/wp-json\/wp\/v2\/users\/3"}],"replies":[{"embeddable":true,"href":"https:\/\/centronoticias.com.ar\/portal\/wp-json\/wp\/v2\/comments?post=6889"}],"version-history":[{"count":4,"href":"https:\/\/centronoticias.com.ar\/portal\/wp-json\/wp\/v2\/posts\/6889\/revisions"}],"predecessor-version":[{"id":6896,"href":"https:\/\/centronoticias.com.ar\/portal\/wp-json\/wp\/v2\/posts\/6889\/revisions\/6896"}],"wp:featuredmedia":[{"embeddable":true,"href":"https:\/\/centronoticias.com.ar\/portal\/wp-json\/wp\/v2\/media\/6891"}],"wp:attachment":[{"href":"https:\/\/centronoticias.com.ar\/portal\/wp-json\/wp\/v2\/media?parent=6889"}],"wp:term":[{"taxonomy":"category","embeddable":true,"href":"https:\/\/centronoticias.com.ar\/portal\/wp-json\/wp\/v2\/categories?post=6889"},{"taxonomy":"post_tag","embeddable":true,"href":"https:\/\/centronoticias.com.ar\/portal\/wp-json\/wp\/v2\/tags?post=6889"}],"curies":[{"name":"wp","href":"https:\/\/api.w.org\/{rel}","templated":true}]}}