{"id":6803,"date":"2025-11-29T10:24:50","date_gmt":"2025-11-29T13:24:50","guid":{"rendered":"https:\/\/centronoticias.com.ar\/portal\/?p=6803"},"modified":"2025-11-29T10:50:12","modified_gmt":"2025-11-29T13:50:12","slug":"union-se-despidio-del-regional-con-un-empate-ante-parque-sur","status":"publish","type":"post","link":"https:\/\/centronoticias.com.ar\/portal\/union-se-despidio-del-regional-con-un-empate-ante-parque-sur\/","title":{"rendered":"Uni\u00f3n se despidi\u00f3 del Regional con un empate ante Parque Sur"},"content":{"rendered":"\n<p class=\"has-medium-font-size\">El viernes 28 de noviembre, por la \u00faltima fecha de la Zona 3 del Torneo Regional Federal Amateur (TRFA), Uni\u00f3n y Fraternidad igual\u00f3 1 a 1 ante Parque Sur, que ya hab\u00eda asegurado su clasificaci\u00f3n. El encuentro se disput\u00f3 en el Puerto Viejo de Concepci\u00f3n del Uruguay y marc\u00f3 el cierre de la participaci\u00f3n del equipo &#8220;azulgrana&#8221; en el certamen.<\/p>\n\n\n\n<p class=\"has-medium-font-size\">El marcador se abri\u00f3 reci\u00e9n en la segunda mitad. A los 27 minutos del complemento, <strong>Juan Cruz Guardia<\/strong> puso en ventaja a Parque Sur. La respuesta de Uni\u00f3n y Fraternidad lleg\u00f3 cerca del final, a los 42 minutos, cuando <strong>Dionisio Santana<\/strong> logr\u00f3 el empate con un espectacular gol ol\u00edmpico, sumando el primer punto para el equipo de San Salvador en el torneo. Un dato a destacar fue el penal errado por Diego Escalada para Parque Sur al inicio de la segunda mitad.<\/p>\n\n\n\n<p class=\"has-medium-font-size\">Con este resultado, Parque Sur culmin\u00f3 en la segunda posici\u00f3n de la Zona 3 de la Regi\u00f3n Litoral Sur con un total de 11 puntos, producto de tres victorias, dos empates y una \u00fanica derrota. Para Uni\u00f3n y Fraternidad, el empate signific\u00f3 sumar su primer punto en el Torneo Regional Amateur.<\/p>\n\n\n\n<hr class=\"wp-block-separator has-alpha-channel-opacity\"\/>\n\n\n\n<h3 class=\"wp-block-heading has-medium-font-size\"><strong>Formaciones del Partido<\/strong><\/h3>\n\n\n\n<h4 class=\"wp-block-heading has-medium-font-size\"><strong>Parque Sur (Concepci\u00f3n del Uruguay):<\/strong><\/h4>\n\n\n\n<ul class=\"wp-block-list\">\n<li class=\"has-medium-font-size\"><strong>Titulares:<\/strong> Leandro Olivera, Joaqu\u00edn L\u00f3pez, Francisco Cristiansen, V\u00edctor Perujo, Agust\u00edn Ben\u00edtez, Facundo Mart\u00ednez, Ronaldo Mart\u00ednez, Facundo Medina, Juan Ruiz, Diego Escalada y Tom\u00e1s Valle.<\/li>\n\n\n\n<li class=\"has-medium-font-size\"><strong>Suplentes:<\/strong> Franco Delerse, Alexis Chesini, Francisco Leonetti, Franco Orcellet, Tom\u00e1s L\u00f3pez, Juan Cruz Guardia y Thiago Guardia.<\/li>\n\n\n\n<li class=\"has-medium-font-size\"><strong>DT:<\/strong> Mart\u00edn Pinilla.<\/li>\n<\/ul>\n\n\n\n<h4 class=\"wp-block-heading has-medium-font-size\"><strong>Uni\u00f3n y Fraternidad (San Salvador):<\/strong><\/h4>\n\n\n\n<ul class=\"wp-block-list\">\n<li class=\"has-medium-font-size\"><strong>Titulares:<\/strong> Santiago Castro; Franco Valenzuela, Pablo Russo, Agust\u00edn C\u00e1ceres, Juan Emparanza; Francisco Jacquet, Mauricio Jones, Gast\u00f3n Segovia, Alexis Morinico, Jorge Alem; Jorge Echenausi.<\/li>\n\n\n\n<li class=\"has-medium-font-size\"><strong>Ingresaron:<\/strong> Tadeo Micheloud, Atuel Zermathen, Ramiro Galvez, Dionisio Santana, Ceferino Joannas.<\/li>\n\n\n\n<li class=\"has-medium-font-size\"><strong>No ingresaron:<\/strong> Axel Zabala y Franco Kindernech.<\/li>\n\n\n\n<li class=\"has-medium-font-size\"><strong>DT:<\/strong> Jorge Santos. <strong>AC:<\/strong> Francisco Monzalvo. <strong>PF:<\/strong> Juan Jacob.<br><br><strong>Terna arbitral:<\/strong> Brian Paez, Ariel Ghibaud, Jonathan Cantti (Gualeguaych\u00fa).<\/li>\n<\/ul>\n\n\n\n<p class=\"has-medium-font-size\">La fecha se completa este s\u00e1bado 29 de noviembre desde las 19 horas con el partido que van a jugar el Club Atl\u00e9tico Villa Elisa (eliminado) y Juventud Unida de Gualeguaych\u00fa (clasificado).<\/p>\n\n\n\n<p class=\"has-medium-font-size\"><strong>Juega Micael Bogado<\/strong><\/p>\n\n\n\n<p class=\"has-medium-font-size\">El futbolista de San Salvador Micael Bogado ser\u00e1 de la partida este domingo 30 de noviembre desde las 17 horas cuando su equipo, Coronel Aguirre (Villa Gobernador G\u00e1lvez) visite a PSM (Puerto General San Martin) en la \u00faltima fecha de la zona. El equipo que gane clasificar\u00e1 a la siguiente instancia del Torneo Regional Federal Amateur en la Regi\u00f3n Litoral Sur. <\/p>\n","protected":false},"excerpt":{"rendered":"<p>El viernes 28 de noviembre, por la \u00faltima fecha de la Zona 3 del Torneo&#8230;<\/p>\n","protected":false},"author":3,"featured_media":6805,"comment_status":"closed","ping_status":"open","sticky":false,"template":"","format":"standard","meta":{"footnotes":""},"categories":[6],"tags":[],"class_list":["post-6803","post","type-post","status-publish","format-standard","has-post-thumbnail","hentry","category-dep-0"],"featured_image_urls":{"full":["https:\/\/centronoticias.com.ar\/portal\/wp-content\/uploads\/2025\/11\/Union-28_11.jpg",1024,751,false],"thumbnail":["https:\/\/centronoticias.com.ar\/portal\/wp-content\/uploads\/2025\/11\/Union-28_11-150x150.jpg",150,150,true],"medium":["https:\/\/centronoticias.com.ar\/portal\/wp-content\/uploads\/2025\/11\/Union-28_11-300x220.jpg",300,220,true],"medium_large":["https:\/\/centronoticias.com.ar\/portal\/wp-content\/uploads\/2025\/11\/Union-28_11-768x563.jpg",640,469,true],"large":["https:\/\/centronoticias.com.ar\/portal\/wp-content\/uploads\/2025\/11\/Union-28_11.jpg",640,469,false],"1536x1536":["https:\/\/centronoticias.com.ar\/portal\/wp-content\/uploads\/2025\/11\/Union-28_11.jpg",1024,751,false],"2048x2048":["https:\/\/centronoticias.com.ar\/portal\/wp-content\/uploads\/2025\/11\/Union-28_11.jpg",1024,751,false],"covernews-slider-full":["https:\/\/centronoticias.com.ar\/portal\/wp-content\/uploads\/2025\/11\/Union-28_11-1024x715.jpg",1024,715,true],"covernews-slider-center":["https:\/\/centronoticias.com.ar\/portal\/wp-content\/uploads\/2025\/11\/Union-28_11-800x500.jpg",800,500,true],"covernews-featured":["https:\/\/centronoticias.com.ar\/portal\/wp-content\/uploads\/2025\/11\/Union-28_11.jpg",1024,751,false],"covernews-medium":["https:\/\/centronoticias.com.ar\/portal\/wp-content\/uploads\/2025\/11\/Union-28_11-540x340.jpg",540,340,true],"covernews-medium-square":["https:\/\/centronoticias.com.ar\/portal\/wp-content\/uploads\/2025\/11\/Union-28_11-400x250.jpg",400,250,true]},"author_info":{"info":["Roberto Jourd\u00e1n"]},"category_info":"<a href=\"https:\/\/centronoticias.com.ar\/portal\/category\/dep-0\/\" rel=\"category tag\">Deportes<\/a>","tag_info":"Deportes","comment_count":"0","_links":{"self":[{"href":"https:\/\/centronoticias.com.ar\/portal\/wp-json\/wp\/v2\/posts\/6803","targetHints":{"allow":["GET"]}}],"collection":[{"href":"https:\/\/centronoticias.com.ar\/portal\/wp-json\/wp\/v2\/posts"}],"about":[{"href":"https:\/\/centronoticias.com.ar\/portal\/wp-json\/wp\/v2\/types\/post"}],"author":[{"embeddable":true,"href":"https:\/\/centronoticias.com.ar\/portal\/wp-json\/wp\/v2\/users\/3"}],"replies":[{"embeddable":true,"href":"https:\/\/centronoticias.com.ar\/portal\/wp-json\/wp\/v2\/comments?post=6803"}],"version-history":[{"count":3,"href":"https:\/\/centronoticias.com.ar\/portal\/wp-json\/wp\/v2\/posts\/6803\/revisions"}],"predecessor-version":[{"id":6814,"href":"https:\/\/centronoticias.com.ar\/portal\/wp-json\/wp\/v2\/posts\/6803\/revisions\/6814"}],"wp:featuredmedia":[{"embeddable":true,"href":"https:\/\/centronoticias.com.ar\/portal\/wp-json\/wp\/v2\/media\/6805"}],"wp:attachment":[{"href":"https:\/\/centronoticias.com.ar\/portal\/wp-json\/wp\/v2\/media?parent=6803"}],"wp:term":[{"taxonomy":"category","embeddable":true,"href":"https:\/\/centronoticias.com.ar\/portal\/wp-json\/wp\/v2\/categories?post=6803"},{"taxonomy":"post_tag","embeddable":true,"href":"https:\/\/centronoticias.com.ar\/portal\/wp-json\/wp\/v2\/tags?post=6803"}],"curies":[{"name":"wp","href":"https:\/\/api.w.org\/{rel}","templated":true}]}}