{"id":6775,"date":"2025-11-30T17:43:39","date_gmt":"2025-11-30T20:43:39","guid":{"rendered":"https:\/\/centronoticias.com.ar\/portal\/?p=6775"},"modified":"2025-11-30T21:45:26","modified_gmt":"2025-12-01T00:45:26","slug":"progreso-unidos-participo-del-torneo-provincial-sub-15-en-colon","status":"publish","type":"post","link":"https:\/\/centronoticias.com.ar\/portal\/progreso-unidos-participo-del-torneo-provincial-sub-15-en-colon\/","title":{"rendered":"Progreso Unidos particip\u00f3 del Torneo Provincial sub 15 en Col\u00f3n"},"content":{"rendered":"\n<p class=\"has-medium-font-size\">Los d\u00edas 28, 29 y 30 de noviembre se disput\u00f3 el Campeonato Provincial de categor\u00eda 2010 en Col\u00f3n y San Jos\u00e9. All\u00ed particip\u00f3 el Club Atl\u00e9tico Progreso Unidos de nuestra ciudad. Tambi\u00e9n juegan Gualeguay y Sarmiento, ambos de Villaguay, que tuvieron en sus filas jugadores del departamento San Salvador.<\/p>\n\n\n\n<p class=\"has-medium-font-size\">Resultados de Progreso Unidos en la Zona 4:<br>Ramsar Juniors (Basavilbaso) 0 &#8211; 0. <br>Urquiza (Santa Elena) 0 &#8211; 0<br>Defensores de Ceibas  0 &#8211; 1<\/p>\n\n\n\n<p class=\"has-medium-font-size\">Clasific\u00f3 a la Copa Proyecci\u00f3n.<\/p>\n\n\n\n<p class=\"has-medium-font-size\">El s\u00e1bado 29 de noviembre en octavos de final ante Atl\u00e9tico Basavilbaso empat\u00f3 1 a 1 (gan\u00f3 Progreso por penales). Mas tarde en cuartos de final cay\u00f3 ante Sporting de Gualeguaych\u00fa por 1 a 0 cerrando su participaci\u00f3n.<\/p>\n\n\n\n<p class=\"has-medium-font-size\"><strong>Copa Proyecci\u00f3n:<\/strong><br>Campe\u00f3n Sporting (Gualeguaych\u00fa)<br>Subcampe\u00f3n: Independiente (Villa del Rosario)<\/p>\n\n\n\n<p class=\"has-medium-font-size\"><br><strong>Plantel de Progreso:<\/strong><\/p>\n\n\n\n<p class=\"has-medium-font-size\">Jugadores<br>Amararillo Mauro<br>Palacio Gian<br>Auteville Yair<br>Muller Franco<br>Abancini Catriel<br>Caceres Benjam\u00edn<br>Quiroga Theo<br>Sandobal Dylan<br>Pralong Joel<br>Falconi Juan<br>Pereyra Michael<br>Perez Facundo<br>Rey Adrian<br>Barbosa Agustin<br>Derudder Iker<br>Bracco Facundo<br>Peralta Sergio<br><br>DT. Leguizamon Roberto<br>AC. Auteville Andres<br>PF: Carlos Soto<br>Delegada. Weisprot Alicia<\/p>\n\n\n\n<figure class=\"wp-block-image size-large\"><a href=\"https:\/\/centronoticias.com.ar\/portal\/wp-content\/uploads\/2025\/11\/gualeguay.jpeg\"><img decoding=\"async\" width=\"1024\" height=\"520\" src=\"https:\/\/centronoticias.com.ar\/portal\/wp-content\/uploads\/2025\/11\/gualeguay-1024x520.jpeg\" alt=\"\" class=\"wp-image-6861\" srcset=\"https:\/\/centronoticias.com.ar\/portal\/wp-content\/uploads\/2025\/11\/gualeguay-1024x520.jpeg 1024w, https:\/\/centronoticias.com.ar\/portal\/wp-content\/uploads\/2025\/11\/gualeguay-300x152.jpeg 300w, https:\/\/centronoticias.com.ar\/portal\/wp-content\/uploads\/2025\/11\/gualeguay-768x390.jpeg 768w, https:\/\/centronoticias.com.ar\/portal\/wp-content\/uploads\/2025\/11\/gualeguay-1536x780.jpeg 1536w, https:\/\/centronoticias.com.ar\/portal\/wp-content\/uploads\/2025\/11\/gualeguay.jpeg 1600w\" sizes=\"(max-width: 1024px) 100vw, 1024px\" \/><\/a><figcaption class=\"wp-element-caption\">Gualeguay.<\/figcaption><\/figure>\n\n\n\n<p class=\"has-medium-font-size\">Gualeguay de Villaguay tambien compiti\u00f3 en este certamen. All\u00ed se encuentra trabajando como integrante del Cuerpo T\u00e9cnico, Javier Perez de San Salvador. Integraron el plantel los jugadores de nuestro departamento: Thiago Quintero &#8211; Ferro, Joaqu\u00edn Arellano &#8211; Ferro, Juan Carlo Marzoratti &#8211; CAJU, Nahuel Krig &#8211; CAJU (General Campos).<br>Resultados de Gualeguay en la Zona 1:<br>Sarmiento de Victoria 1-1<br>San Antonio 1-0<br>Sauce (Col\u00f3n) 1-0<\/p>\n\n\n\n<p class=\"has-medium-font-size\">Clasific\u00f3 a Copa Entre R\u00edos<\/p>\n\n\n\n<p class=\"has-medium-font-size\">En octavos de final cay\u00f3 ante Gimnasia y Esgrima (C del U) por 2 a 1. <\/p>\n\n\n\n<figure class=\"wp-block-image size-full\"><a href=\"https:\/\/centronoticias.com.ar\/portal\/wp-content\/uploads\/2025\/11\/sarmiento-sub-15.jpg\"><img decoding=\"async\" width=\"1024\" height=\"595\" src=\"https:\/\/centronoticias.com.ar\/portal\/wp-content\/uploads\/2025\/11\/sarmiento-sub-15.jpg\" alt=\"\" class=\"wp-image-6860\" srcset=\"https:\/\/centronoticias.com.ar\/portal\/wp-content\/uploads\/2025\/11\/sarmiento-sub-15.jpg 1024w, https:\/\/centronoticias.com.ar\/portal\/wp-content\/uploads\/2025\/11\/sarmiento-sub-15-300x174.jpg 300w, https:\/\/centronoticias.com.ar\/portal\/wp-content\/uploads\/2025\/11\/sarmiento-sub-15-768x446.jpg 768w\" sizes=\"(max-width: 1024px) 100vw, 1024px\" \/><\/a><figcaption class=\"wp-element-caption\">Sarmiento.<\/figcaption><\/figure>\n\n\n\n<p class=\"has-medium-font-size\">Por su parte el Club Sarmiento de Villaguay cuenta en sus filas con Juan Pablo Mouesca, jugador de Ferro de nuestra ciudad.<br>Resultados de Sarmiento:<br>Sirio Liban\u00e9s (Nogoy\u00e1) 1 &#8211; 1.<br>San Martin (Herrera) 3 -1 <br>CAVE 1 -1<\/p>\n\n\n\n<p class=\"has-medium-font-size\">Clasific\u00f3 a Copa Entre Rios<\/p>\n\n\n\n<p class=\"has-medium-font-size\">En octavos de final enfrent\u00f3 a Urquiza de Santa Elena empatando 0 a 0 y perdiendo por penales.<\/p>\n\n\n\n<p class=\"has-medium-font-size\"><strong>Copa Entre R\u00edos:<\/strong><br>Campe\u00f3n: Defensores del Oeste (Basavilbaso)<br>Subcampe\u00f3n: Escuela Dieguito (Federal)<\/p>\n\n\n\n<p class=\"has-medium-font-size\">Copa Federaci\u00f3n:<br>Campe\u00f3n: Bancario (Gualeguay)<br>Subcampe\u00f3n: Atl\u00e9tico Paran\u00e1<br><\/p>\n\n\n\n<p class=\"has-medium-font-size\"><strong>El Torneo<\/strong><\/p>\n\n\n\n<p class=\"has-medium-font-size\">Con tres d\u00edas de intensa competencia en los estadios de Sauce, \u00d1apind\u00e1, Campito, Defensores, Santa Rosa y Liverpool, los equipos buscaban quedarse con alguna de las tres copas en disputa.<\/p>\n\n\n\n<p class=\"has-medium-font-size\">La competencia comenz\u00f3 con una fase clasificatoria inicial, compuesta por doce grupos de cuatro clubes cada una, donde los mismos se enfrentar\u00e1n entre s\u00ed todos contra todos.<\/p>\n\n\n\n<p class=\"has-medium-font-size\">Una vez finalizada esta etapa, se conform\u00f3 el cuadro de la Copa Entre R\u00edos con aquellos equipos que hayan finalizado como l\u00edderes de sus zonas, m\u00e1s los cuatro mejores segundos de la tabla general.<\/p>\n\n\n\n<p class=\"has-medium-font-size\">Por su parte, la Copa Federaci\u00f3n la disputaron los restantes ocho segundos, a los que se les sumaron los mejores ocho terceros, en tanto que, la Copa Proyecci\u00f3n se form\u00f3 con el resto de los equipos no clasificados a las dos copas anteriormente mencionadas.<\/p>\n\n\n\n<p class=\"has-medium-font-size\">El pr\u00f3ximo fin de semana, la actividad se trasladar\u00e1 a Gualeguaych\u00fa, donde se disputar\u00e1 el certamen que reunir\u00e1 a los equipos de la categor\u00eda 2017.<\/p>\n\n\n\n<p><\/p>\n","protected":false},"excerpt":{"rendered":"<p>Los d\u00edas 28, 29 y 30 de noviembre se disput\u00f3 el Campeonato Provincial de categor\u00eda&#8230;<\/p>\n","protected":false},"author":3,"featured_media":6847,"comment_status":"closed","ping_status":"open","sticky":false,"template":"","format":"standard","meta":{"footnotes":""},"categories":[6],"tags":[],"class_list":["post-6775","post","type-post","status-publish","format-standard","has-post-thumbnail","hentry","category-dep-0"],"featured_image_urls":{"full":["https:\/\/centronoticias.com.ar\/portal\/wp-content\/uploads\/2025\/11\/Progreso-Prov-sub-15.jpg",1024,771,false],"thumbnail":["https:\/\/centronoticias.com.ar\/portal\/wp-content\/uploads\/2025\/11\/Progreso-Prov-sub-15-150x150.jpg",150,150,true],"medium":["https:\/\/centronoticias.com.ar\/portal\/wp-content\/uploads\/2025\/11\/Progreso-Prov-sub-15-300x226.jpg",300,226,true],"medium_large":["https:\/\/centronoticias.com.ar\/portal\/wp-content\/uploads\/2025\/11\/Progreso-Prov-sub-15-768x578.jpg",640,482,true],"large":["https:\/\/centronoticias.com.ar\/portal\/wp-content\/uploads\/2025\/11\/Progreso-Prov-sub-15.jpg",640,482,false],"1536x1536":["https:\/\/centronoticias.com.ar\/portal\/wp-content\/uploads\/2025\/11\/Progreso-Prov-sub-15.jpg",1024,771,false],"2048x2048":["https:\/\/centronoticias.com.ar\/portal\/wp-content\/uploads\/2025\/11\/Progreso-Prov-sub-15.jpg",1024,771,false],"covernews-slider-full":["https:\/\/centronoticias.com.ar\/portal\/wp-content\/uploads\/2025\/11\/Progreso-Prov-sub-15-1024x715.jpg",1024,715,true],"covernews-slider-center":["https:\/\/centronoticias.com.ar\/portal\/wp-content\/uploads\/2025\/11\/Progreso-Prov-sub-15-800x500.jpg",800,500,true],"covernews-featured":["https:\/\/centronoticias.com.ar\/portal\/wp-content\/uploads\/2025\/11\/Progreso-Prov-sub-15.jpg",1024,771,false],"covernews-medium":["https:\/\/centronoticias.com.ar\/portal\/wp-content\/uploads\/2025\/11\/Progreso-Prov-sub-15-540x340.jpg",540,340,true],"covernews-medium-square":["https:\/\/centronoticias.com.ar\/portal\/wp-content\/uploads\/2025\/11\/Progreso-Prov-sub-15-400x250.jpg",400,250,true]},"author_info":{"info":["Roberto Jourd\u00e1n"]},"category_info":"<a href=\"https:\/\/centronoticias.com.ar\/portal\/category\/dep-0\/\" rel=\"category tag\">Deportes<\/a>","tag_info":"Deportes","comment_count":"0","_links":{"self":[{"href":"https:\/\/centronoticias.com.ar\/portal\/wp-json\/wp\/v2\/posts\/6775","targetHints":{"allow":["GET"]}}],"collection":[{"href":"https:\/\/centronoticias.com.ar\/portal\/wp-json\/wp\/v2\/posts"}],"about":[{"href":"https:\/\/centronoticias.com.ar\/portal\/wp-json\/wp\/v2\/types\/post"}],"author":[{"embeddable":true,"href":"https:\/\/centronoticias.com.ar\/portal\/wp-json\/wp\/v2\/users\/3"}],"replies":[{"embeddable":true,"href":"https:\/\/centronoticias.com.ar\/portal\/wp-json\/wp\/v2\/comments?post=6775"}],"version-history":[{"count":14,"href":"https:\/\/centronoticias.com.ar\/portal\/wp-json\/wp\/v2\/posts\/6775\/revisions"}],"predecessor-version":[{"id":6863,"href":"https:\/\/centronoticias.com.ar\/portal\/wp-json\/wp\/v2\/posts\/6775\/revisions\/6863"}],"wp:featuredmedia":[{"embeddable":true,"href":"https:\/\/centronoticias.com.ar\/portal\/wp-json\/wp\/v2\/media\/6847"}],"wp:attachment":[{"href":"https:\/\/centronoticias.com.ar\/portal\/wp-json\/wp\/v2\/media?parent=6775"}],"wp:term":[{"taxonomy":"category","embeddable":true,"href":"https:\/\/centronoticias.com.ar\/portal\/wp-json\/wp\/v2\/categories?post=6775"},{"taxonomy":"post_tag","embeddable":true,"href":"https:\/\/centronoticias.com.ar\/portal\/wp-json\/wp\/v2\/tags?post=6775"}],"curies":[{"name":"wp","href":"https:\/\/api.w.org\/{rel}","templated":true}]}}