{"id":651,"date":"2025-01-30T12:27:09","date_gmt":"2025-01-30T15:27:09","guid":{"rendered":"https:\/\/centronoticias.com.ar\/portal\/?p=651"},"modified":"2025-01-30T12:27:10","modified_gmt":"2025-01-30T15:27:10","slug":"avanza-la-obra-de-ampliacion-en-el-centro-de-salud-pancho-ramirez-de-san-salvador","status":"publish","type":"post","link":"https:\/\/centronoticias.com.ar\/portal\/avanza-la-obra-de-ampliacion-en-el-centro-de-salud-pancho-ramirez-de-san-salvador\/","title":{"rendered":"Avanza la obra de ampliaci\u00f3n en el Centro de Salud Pancho Ram\u00edrez de San Salvador"},"content":{"rendered":"\n<p style=\"font-size:24px\">El Ministerio de Planeamiento, Infraestructura y Servicios de Entre R\u00edos, en articulaci\u00f3n con el Ministerio de Salud, contin\u00faa impulsando obras p\u00fablicas para fortalecer la infraestructura sanitaria de la provincia. Actualmente, se encuentra en ejecuci\u00f3n la ampliaci\u00f3n del Centro de Salud Pancho Ram\u00edrez de la localidad de San Salvador.&nbsp;<\/p>\n\n\n\n<p style=\"font-size:24px\">El centro de salud se encuentra sobre Avenida Malar\u00edn 1100 y la obra responde a la demanda originada por el crecimiento poblacional y derivadas de la pandemia por COVID-19. La intervenci\u00f3n busca optimizar el sistema de salud y garantizar un mejor acceso a los servicios, beneficiando a los vecinos de la zona.<\/p>\n\n\n\n<p style=\"font-size:24px\">El ministro Dar\u00edo Schneider destac\u00f3 la relevancia de estas intervenciones ya qu<em>e &#8220;se trata de una obra fundamental para fortalecer la infraestructura sanitaria y de esa manera mejorar el servicio de salud p\u00fablico y la calidad de vida de los entrerrianos&#8221;<\/em>. Adem\u00e1s se\u00f1al\u00f3 que&nbsp;<em>&#8220;estas obras, se llevan adelante mediante un trabajo en conjunto con el Ministerio de Salud, y son relevantes para optimizar el desarrollo de nuestra provincia&#8221;.<\/em><\/p>\n\n\n\n<p style=\"font-size:24px\">Con una inversi\u00f3n de 34.186.263 pesos, proveniente del tesoro provincial, la obra presenta un avance del 32 por ciento de avance. Asimismo, los trabajos est\u00e1n a cargo de la empresa Geier H\u00e9ctor Eduardo.<\/p>\n\n\n\n<p style=\"font-size:24px\">La intervenci\u00f3n contempla 190 m2 cubiertos y se prev\u00e9 la construcci\u00f3n de consultorios de Kinesiolog\u00eda, Pediatr\u00eda y Cl\u00ednica General, adem\u00e1s de un laboratorio bioqu\u00edmico, una farmacia con dep\u00f3sito y una sala de espera. Tambi\u00e9n se incorporar\u00e1 un n\u00facleo sanitario con dos ba\u00f1os, ya que el actual resulta insuficiente.&nbsp;<\/p>\n\n\n\n<p style=\"font-size:24px\">Las ampliaciones se ejecutan manteniendo la estructura y altura del edificio existente. Asimismo, las mejoras incluyen nuevas instalaciones sanitarias, la conexi\u00f3n a la red cloacal y el sistema el\u00e9ctrico.<\/p>\n","protected":false},"excerpt":{"rendered":"<p>El Ministerio de Planeamiento, Infraestructura y Servicios de Entre R\u00edos, en articulaci\u00f3n con el Ministerio&#8230;<\/p>\n","protected":false},"author":3,"featured_media":652,"comment_status":"closed","ping_status":"open","sticky":false,"template":"","format":"standard","meta":{"footnotes":""},"categories":[31],"tags":[],"class_list":["post-651","post","type-post","status-publish","format-standard","has-post-thumbnail","hentry","category-locales"],"featured_image_urls":{"full":["https:\/\/centronoticias.com.ar\/portal\/wp-content\/uploads\/2025\/01\/Pancho-Ramirez.jpg",800,534,false],"thumbnail":["https:\/\/centronoticias.com.ar\/portal\/wp-content\/uploads\/2025\/01\/Pancho-Ramirez-150x150.jpg",150,150,true],"medium":["https:\/\/centronoticias.com.ar\/portal\/wp-content\/uploads\/2025\/01\/Pancho-Ramirez-300x200.jpg",300,200,true],"medium_large":["https:\/\/centronoticias.com.ar\/portal\/wp-content\/uploads\/2025\/01\/Pancho-Ramirez-768x513.jpg",640,428,true],"large":["https:\/\/centronoticias.com.ar\/portal\/wp-content\/uploads\/2025\/01\/Pancho-Ramirez.jpg",640,427,false],"1536x1536":["https:\/\/centronoticias.com.ar\/portal\/wp-content\/uploads\/2025\/01\/Pancho-Ramirez.jpg",800,534,false],"2048x2048":["https:\/\/centronoticias.com.ar\/portal\/wp-content\/uploads\/2025\/01\/Pancho-Ramirez.jpg",800,534,false],"covernews-slider-full":["https:\/\/centronoticias.com.ar\/portal\/wp-content\/uploads\/2025\/01\/Pancho-Ramirez.jpg",800,534,false],"covernews-slider-center":["https:\/\/centronoticias.com.ar\/portal\/wp-content\/uploads\/2025\/01\/Pancho-Ramirez-800x500.jpg",800,500,true],"covernews-featured":["https:\/\/centronoticias.com.ar\/portal\/wp-content\/uploads\/2025\/01\/Pancho-Ramirez.jpg",800,534,false],"covernews-medium":["https:\/\/centronoticias.com.ar\/portal\/wp-content\/uploads\/2025\/01\/Pancho-Ramirez-540x340.jpg",540,340,true],"covernews-medium-square":["https:\/\/centronoticias.com.ar\/portal\/wp-content\/uploads\/2025\/01\/Pancho-Ramirez-400x250.jpg",400,250,true]},"author_info":{"info":["Roberto Jourd\u00e1n"]},"category_info":"<a href=\"https:\/\/centronoticias.com.ar\/portal\/category\/locales\/\" rel=\"category tag\">San Salvador<\/a>","tag_info":"San Salvador","comment_count":"0","_links":{"self":[{"href":"https:\/\/centronoticias.com.ar\/portal\/wp-json\/wp\/v2\/posts\/651","targetHints":{"allow":["GET"]}}],"collection":[{"href":"https:\/\/centronoticias.com.ar\/portal\/wp-json\/wp\/v2\/posts"}],"about":[{"href":"https:\/\/centronoticias.com.ar\/portal\/wp-json\/wp\/v2\/types\/post"}],"author":[{"embeddable":true,"href":"https:\/\/centronoticias.com.ar\/portal\/wp-json\/wp\/v2\/users\/3"}],"replies":[{"embeddable":true,"href":"https:\/\/centronoticias.com.ar\/portal\/wp-json\/wp\/v2\/comments?post=651"}],"version-history":[{"count":1,"href":"https:\/\/centronoticias.com.ar\/portal\/wp-json\/wp\/v2\/posts\/651\/revisions"}],"predecessor-version":[{"id":653,"href":"https:\/\/centronoticias.com.ar\/portal\/wp-json\/wp\/v2\/posts\/651\/revisions\/653"}],"wp:featuredmedia":[{"embeddable":true,"href":"https:\/\/centronoticias.com.ar\/portal\/wp-json\/wp\/v2\/media\/652"}],"wp:attachment":[{"href":"https:\/\/centronoticias.com.ar\/portal\/wp-json\/wp\/v2\/media?parent=651"}],"wp:term":[{"taxonomy":"category","embeddable":true,"href":"https:\/\/centronoticias.com.ar\/portal\/wp-json\/wp\/v2\/categories?post=651"},{"taxonomy":"post_tag","embeddable":true,"href":"https:\/\/centronoticias.com.ar\/portal\/wp-json\/wp\/v2\/tags?post=651"}],"curies":[{"name":"wp","href":"https:\/\/api.w.org\/{rel}","templated":true}]}}