{"id":6505,"date":"2025-11-10T22:29:26","date_gmt":"2025-11-11T01:29:26","guid":{"rendered":"https:\/\/centronoticias.com.ar\/portal\/?p=6505"},"modified":"2025-11-10T22:30:40","modified_gmt":"2025-11-11T01:30:40","slug":"el-senado-juvenil-entrerriano-inicio-su-instancia-final-con-presencia-de-san-salvador","status":"publish","type":"post","link":"https:\/\/centronoticias.com.ar\/portal\/el-senado-juvenil-entrerriano-inicio-su-instancia-final-con-presencia-de-san-salvador\/","title":{"rendered":"El Senado Juvenil entrerriano inici\u00f3 su instancia final con presencia de San Salvador"},"content":{"rendered":"\n<p class=\"has-medium-font-size\">La instancia provincial final del programa Senado Juvenil Entrerriano dio inicio este lunes 10 de noviembre en el Centro Provincial de Convenciones (CPC) de Paran\u00e1. El acto de apertura fue encabezado por la vicegobernadora y presidenta del Senado, Alicia Aluani, junto a la titular del Consejo General de Educaci\u00f3n (CGE), Alicia Fregonese.<\/p>\n\n\n\n<p class=\"has-medium-font-size\">El evento central fue la jura de los equipos que representan a todos los departamentos de la provincia, marcando el comienzo de las jornadas de debate y formaci\u00f3n legislativa.<\/p>\n\n\n\n<p class=\"has-medium-font-size\">Representantes del Departamento San Salvador<br><br>El departamento San Salvador cuenta con una destacada participaci\u00f3n en esta edici\u00f3n, representado por las senadoras juveniles Milagros Jazm\u00edn Bond y Agustina Abigail Vilche (foto) estudiantes de la escuela secundaria n\u00ba 1 &#8220;Dr. Carlos Saavedra Lamas&#8221; de General Campos quienes est\u00e1n acompa\u00f1adas por la Profesora Paola Visnevetzky<strong> <\/strong>.<\/p>\n\n\n\n<p class=\"has-medium-font-size\">Ambas j\u00f3venes superaron las etapas previas y, tras jurar en el acto inaugural, se preparan para sumergirse en la experiencia legislativa, debatiendo sus proyectos y compartiendo ideas con estudiantes de toda Entre R\u00edos.<\/p>\n\n\n\n<p class=\"has-medium-font-size\">El programa Senado Juvenil es una iniciativa clave para fomentar la participaci\u00f3n ciudadana y el conocimiento del proceso democr\u00e1tico entre los estudiantes de nivel secundario de la provincia.<\/p>\n\n\n\n<p class=\"has-medium-font-size\">En esta etapa final, los alumnos designados como senadores titulares y suplentes de los proyectos seleccionados, en representaci\u00f3n de cada departamento, se re\u00fanen en Paran\u00e1 para conformar la Honorable C\u00e1mara de Senadores Juveniles de Entre R\u00edos.<\/p>\n\n\n\n<p>Noticia relacionada:<\/p>\n\n\n\n<figure class=\"wp-block-embed is-type-wp-embed is-provider-centro-noticias wp-block-embed-centro-noticias\"><div class=\"wp-block-embed__wrapper\">\n<blockquote class=\"wp-embedded-content\" data-secret=\"kMJvr4z7vA\"><a href=\"https:\/\/centronoticias.com.ar\/portal\/definiendo-nuestra-identidad-entrerriana-escuela-n1-de-general-campos-se-impuso-en-el-senado-juvenil\/\">&#8220;Definiendo Nuestra Identidad Entrerriana&#8221;: Escuela N\u00b01 de General Campos se impuso en el Senado Juvenil<\/a><\/blockquote><iframe class=\"wp-embedded-content\" sandbox=\"allow-scripts\" security=\"restricted\" style=\"position: absolute; visibility: hidden;\" title=\"&#8220;&#8220;Definiendo Nuestra Identidad Entrerriana&#8221;: Escuela N\u00b01 de General Campos se impuso en el Senado Juvenil&#8221; &#8212; Centro Noticias\" src=\"https:\/\/centronoticias.com.ar\/portal\/definiendo-nuestra-identidad-entrerriana-escuela-n1-de-general-campos-se-impuso-en-el-senado-juvenil\/embed\/#?secret=dFHy5K4sgd#?secret=kMJvr4z7vA\" data-secret=\"kMJvr4z7vA\" width=\"600\" height=\"338\" frameborder=\"0\" marginwidth=\"0\" marginheight=\"0\" scrolling=\"no\"><\/iframe>\n<\/div><\/figure>\n\n\n\n<p><\/p>\n","protected":false},"excerpt":{"rendered":"<p>La instancia provincial final del programa Senado Juvenil Entrerriano dio inicio este lunes 10 de&#8230;<\/p>\n","protected":false},"author":3,"featured_media":6508,"comment_status":"closed","ping_status":"open","sticky":false,"template":"","format":"standard","meta":{"footnotes":""},"categories":[36,1],"tags":[],"class_list":["post-6505","post","type-post","status-publish","format-standard","has-post-thumbnail","hentry","category-educacion","category-politica"],"featured_image_urls":{"full":["https:\/\/centronoticias.com.ar\/portal\/wp-content\/uploads\/2025\/11\/Aluani-senadoras-juveniles-ss.jpeg",1080,693,false],"thumbnail":["https:\/\/centronoticias.com.ar\/portal\/wp-content\/uploads\/2025\/11\/Aluani-senadoras-juveniles-ss-150x150.jpeg",150,150,true],"medium":["https:\/\/centronoticias.com.ar\/portal\/wp-content\/uploads\/2025\/11\/Aluani-senadoras-juveniles-ss-300x193.jpeg",300,193,true],"medium_large":["https:\/\/centronoticias.com.ar\/portal\/wp-content\/uploads\/2025\/11\/Aluani-senadoras-juveniles-ss-768x493.jpeg",640,411,true],"large":["https:\/\/centronoticias.com.ar\/portal\/wp-content\/uploads\/2025\/11\/Aluani-senadoras-juveniles-ss-1024x657.jpeg",640,411,true],"1536x1536":["https:\/\/centronoticias.com.ar\/portal\/wp-content\/uploads\/2025\/11\/Aluani-senadoras-juveniles-ss.jpeg",1080,693,false],"2048x2048":["https:\/\/centronoticias.com.ar\/portal\/wp-content\/uploads\/2025\/11\/Aluani-senadoras-juveniles-ss.jpeg",1080,693,false],"covernews-slider-full":["https:\/\/centronoticias.com.ar\/portal\/wp-content\/uploads\/2025\/11\/Aluani-senadoras-juveniles-ss.jpeg",1080,693,false],"covernews-slider-center":["https:\/\/centronoticias.com.ar\/portal\/wp-content\/uploads\/2025\/11\/Aluani-senadoras-juveniles-ss-800x500.jpeg",800,500,true],"covernews-featured":["https:\/\/centronoticias.com.ar\/portal\/wp-content\/uploads\/2025\/11\/Aluani-senadoras-juveniles-ss-1024x657.jpeg",1024,657,true],"covernews-medium":["https:\/\/centronoticias.com.ar\/portal\/wp-content\/uploads\/2025\/11\/Aluani-senadoras-juveniles-ss-540x340.jpeg",540,340,true],"covernews-medium-square":["https:\/\/centronoticias.com.ar\/portal\/wp-content\/uploads\/2025\/11\/Aluani-senadoras-juveniles-ss-400x250.jpeg",400,250,true]},"author_info":{"info":["Roberto Jourd\u00e1n"]},"category_info":"<a href=\"https:\/\/centronoticias.com.ar\/portal\/category\/educacion\/\" rel=\"category tag\">Educaci\u00f3n<\/a> <a href=\"https:\/\/centronoticias.com.ar\/portal\/category\/politica\/\" rel=\"category tag\">Pol\u00edtica<\/a>","tag_info":"Pol\u00edtica","comment_count":"0","_links":{"self":[{"href":"https:\/\/centronoticias.com.ar\/portal\/wp-json\/wp\/v2\/posts\/6505","targetHints":{"allow":["GET"]}}],"collection":[{"href":"https:\/\/centronoticias.com.ar\/portal\/wp-json\/wp\/v2\/posts"}],"about":[{"href":"https:\/\/centronoticias.com.ar\/portal\/wp-json\/wp\/v2\/types\/post"}],"author":[{"embeddable":true,"href":"https:\/\/centronoticias.com.ar\/portal\/wp-json\/wp\/v2\/users\/3"}],"replies":[{"embeddable":true,"href":"https:\/\/centronoticias.com.ar\/portal\/wp-json\/wp\/v2\/comments?post=6505"}],"version-history":[{"count":3,"href":"https:\/\/centronoticias.com.ar\/portal\/wp-json\/wp\/v2\/posts\/6505\/revisions"}],"predecessor-version":[{"id":6509,"href":"https:\/\/centronoticias.com.ar\/portal\/wp-json\/wp\/v2\/posts\/6505\/revisions\/6509"}],"wp:featuredmedia":[{"embeddable":true,"href":"https:\/\/centronoticias.com.ar\/portal\/wp-json\/wp\/v2\/media\/6508"}],"wp:attachment":[{"href":"https:\/\/centronoticias.com.ar\/portal\/wp-json\/wp\/v2\/media?parent=6505"}],"wp:term":[{"taxonomy":"category","embeddable":true,"href":"https:\/\/centronoticias.com.ar\/portal\/wp-json\/wp\/v2\/categories?post=6505"},{"taxonomy":"post_tag","embeddable":true,"href":"https:\/\/centronoticias.com.ar\/portal\/wp-json\/wp\/v2\/tags?post=6505"}],"curies":[{"name":"wp","href":"https:\/\/api.w.org\/{rel}","templated":true}]}}