{"id":6488,"date":"2025-11-08T17:56:57","date_gmt":"2025-11-08T20:56:57","guid":{"rendered":"https:\/\/centronoticias.com.ar\/portal\/?p=6488"},"modified":"2025-11-09T18:17:11","modified_gmt":"2025-11-09T21:17:11","slug":"con-cerca-de-400-participantes-concluyo-el-congreso-regional-de-educacion-agropecuaria","status":"publish","type":"post","link":"https:\/\/centronoticias.com.ar\/portal\/con-cerca-de-400-participantes-concluyo-el-congreso-regional-de-educacion-agropecuaria\/","title":{"rendered":"Con cerca de 400 participantes concluy\u00f3 el Congreso Regional de Educaci\u00f3n Agropecuaria"},"content":{"rendered":"\n<p class=\"has-medium-font-size\">Representantes de la E.E.A.T. N\u00b0 155 &#8220;Jos\u00e9 Hern\u00e1ndez&#8221; de Colonia La Perla y la Supervisi\u00f3n de Educaci\u00f3n Secundaria Zona XIX San Salvador (foto), participaron del Congreso Nacional de Educaci\u00f3n Agropecuaria Regi\u00f3n Centro II los d\u00edas 6 y 7 de Noviembre en la ciudad de Paran\u00e1.<\/p>\n\n\n\n<figure class=\"wp-block-image size-full\"><a href=\"https:\/\/centronoticias.com.ar\/portal\/wp-content\/uploads\/2025\/11\/educacion-agropecuaria.jpg\"><img decoding=\"async\" width=\"1024\" height=\"584\" src=\"https:\/\/centronoticias.com.ar\/portal\/wp-content\/uploads\/2025\/11\/educacion-agropecuaria.jpg\" alt=\"\" class=\"wp-image-6494\" srcset=\"https:\/\/centronoticias.com.ar\/portal\/wp-content\/uploads\/2025\/11\/educacion-agropecuaria.jpg 1024w, https:\/\/centronoticias.com.ar\/portal\/wp-content\/uploads\/2025\/11\/educacion-agropecuaria-300x171.jpg 300w, https:\/\/centronoticias.com.ar\/portal\/wp-content\/uploads\/2025\/11\/educacion-agropecuaria-768x438.jpg 768w\" sizes=\"(max-width: 1024px) 100vw, 1024px\" \/><\/a><\/figure>\n\n\n\n<p class=\"has-medium-font-size\">Con una jornada marcada por la participaci\u00f3n estudiantil, culmin\u00f3 en el Centro Provincial de Convenciones de Paran\u00e1 el Congreso Regional de Educaci\u00f3n Agropecuaria Regi\u00f3n Centro II. El evento fue organizado por el Consejo General de Educaci\u00f3n (CGE) y el Instituto Nacional de Educaci\u00f3n Tecnol\u00f3gica (INET), reuniendo a cerca de 400 participantes.<\/p>\n\n\n\n<p class=\"has-medium-font-size\">Durante dos d\u00edas, delegaciones de escuelas agrot\u00e9cnicas de Entre R\u00edos y Buenos Aires compartieron saberes, aprendizajes y propuestas que integran tecnolog\u00eda, producci\u00f3n y sostenibilidad. Participaron tambi\u00e9n organismos vinculados al desarrollo agropecuario, la innovaci\u00f3n y otras instituciones del sector.<\/p>\n\n\n\n<p class=\"has-medium-font-size\">El d\u00eda de cierre se desarrollaron paneles de presentaci\u00f3n de experiencias de las escuelas, talleres de tecnolog\u00eda aplicada al agro (como rob\u00f3tica e impresi\u00f3n 3D), presentaci\u00f3n del sistema de chacras, paneles dedicados al tambo y espacios de reflexi\u00f3n impulsados por instituciones como el Instituto Interamericano de Cooperaci\u00f3n para la Agricultura (IICA).<\/p>\n\n\n\n<p class=\"has-medium-font-size\">&#8220;Estuvimos en el taller de rob\u00f3tica y la verdad que fue muy interesante aprender de distintas herramientas electr\u00f3nicas; hoy estamos de nuevo con muchas expectativas&#8221;, destac\u00f3 Celestino Mena, estudiante de la Escuela Agrot\u00e9cnica N\u00b0 9 de Gualeguay.<\/p>\n\n\n\n<p class=\"has-medium-font-size\">Carolina Pivetta, expositora del IICA, se\u00f1al\u00f3: &#8220;Estamos con una propuesta de talleres, uno sobre proyectos productivos pensados desde el aula y otro sobre las transformaciones que vivimos en el agro, reflexionando sobre qu\u00e9 es el presente y qu\u00e9 es el futuro del sector&#8221;.<\/p>\n\n\n\n<p class=\"has-medium-font-size\">&#8220;Lo m\u00e1s valioso de estos encuentros es que participan escuelas de distintas provincias, lo que aporta una mirada muy diversa sobre las necesidades. Para nosotros, como organismo internacional, representa un desaf\u00edo para contribuir al fortalecimiento del sector&#8221;, indic\u00f3 Mario Anastasio, tambi\u00e9n integrante del IICA.<\/p>\n\n\n\n<p class=\"has-medium-font-size\">El Congreso concluy\u00f3 consolidando una red de escuelas que promueven la colaboraci\u00f3n y el desarrollo del agro. Esto reafirma el compromiso del CGE en fortalecer la educaci\u00f3n secundaria, impulsando la incorporaci\u00f3n de nuevas tecnolog\u00edas, la generaci\u00f3n de espacios de aprendizaje y el desarrollo de proyectos que permitan a estudiantes y docentes enfrentar los desaf\u00edos actuales del sector productivo y contribuir al crecimiento sostenible de la provincia.<\/p>\n","protected":false},"excerpt":{"rendered":"<p>Representantes de la E.E.A.T. N\u00b0 155 &#8220;Jos\u00e9 Hern\u00e1ndez&#8221; de Colonia La Perla y la Supervisi\u00f3n&#8230;<\/p>\n","protected":false},"author":3,"featured_media":6490,"comment_status":"closed","ping_status":"open","sticky":false,"template":"","format":"standard","meta":{"footnotes":""},"categories":[21],"tags":[],"class_list":["post-6488","post","type-post","status-publish","format-standard","has-post-thumbnail","hentry","category-provinciales"],"featured_image_urls":{"full":["https:\/\/centronoticias.com.ar\/portal\/wp-content\/uploads\/2025\/11\/Esc-Agro-en-Pna.jpeg",1080,987,false],"thumbnail":["https:\/\/centronoticias.com.ar\/portal\/wp-content\/uploads\/2025\/11\/Esc-Agro-en-Pna-150x150.jpeg",150,150,true],"medium":["https:\/\/centronoticias.com.ar\/portal\/wp-content\/uploads\/2025\/11\/Esc-Agro-en-Pna-300x274.jpeg",300,274,true],"medium_large":["https:\/\/centronoticias.com.ar\/portal\/wp-content\/uploads\/2025\/11\/Esc-Agro-en-Pna-768x702.jpeg",640,585,true],"large":["https:\/\/centronoticias.com.ar\/portal\/wp-content\/uploads\/2025\/11\/Esc-Agro-en-Pna-1024x936.jpeg",640,585,true],"1536x1536":["https:\/\/centronoticias.com.ar\/portal\/wp-content\/uploads\/2025\/11\/Esc-Agro-en-Pna.jpeg",1080,987,false],"2048x2048":["https:\/\/centronoticias.com.ar\/portal\/wp-content\/uploads\/2025\/11\/Esc-Agro-en-Pna.jpeg",1080,987,false],"covernews-slider-full":["https:\/\/centronoticias.com.ar\/portal\/wp-content\/uploads\/2025\/11\/Esc-Agro-en-Pna-1080x715.jpeg",1080,715,true],"covernews-slider-center":["https:\/\/centronoticias.com.ar\/portal\/wp-content\/uploads\/2025\/11\/Esc-Agro-en-Pna-800x500.jpeg",800,500,true],"covernews-featured":["https:\/\/centronoticias.com.ar\/portal\/wp-content\/uploads\/2025\/11\/Esc-Agro-en-Pna-1024x936.jpeg",1024,936,true],"covernews-medium":["https:\/\/centronoticias.com.ar\/portal\/wp-content\/uploads\/2025\/11\/Esc-Agro-en-Pna-540x340.jpeg",540,340,true],"covernews-medium-square":["https:\/\/centronoticias.com.ar\/portal\/wp-content\/uploads\/2025\/11\/Esc-Agro-en-Pna-400x250.jpeg",400,250,true]},"author_info":{"info":["Roberto Jourd\u00e1n"]},"category_info":"<a href=\"https:\/\/centronoticias.com.ar\/portal\/category\/provinciales\/\" rel=\"category tag\">Provinciales<\/a>","tag_info":"Provinciales","comment_count":"0","_links":{"self":[{"href":"https:\/\/centronoticias.com.ar\/portal\/wp-json\/wp\/v2\/posts\/6488","targetHints":{"allow":["GET"]}}],"collection":[{"href":"https:\/\/centronoticias.com.ar\/portal\/wp-json\/wp\/v2\/posts"}],"about":[{"href":"https:\/\/centronoticias.com.ar\/portal\/wp-json\/wp\/v2\/types\/post"}],"author":[{"embeddable":true,"href":"https:\/\/centronoticias.com.ar\/portal\/wp-json\/wp\/v2\/users\/3"}],"replies":[{"embeddable":true,"href":"https:\/\/centronoticias.com.ar\/portal\/wp-json\/wp\/v2\/comments?post=6488"}],"version-history":[{"count":3,"href":"https:\/\/centronoticias.com.ar\/portal\/wp-json\/wp\/v2\/posts\/6488\/revisions"}],"predecessor-version":[{"id":6495,"href":"https:\/\/centronoticias.com.ar\/portal\/wp-json\/wp\/v2\/posts\/6488\/revisions\/6495"}],"wp:featuredmedia":[{"embeddable":true,"href":"https:\/\/centronoticias.com.ar\/portal\/wp-json\/wp\/v2\/media\/6490"}],"wp:attachment":[{"href":"https:\/\/centronoticias.com.ar\/portal\/wp-json\/wp\/v2\/media?parent=6488"}],"wp:term":[{"taxonomy":"category","embeddable":true,"href":"https:\/\/centronoticias.com.ar\/portal\/wp-json\/wp\/v2\/categories?post=6488"},{"taxonomy":"post_tag","embeddable":true,"href":"https:\/\/centronoticias.com.ar\/portal\/wp-json\/wp\/v2\/tags?post=6488"}],"curies":[{"name":"wp","href":"https:\/\/api.w.org\/{rel}","templated":true}]}}