{"id":6470,"date":"2025-11-08T20:56:12","date_gmt":"2025-11-08T23:56:12","guid":{"rendered":"https:\/\/centronoticias.com.ar\/portal\/?p=6470"},"modified":"2025-11-10T08:03:59","modified_gmt":"2025-11-10T11:03:59","slug":"regional-federal-union-lucho-pero-parque-sur-se-llevo-la-victoria","status":"publish","type":"post","link":"https:\/\/centronoticias.com.ar\/portal\/regional-federal-union-lucho-pero-parque-sur-se-llevo-la-victoria\/","title":{"rendered":"Regional Federal: Uni\u00f3n luch\u00f3, pero Parque Sur se llev\u00f3 la Victoria"},"content":{"rendered":"\n<p class=\"has-medium-font-size\">Uni\u00f3n y Fraternidad sufri\u00f3 una derrota por 2 a 1 ante Parque Sur de Concepci\u00f3n del Uruguay, en un partido correspondiente a la tercera fecha de la Zona 3 del Torneo Regional Federal Amateur. El encuentro, disputado en el Polideportivo &#8220;Ricardo Santos&#8221;, vio a un Uni\u00f3n que luch\u00f3 de igual a igual, pero no logr\u00f3 concretar sus oportunidades.<\/p>\n\n\n\n<p class=\"has-medium-font-size\"><strong>Desarrollo del Partido:<\/strong><\/p>\n\n\n\n<p class=\"has-medium-font-size\">El primer tiempo mostr\u00f3 un inicio prometedor para Uni\u00f3n en los primeros 15 minutos, pero fue el equipo &#8220;Sure\u00f1o&#8221; quien logr\u00f3 ponerse en ventaja a los 18 minutos. Una escapada por izquierda de Juan Ruiz, cuyo remate cruzado peg\u00f3 en el palo, fue capitalizada por <strong>Thiago Guardia<\/strong>, quien empuj\u00f3 la pelota con el arco desguarnecido para el 1-0. A los 28 minutos, Thiago Guardia desbord\u00f3 por izquierda y lanz\u00f3 un centro que el defensor Agust\u00edn Caceres, en su intento por cerrar, desvi\u00f3 hacia su propia valla, marcando el 2-0 en contra.<\/p>\n\n\n\n<p class=\"has-medium-font-size\">Uni\u00f3n encontr\u00f3 el descuento r\u00e1pidamente a los 33 minutos. Un centro desde la derecha fue conectado de cabeza por el goleador <strong>Jorge Echenaussi<\/strong>, quien anticip\u00f3 al arquero Leandro Olivera para poner el 1-2, resultado con el que finaliz\u00f3 la primera mitad.<\/p>\n\n\n\n<p class=\"has-medium-font-size\">En el complemento, el partido fue muy parejo. La oportunidad m\u00e1s clara para Uni\u00f3n lleg\u00f3 a los 30 minutos, cuando se sancion\u00f3 un penal a favor del azulgrana. Sin embargo, el remate de <strong>Jorge Echenaussi<\/strong> se fue por encima del horizontal, perdiendo la chance de empatar. A los 45 minutos, el mismo Echenaussi tuvo otra situaci\u00f3n inmejorable, solo bajo el arco tras un cabezazo de Russo que hab\u00eda dado rebote el arquero Olivera, pero el delantero no pudo concretar.<\/p>\n\n\n\n<p class=\"has-medium-font-size\">El f\u00fatbol de Uni\u00f3n no fluy\u00f3 como se esperaba a pesar de un esfuerzo constante, y la suerte no estuvo de su lado en las jugadas clave, culminando en una derrota por 2 a 1.<\/p>\n\n\n\n<figure class=\"wp-block-image size-large\"><a href=\"https:\/\/centronoticias.com.ar\/portal\/wp-content\/uploads\/2025\/11\/Parque-Sur.jpeg\"><img decoding=\"async\" width=\"1024\" height=\"714\" src=\"https:\/\/centronoticias.com.ar\/portal\/wp-content\/uploads\/2025\/11\/Parque-Sur-1024x714.jpeg\" alt=\"\" class=\"wp-image-6480\" srcset=\"https:\/\/centronoticias.com.ar\/portal\/wp-content\/uploads\/2025\/11\/Parque-Sur-1024x714.jpeg 1024w, https:\/\/centronoticias.com.ar\/portal\/wp-content\/uploads\/2025\/11\/Parque-Sur-300x209.jpeg 300w, https:\/\/centronoticias.com.ar\/portal\/wp-content\/uploads\/2025\/11\/Parque-Sur-768x535.jpeg 768w, https:\/\/centronoticias.com.ar\/portal\/wp-content\/uploads\/2025\/11\/Parque-Sur.jpeg 1280w\" sizes=\"(max-width: 1024px) 100vw, 1024px\" \/><\/a><\/figure>\n\n\n\n<p class=\"has-medium-font-size\"><strong>Formaciones:<\/strong><\/p>\n\n\n\n<ul class=\"wp-block-list\">\n<li class=\"has-medium-font-size\"><strong>Uni\u00f3n y Fraternidad:<\/strong> Tadeo Michelloud; Franco Valenzuela, Pablo Russo, Agust\u00edn C\u00e1ceres, Juan Emparanza; Tob\u00edas Moren, Mauricio Jones, Gast\u00f3n Segovia, Alexis Mor\u00ednico; Jorge Alem y Jorge Echenaussi.\n<ul class=\"wp-block-list\">\n<li><strong>DT:<\/strong> Jorge Santos, Gustavo Su\u00e1rez, Francisco Monsalvo, <\/li>\n\n\n\n<li><strong>Suplentes:<\/strong> Santiago Castro, Juan Vidal, Walter Jacob, Axel Zabala, Ramiro G\u00e1lvez, Ceferino Joann\u00e1s, Emilio Rey.<\/li>\n<\/ul>\n<\/li>\n\n\n\n<li class=\"has-medium-font-size\"><strong>Parque Sur:<\/strong> Leandro Olivera; Dami\u00e1n Perujo, Joaqu\u00edn L\u00f3pez, Jerem\u00edas Vel\u00e1zquez, Jonathan Romero; Francisco Garcete, Tom\u00e1s L\u00f3pez, Juan Ruiz, Diego Escalada; Tom\u00e1s Valle y Thiago Guardia.\n<ul class=\"wp-block-list\">\n<li><strong>DT:<\/strong> Mart\u00edn Pinilla.<\/li>\n\n\n\n<li><strong>Suplentes:<\/strong> Alejandro Asin, Facundo Mart\u00ednez, Agust\u00edn Ben\u00edtez, Facundo Medina, Franco Ocelet, Juan Cruz Guardia, Francisco Leonetti.<\/li>\n<\/ul>\n<\/li>\n<\/ul>\n\n\n\n<figure class=\"wp-block-image size-large\"><a href=\"https:\/\/centronoticias.com.ar\/portal\/wp-content\/uploads\/2025\/11\/Mora-Concevich-Alves.jpeg\"><img decoding=\"async\" width=\"1024\" height=\"850\" src=\"https:\/\/centronoticias.com.ar\/portal\/wp-content\/uploads\/2025\/11\/Mora-Concevich-Alves-1024x850.jpeg\" alt=\"\" class=\"wp-image-6483\" srcset=\"https:\/\/centronoticias.com.ar\/portal\/wp-content\/uploads\/2025\/11\/Mora-Concevich-Alves-1024x850.jpeg 1024w, https:\/\/centronoticias.com.ar\/portal\/wp-content\/uploads\/2025\/11\/Mora-Concevich-Alves-300x249.jpeg 300w, https:\/\/centronoticias.com.ar\/portal\/wp-content\/uploads\/2025\/11\/Mora-Concevich-Alves-768x637.jpeg 768w, https:\/\/centronoticias.com.ar\/portal\/wp-content\/uploads\/2025\/11\/Mora-Concevich-Alves.jpeg 1280w\" sizes=\"(max-width: 1024px) 100vw, 1024px\" \/><\/a><\/figure>\n\n\n\n<p class=\"has-medium-font-size\"><strong>Terna Arbitral:<\/strong> V\u00edctor Mora (Concordia), Ezequiel Concevich (Concordia), Romina Alves (Concordia).<\/p>\n\n\n\n<p class=\"has-medium-font-size\">El pr\u00f3ximo domingo, Uni\u00f3n volver\u00e1 a jugar de local, en este caso ante Atl\u00e9tico Villa Elisa.<\/p>\n\n\n\n<p class=\"has-medium-font-size\">La fecha se complet\u00f3 el domingo, con la victoria de Juventud Unida de Gualeguaych\u00fa por 2 a 0 ante CAVE.<\/p>\n\n\n\n<p class=\"has-medium-font-size\"><strong>Posiciones:<\/strong><\/p>\n\n\n\n<p class=\"has-medium-font-size\">Juventud Unida 9 pts., Parque Sur 6 (0),  CAVE 3 (-2), Uni\u00f3n 0 (-5).<\/p>\n\n\n\n<p><\/p>\n","protected":false},"excerpt":{"rendered":"<p>Uni\u00f3n y Fraternidad sufri\u00f3 una derrota por 2 a 1 ante Parque Sur de Concepci\u00f3n&#8230;<\/p>\n","protected":false},"author":3,"featured_media":6476,"comment_status":"closed","ping_status":"open","sticky":false,"template":"","format":"standard","meta":{"footnotes":""},"categories":[6,21],"tags":[],"class_list":["post-6470","post","type-post","status-publish","format-standard","has-post-thumbnail","hentry","category-dep-0","category-provinciales"],"featured_image_urls":{"full":["https:\/\/centronoticias.com.ar\/portal\/wp-content\/uploads\/2025\/11\/union-08_11.jpg",1024,732,false],"thumbnail":["https:\/\/centronoticias.com.ar\/portal\/wp-content\/uploads\/2025\/11\/union-08_11-150x150.jpg",150,150,true],"medium":["https:\/\/centronoticias.com.ar\/portal\/wp-content\/uploads\/2025\/11\/union-08_11-300x214.jpg",300,214,true],"medium_large":["https:\/\/centronoticias.com.ar\/portal\/wp-content\/uploads\/2025\/11\/union-08_11-768x549.jpg",640,458,true],"large":["https:\/\/centronoticias.com.ar\/portal\/wp-content\/uploads\/2025\/11\/union-08_11.jpg",640,458,false],"1536x1536":["https:\/\/centronoticias.com.ar\/portal\/wp-content\/uploads\/2025\/11\/union-08_11.jpg",1024,732,false],"2048x2048":["https:\/\/centronoticias.com.ar\/portal\/wp-content\/uploads\/2025\/11\/union-08_11.jpg",1024,732,false],"covernews-slider-full":["https:\/\/centronoticias.com.ar\/portal\/wp-content\/uploads\/2025\/11\/union-08_11-1024x715.jpg",1024,715,true],"covernews-slider-center":["https:\/\/centronoticias.com.ar\/portal\/wp-content\/uploads\/2025\/11\/union-08_11-800x500.jpg",800,500,true],"covernews-featured":["https:\/\/centronoticias.com.ar\/portal\/wp-content\/uploads\/2025\/11\/union-08_11.jpg",1024,732,false],"covernews-medium":["https:\/\/centronoticias.com.ar\/portal\/wp-content\/uploads\/2025\/11\/union-08_11-540x340.jpg",540,340,true],"covernews-medium-square":["https:\/\/centronoticias.com.ar\/portal\/wp-content\/uploads\/2025\/11\/union-08_11-400x250.jpg",400,250,true]},"author_info":{"info":["Roberto Jourd\u00e1n"]},"category_info":"<a href=\"https:\/\/centronoticias.com.ar\/portal\/category\/dep-0\/\" rel=\"category tag\">Deportes<\/a> <a href=\"https:\/\/centronoticias.com.ar\/portal\/category\/provinciales\/\" rel=\"category tag\">Provinciales<\/a>","tag_info":"Provinciales","comment_count":"0","_links":{"self":[{"href":"https:\/\/centronoticias.com.ar\/portal\/wp-json\/wp\/v2\/posts\/6470","targetHints":{"allow":["GET"]}}],"collection":[{"href":"https:\/\/centronoticias.com.ar\/portal\/wp-json\/wp\/v2\/posts"}],"about":[{"href":"https:\/\/centronoticias.com.ar\/portal\/wp-json\/wp\/v2\/types\/post"}],"author":[{"embeddable":true,"href":"https:\/\/centronoticias.com.ar\/portal\/wp-json\/wp\/v2\/users\/3"}],"replies":[{"embeddable":true,"href":"https:\/\/centronoticias.com.ar\/portal\/wp-json\/wp\/v2\/comments?post=6470"}],"version-history":[{"count":14,"href":"https:\/\/centronoticias.com.ar\/portal\/wp-json\/wp\/v2\/posts\/6470\/revisions"}],"predecessor-version":[{"id":6501,"href":"https:\/\/centronoticias.com.ar\/portal\/wp-json\/wp\/v2\/posts\/6470\/revisions\/6501"}],"wp:featuredmedia":[{"embeddable":true,"href":"https:\/\/centronoticias.com.ar\/portal\/wp-json\/wp\/v2\/media\/6476"}],"wp:attachment":[{"href":"https:\/\/centronoticias.com.ar\/portal\/wp-json\/wp\/v2\/media?parent=6470"}],"wp:term":[{"taxonomy":"category","embeddable":true,"href":"https:\/\/centronoticias.com.ar\/portal\/wp-json\/wp\/v2\/categories?post=6470"},{"taxonomy":"post_tag","embeddable":true,"href":"https:\/\/centronoticias.com.ar\/portal\/wp-json\/wp\/v2\/tags?post=6470"}],"curies":[{"name":"wp","href":"https:\/\/api.w.org\/{rel}","templated":true}]}}