{"id":647,"date":"2025-01-30T08:49:05","date_gmt":"2025-01-30T11:49:05","guid":{"rendered":"https:\/\/centronoticias.com.ar\/portal\/?p=647"},"modified":"2025-01-30T08:54:26","modified_gmt":"2025-01-30T11:54:26","slug":"san-salvador-un-camion-engancho-y-corto-cables-de-videocable","status":"publish","type":"post","link":"https:\/\/centronoticias.com.ar\/portal\/san-salvador-un-camion-engancho-y-corto-cables-de-videocable\/","title":{"rendered":"San Salvador: Un cami\u00f3n enganch\u00f3 y cort\u00f3 cables de videocable"},"content":{"rendered":"\n<p style=\"font-size:24px\">&nbsp;En la madrugada de este jueves 30 de enero, un cami\u00f3n marca Iveco enganch\u00f3 accidentalmente el tendido de cables de videocable en la calle Manuel G\u00e1lvez al 900, provocando el corte del servicio en varios tramos de la cuadra.<\/p>\n\n\n\n<p style=\"font-size:24px\">El incidente ocurri\u00f3 alrededor de las 4:40 horas, cuando el veh\u00edculo de gran porte circulaba por la zona y, sin intenci\u00f3n alguna, atrap\u00f3 el cableado, causando los da\u00f1os.<\/p>\n\n\n\n<p style=\"font-size:24px\">Desde la Jefatura Departamental de San Salvador informaron que intentaron comunicarse con la empresa prestadora del servicio para notificar lo ocurrido, aunque no lograron establecer contacto en ese momento.<\/p>\n\n\n\n<p style=\"font-size:24px\">Mientras tanto, se dej\u00f3 un mensaje con los datos del conductor involucrado y se lo invit\u00f3 a realizar una constancia del hecho para documentar lo sucedido.<\/p>\n\n\n\n<p style=\"font-size:24px\"><\/p>\n\n\n\n<ul class=\"wp-block-list\">\n<li><\/li>\n<\/ul>\n","protected":false},"excerpt":{"rendered":"<p>&nbsp;En la madrugada de este jueves 30 de enero, un cami\u00f3n marca Iveco enganch\u00f3 accidentalmente&#8230;<\/p>\n","protected":false},"author":3,"featured_media":648,"comment_status":"closed","ping_status":"open","sticky":false,"template":"","format":"standard","meta":{"footnotes":""},"categories":[10],"tags":[],"class_list":["post-647","post","type-post","status-publish","format-standard","has-post-thumbnail","hentry","category-pol-0"],"featured_image_urls":{"full":["https:\/\/centronoticias.com.ar\/portal\/wp-content\/uploads\/2025\/01\/Cables-cortados.jpg",1600,720,false],"thumbnail":["https:\/\/centronoticias.com.ar\/portal\/wp-content\/uploads\/2025\/01\/Cables-cortados-150x150.jpg",150,150,true],"medium":["https:\/\/centronoticias.com.ar\/portal\/wp-content\/uploads\/2025\/01\/Cables-cortados-300x135.jpg",300,135,true],"medium_large":["https:\/\/centronoticias.com.ar\/portal\/wp-content\/uploads\/2025\/01\/Cables-cortados-768x346.jpg",640,288,true],"large":["https:\/\/centronoticias.com.ar\/portal\/wp-content\/uploads\/2025\/01\/Cables-cortados-1024x461.jpg",640,288,true],"1536x1536":["https:\/\/centronoticias.com.ar\/portal\/wp-content\/uploads\/2025\/01\/Cables-cortados-1536x691.jpg",1536,691,true],"2048x2048":["https:\/\/centronoticias.com.ar\/portal\/wp-content\/uploads\/2025\/01\/Cables-cortados.jpg",1600,720,false],"covernews-slider-full":["https:\/\/centronoticias.com.ar\/portal\/wp-content\/uploads\/2025\/01\/Cables-cortados-1115x715.jpg",1115,715,true],"covernews-slider-center":["https:\/\/centronoticias.com.ar\/portal\/wp-content\/uploads\/2025\/01\/Cables-cortados-800x500.jpg",800,500,true],"covernews-featured":["https:\/\/centronoticias.com.ar\/portal\/wp-content\/uploads\/2025\/01\/Cables-cortados-1024x461.jpg",1024,461,true],"covernews-medium":["https:\/\/centronoticias.com.ar\/portal\/wp-content\/uploads\/2025\/01\/Cables-cortados-540x340.jpg",540,340,true],"covernews-medium-square":["https:\/\/centronoticias.com.ar\/portal\/wp-content\/uploads\/2025\/01\/Cables-cortados-400x250.jpg",400,250,true]},"author_info":{"info":["Roberto Jourd\u00e1n"]},"category_info":"<a href=\"https:\/\/centronoticias.com.ar\/portal\/category\/pol-0\/\" rel=\"category tag\">Policiales<\/a>","tag_info":"Policiales","comment_count":"0","_links":{"self":[{"href":"https:\/\/centronoticias.com.ar\/portal\/wp-json\/wp\/v2\/posts\/647","targetHints":{"allow":["GET"]}}],"collection":[{"href":"https:\/\/centronoticias.com.ar\/portal\/wp-json\/wp\/v2\/posts"}],"about":[{"href":"https:\/\/centronoticias.com.ar\/portal\/wp-json\/wp\/v2\/types\/post"}],"author":[{"embeddable":true,"href":"https:\/\/centronoticias.com.ar\/portal\/wp-json\/wp\/v2\/users\/3"}],"replies":[{"embeddable":true,"href":"https:\/\/centronoticias.com.ar\/portal\/wp-json\/wp\/v2\/comments?post=647"}],"version-history":[{"count":2,"href":"https:\/\/centronoticias.com.ar\/portal\/wp-json\/wp\/v2\/posts\/647\/revisions"}],"predecessor-version":[{"id":650,"href":"https:\/\/centronoticias.com.ar\/portal\/wp-json\/wp\/v2\/posts\/647\/revisions\/650"}],"wp:featuredmedia":[{"embeddable":true,"href":"https:\/\/centronoticias.com.ar\/portal\/wp-json\/wp\/v2\/media\/648"}],"wp:attachment":[{"href":"https:\/\/centronoticias.com.ar\/portal\/wp-json\/wp\/v2\/media?parent=647"}],"wp:term":[{"taxonomy":"category","embeddable":true,"href":"https:\/\/centronoticias.com.ar\/portal\/wp-json\/wp\/v2\/categories?post=647"},{"taxonomy":"post_tag","embeddable":true,"href":"https:\/\/centronoticias.com.ar\/portal\/wp-json\/wp\/v2\/tags?post=647"}],"curies":[{"name":"wp","href":"https:\/\/api.w.org\/{rel}","templated":true}]}}